{"id":39609,"date":"2021-06-25T00:00:00","date_gmt":"2021-06-24T23:00:00","guid":{"rendered":"https:\/\/imagazine.it\/?p=39609"},"modified":"2021-06-25T00:00:00","modified_gmt":"2021-06-24T23:00:00","slug":"ronchi-a-paolo-berizzi-il-premio-in-memoria-di-daphne-caruana-galizia","status":"publish","type":"post","link":"https:\/\/imagazine.it\/home_desk\/ronchi-a-paolo-berizzi-il-premio-in-memoria-di-daphne-caruana-galizia\/","title":{"rendered":"Ronchi, a Paolo Berizzi il premio in Memoria di Daphne Caruana Galizia"},"content":{"rendered":"<p> \tIl giornalista <strong>Paolo Berizzi<\/strong> \u00e8 il <strong>vincitore della quarta edizione del \u201cPremio Leali delle Notizie in memoria di Daphne Caruana Galizia\u201d<\/strong>.<\/p>\n<p> \tDa quando la giornalista maltese \u00e8 stata uccisa in un attentato il 26 ottobre 2017 a causa delle sue inchieste giornalistiche svolte a Malta, l\u2019associazione Leali delle Notizie ha preso a cuore la vicenda di Daphne e ha deciso di indire un premio, in pieno accordo con la famiglia della giornalista, per ricordare tutti quei giornalisti che, come Daphne, vengono minacciati perch\u00e9 hanno il coraggio di raccontare la verit\u00e0 e di svolgere il proprio lavoro correttamente e con professionalit\u00e0. Daphne ha raccontato con le sue inchieste sul <em>Malta Indipendent<\/em> e sul suo blog <em>Running Commentary<\/em> le collusioni tra gli interessi della politica e del mondo economico e le vicende di corruzione e di criminalit\u00e0 del suo Paese.<\/p>\n<p> \t\u00ab<em>Sono molto contento in qualit\u00e0 di presidente di Leali delle Notizie della collaborazione della famiglia<\/em> \u2013 spiega <strong>Luca Perrino<\/strong> \u2013 <em>che ha sempre appoggiato la realizzazione del premio in memoria di Daphne e tutte le nostre attivit\u00e0 sulla la libert\u00e0 di stampa e di espressione<\/em>\u00bb<\/p>\n<p> \tLa prima edizione del premio era stata vinta da Federica Angeli, la seconda da Sandro Ruotolo e la terza da Fabiana Pacella.<\/p>\n<p> \tQuest\u2019anno l&#39;associazione aveva individuato cinque candidature, chiedendo ai componenti del comitato scientifico di sceglierne una. Il maggior numero di preferenze \u00e8 andato a Paolo Berizzi, senza necessit\u00e0 di intervento del direttivo di Leali delle Notizie. Il <strong>comitato scientifico<\/strong> era formato quest\u2019anno da <strong>Rossano Cattivello <\/strong>(direttore di Il Friuli), <strong>Omar Monestier <\/strong>(direttore di Il Piccolo e del Messaggero Veneto), <strong>Ester Castano <\/strong>(giornalista di La Presse), <strong>Paolo Borrometi <\/strong>(presidente di Articolo 21), <strong>Giuseppe Giulietti <\/strong>(presidente FNSI) e <strong>Cristiano Degano <\/strong>(presidente ODG FVG).<\/p>\n<p> \tLa motivazione del direttivo in merito alla candidatura di Paolo Berizzi e approvata anche dal comitato scientifico \u00e8 la seguente: \u00ab<em>Paolo Berizzi, giornalista professionista, si \u00e8 occupato di fatti di cronaca, politica e inchieste che gli sono valsi premi e riconoscimenti anche all\u2019estero. Da vent\u2019anni porta avanti un lavoro di indagine sul neofascismo e in seguito a minacce e ad atti intimidatori vive sotto scorta dal 1\u00b0 febbraio 2019, unico giornalista Europeo sotto scorta per le minacce dei nazifascisti. Da tempo per\u00f2 era gi\u00e0 entrato nel mirino di gruppi neonazisti e neofascisti per il suo lavoro di documentazione e inchiesta sulla rinascita di organizzazioni di estrema destra nel Nord Italia. Coraggioso e tenace, pur dinanzi alle minacce rivolte alla sua famiglia, Berizzi dimostra che la libert\u00e0 di stampa e di espressione vengono messe in pericolo non solo da fenomeni criminosi e organizzazioni mafiose, di cui purtroppo siamo abituati a sentire, ma anche da gruppi politici estremisti, di tutti i colori, che ritengono di possedere l&#39;assoluta verit\u00e0 e il potere di fermare la verit\u00e0 e chi la esprime. A lui va l\u2019assegnazione della quarta edizione del \u201cPremio Leali delle Notizie in memoria di Daphne Caruana Galizia\u201d per confermargli il sostegno e la condivisione in una battaglia di libert\u00e0 e di serenit\u00e0 giornalistica<\/em>\u00bb.<\/p>\n<p> \tIn occasione della settima edizione del Festival del Giornalismo, che si terr\u00e0 a<strong> Ronchi dei Legionari <\/strong>dal 7 all\u201911 settembre, e in anteprima dall\u20191 al 5 settembre, verr\u00e0 consegnato il premio al giornalista vincitore nell\u2019ultima serata del Festival, ovvero sabato 11 settembre alle 20.30.<\/p>\n<p> \tIl premio \u00e8 stato realizzato dall\u2019artista locale<strong> Fabio Rinaldi <\/strong>e verr\u00e0 consegnato da un membro della famiglia di Daphne. L\u2019iniziativa ha ottenuto l\u2019Alto Patrocinio del Parlamento Europeo e il patrocinio dell\u2019Ordine dei Giornalisti del Friuli Venezia Giulia, di Assostampa e della Federazione Nazionale della Stampa Italiana.<\/p>\n<p> \tPaolo Berizzi, nato a Bergamo nel 1972 e laureato in filosofia, \u00e8 giornalista e scrittore. Inviato speciale del quotidiano <em>La Repubblica<\/em>, dove lavora dal 2000 e dove firma la rubrica quotidiana <em>\u201cPietre\u201d<\/em>, scrive di cronaca e di politica. Si \u00e8 occupato, tra i vari temi, di lavoro nero e caporalato, devianza, criminalit\u00e0, sofisticazione alimentare, narcotraffico e terrorismo internazionale. Ha seguito alcuni dei pi\u00f9 importanti casi di cronaca italiana ed \u00e8 conosciuto soprattutto per le sue inchieste e il lavoro ventennale sul neofascismo. In seguito a minacce e atti intimidatori da parte dell\u2019ultradestra vive sotto scorta dal 1\u00b0 febbraio 2019 (attualmente unico caso di cronista in Europa).<\/p>\n<p> \tHa pubblicato: <em>Il mio piede destro<\/em> (2005, Baldini&#038;Castoldi); <em>Morte a tre euro<\/em> (2008, Baldini&#038;Castoldi); <em>Bande Nere<\/em> (2009, Bompiani); <em>La Bamba<\/em> (2013, Baldini&#038;Castoldi); <em>NazItalia<\/em> (2018, Baldini&#038;Castoldi); <em>L\u2019educazione di un fascista<\/em> (2019, Feltrinelli).<\/p>\n<p> \tHa vinto vari premi e riconoscimenti.<\/p>\n","protected":false},"excerpt":{"rendered":"<p>Promosso da Leali delle Notizie<\/p>\n","protected":false},"author":28,"featured_media":39610,"comment_status":"closed","ping_status":"closed","sticky":false,"template":"","format":"standard","meta":{"dwc-title":[],"dwc-content":[],"footnotes":""},"categories":[5],"tags":[],"class_list":["post-39609","post","type-post","status-publish","format-standard","has-post-thumbnail","hentry","category-attualita"],"rttpg_featured_image_url":{"full":["https:\/\/imagazine.it\/wp-content\/uploads\/2024\/01\/41304-1.webp",560,315,false],"landscape":["https:\/\/imagazine.it\/wp-content\/uploads\/2024\/01\/41304-1.webp",560,315,false],"portraits":["https:\/\/imagazine.it\/wp-content\/uploads\/2024\/01\/41304-1.webp",560,315,false],"thumbnail":["https:\/\/imagazine.it\/wp-content\/uploads\/2024\/01\/41304-1-150x150.webp",150,150,true],"medium":["https:\/\/imagazine.it\/wp-content\/uploads\/2024\/01\/41304-1-300x169.webp",300,169,true],"large":["https:\/\/imagazine.it\/wp-content\/uploads\/2024\/01\/41304-1.webp",560,315,false],"thumblist":["https:\/\/imagazine.it\/wp-content\/uploads\/2024\/01\/41304-1.webp",300,169,false],"thumbrelated":["https:\/\/imagazine.it\/wp-content\/uploads\/2024\/01\/41304-1.webp",500,281,false],"meccarouselthumb":["https:\/\/imagazine.it\/wp-content\/uploads\/2024\/01\/41304-1.webp",474,267,false],"gridsquare":["https:\/\/imagazine.it\/wp-content\/uploads\/2024\/01\/41304-1.webp",391,220,false],"tileview":["https:\/\/imagazine.it\/wp-content\/uploads\/2024\/01\/41304-1.webp",300,169,false],"1536x1536":["https:\/\/imagazine.it\/wp-content\/uploads\/2024\/01\/41304-1.webp",560,315,false],"2048x2048":["https:\/\/imagazine.it\/wp-content\/uploads\/2024\/01\/41304-1.webp",560,315,false],"newsup-slider-full":["https:\/\/imagazine.it\/wp-content\/uploads\/2024\/01\/41304-1.webp",560,315,false],"newsup-featured":["https:\/\/imagazine.it\/wp-content\/uploads\/2024\/01\/41304-1.webp",560,315,false],"newsup-medium":["https:\/\/imagazine.it\/wp-content\/uploads\/2024\/01\/41304-1.webp",560,315,false],"tptn_thumbnail":["https:\/\/imagazine.it\/wp-content\/uploads\/2024\/01\/41304-1.webp",250,141,false],"sow-carousel-default":["https:\/\/imagazine.it\/wp-content\/uploads\/2024\/01\/41304-1-272x182.webp",272,182,true]},"rttpg_author":{"display_name":"redazione","author_link":"https:\/\/imagazine.it\/home_desk\/author\/redazione\/"},"rttpg_comment":0,"rttpg_category":"<a href=\"https:\/\/imagazine.it\/home_desk\/category\/attualita\/\" rel=\"category tag\">ATTUALIT\u00c0<\/a>","rttpg_excerpt":"Promosso da Leali delle Notizie","_links":{"self":[{"href":"https:\/\/imagazine.it\/home_desk\/wp-json\/wp\/v2\/posts\/39609","targetHints":{"allow":["GET"]}}],"collection":[{"href":"https:\/\/imagazine.it\/home_desk\/wp-json\/wp\/v2\/posts"}],"about":[{"href":"https:\/\/imagazine.it\/home_desk\/wp-json\/wp\/v2\/types\/post"}],"author":[{"embeddable":true,"href":"https:\/\/imagazine.it\/home_desk\/wp-json\/wp\/v2\/users\/28"}],"replies":[{"embeddable":true,"href":"https:\/\/imagazine.it\/home_desk\/wp-json\/wp\/v2\/comments?post=39609"}],"version-history":[{"count":0,"href":"https:\/\/imagazine.it\/home_desk\/wp-json\/wp\/v2\/posts\/39609\/revisions"}],"wp:featuredmedia":[{"embeddable":true,"href":"https:\/\/imagazine.it\/home_desk\/wp-json\/wp\/v2\/media\/39610"}],"wp:attachment":[{"href":"https:\/\/imagazine.it\/home_desk\/wp-json\/wp\/v2\/media?parent=39609"}],"wp:term":[{"taxonomy":"category","embeddable":true,"href":"https:\/\/imagazine.it\/home_desk\/wp-json\/wp\/v2\/categories?post=39609"},{"taxonomy":"post_tag","embeddable":true,"href":"https:\/\/imagazine.it\/home_desk\/wp-json\/wp\/v2\/tags?post=39609"}],"curies":[{"name":"wp","href":"https:\/\/api.w.org\/{rel}","templated":true}]}}