{"id":39601,"date":"2021-06-25T00:00:00","date_gmt":"2021-06-24T23:00:00","guid":{"rendered":"https:\/\/imagazine.it\/?p=39601"},"modified":"2021-06-25T00:00:00","modified_gmt":"2021-06-24T23:00:00","slug":"da-trieste-a-parenzo-nuovo-servizio-bicibus-transfrontaliero","status":"publish","type":"post","link":"https:\/\/imagazine.it\/home_desk\/da-trieste-a-parenzo-nuovo-servizio-bicibus-transfrontaliero\/","title":{"rendered":"Da Trieste a Parenzo, nuovo servizio bici&#038;bus transfrontaliero"},"content":{"rendered":"<p> \tLa Regione Friuli Venezia Giulia ha organizzato l&#39;avvio di un servizio &#8220;sperimentale&#8221; di trasporto passeggeri con annesso carrello portabici tra le localit\u00e0 di Trieste e Parenzo nel corso dell&#39;estate: il servizio gratuito partir\u00e0 il 2 luglio e sar\u00e0 attivo tutti i weekend da venerd\u00ec a domenica fino al 2 ottobre 2021.<\/p>\n<p> \tIl collegamento bus con carrello portabici connetter\u00e0 Trieste e Parenzo con due corse giornaliere, la prima con partenza alle ore 9 dall&#39;autostazione di Trieste e la seconda di rientro da Parenzo alle ore 18. Trattandosi di un&#39;azione sperimentale ai fruitori del bus verr\u00e0 distribuito un questionario di gradimento che servir\u00e0 agli uffici regionali per monitorare la qualit\u00e0 del servizio offerto al fine di programmare eventuali migliorie.<\/p>\n<p> \t&#8220;La Regione continua a sostenere e a valorizzare la mobilit\u00e0 sostenibile &#8211; afferma l&#39;assessore ai Trasporti <strong>Graziano Pizzimenti<\/strong> &#8211; nel trasporto bici-bus, promuovendo anche questo servizio sperimentale tra Trieste e Parenzo. In questo modo la nostra Regione si conferma nel ruolo ponte tra la regione Balcanica e l&#39;Europa continentale. \u00c8 una prospettiva concreta che unisce i patrimoni culturali dei due Paesi transfrontalieri attraverso la mobilit\u00e0 ciclistica che questo servizio aiuter\u00e0 a sviluppare&#8221;.<\/p>\n<p> \tGrazie ai fondi messi a disposizione dal progetto Icarus, finanziato dal Programma Interreg VA Italia-Croazia, la direzione centrale Infrastrutture e territorio, partner del progetto, ha deciso di sperimentare l&#39;avvio del servizio che possa consentire ai ciclisti di spostarsi tra le ciclovie regionali e la ciclovia parenzana; l&#39;obiettivo \u00e8 garantire soluzioni concrete che favoriscano l&#39;aumento dell&#39;offerta di collegamenti intermodali transfrontalieri e il miglioramento dei collegamenti multimodali sostenibili, quali le combinazioni bici-bus.<\/p>\n<p> \tIl servizio sperimentale doveva partire nel corso della primavera 2020, ma era stato bloccato dalla situazione sanitaria e rinviato a data da definirsi.<\/p>\n<p> \t&#8220;Ora che siamo finalmente liberi di muoverci e di attraversare i confini nazionali, sempre nel rispetto delle normative Covid in vigore, sar\u00e0 finalmente possibile &#8211; aggiunge Pizzimenti &#8211; sperimentare il nuovo percorso messo a disposizione dei ciclisti che vorranno prenotarsi al sito web <u><a href=\"http:\/\/www.dorlandobus.it\/progetto-icarus\" target=\"_blank\" rel=\"noopener\"><span style=\"color:#0000ff;\">http:\/\/www.dorlandobus.it\/progetto-icarus<\/span><\/a><\/u>, messo a disposizione dalla ditta D&#39;Orlando srl, incaricata dalla Regione a svolgere il servizio bici&#038;bus a seguito di procedura di gara&#8221;.<\/p>\n<p> \tSempre nell&#39;ambito del progetto Icarus, la Regione ha finanziato le rampe per bicilette posizionate nelle stazioni ferroviarie da Udine a Ugovizza-Valbruna a favore dei cicloturisti che sempre pi\u00f9 numerosi percorrono la ciclovia AlpeAdria, contribuendo con entrambe le azioni pilota a promuovere la strategia del progetto per la promozione di collegamenti intermodali nella Regione Adriatico Ionica con l&#39;obiettivo di migliorare i collegamenti di trasporto intermodale passeggeri e facilitare l&#39;accessibilit\u00e0 sostenibile tra la costa e l&#39;entroterra e promuovere stili di vita indipendenti dall&#39;automobile.<\/p>\n","protected":false},"excerpt":{"rendered":"<p>A partire dal 2 luglio<\/p>\n","protected":false},"author":28,"featured_media":39602,"comment_status":"closed","ping_status":"closed","sticky":false,"template":"","format":"standard","meta":{"dwc-title":[],"dwc-content":[],"footnotes":""},"categories":[8],"tags":[],"class_list":["post-39601","post","type-post","status-publish","format-standard","has-post-thumbnail","hentry","category-turismo"],"rttpg_featured_image_url":{"full":["https:\/\/imagazine.it\/wp-content\/uploads\/2024\/01\/41294-1.webp",1000,667,false],"landscape":["https:\/\/imagazine.it\/wp-content\/uploads\/2024\/01\/41294-1.webp",1000,667,false],"portraits":["https:\/\/imagazine.it\/wp-content\/uploads\/2024\/01\/41294-1.webp",1000,667,false],"thumbnail":["https:\/\/imagazine.it\/wp-content\/uploads\/2024\/01\/41294-1-150x150.webp",150,150,true],"medium":["https:\/\/imagazine.it\/wp-content\/uploads\/2024\/01\/41294-1-300x200.webp",300,200,true],"large":["https:\/\/imagazine.it\/wp-content\/uploads\/2024\/01\/41294-1.webp",640,427,false],"thumblist":["https:\/\/imagazine.it\/wp-content\/uploads\/2024\/01\/41294-1.webp",300,200,false],"thumbrelated":["https:\/\/imagazine.it\/wp-content\/uploads\/2024\/01\/41294-1.webp",500,334,false],"meccarouselthumb":["https:\/\/imagazine.it\/wp-content\/uploads\/2024\/01\/41294-1.webp",474,316,false],"gridsquare":["https:\/\/imagazine.it\/wp-content\/uploads\/2024\/01\/41294-1.webp",391,260,false],"tileview":["https:\/\/imagazine.it\/wp-content\/uploads\/2024\/01\/41294-1.webp",300,200,false],"1536x1536":["https:\/\/imagazine.it\/wp-content\/uploads\/2024\/01\/41294-1.webp",1000,667,false],"2048x2048":["https:\/\/imagazine.it\/wp-content\/uploads\/2024\/01\/41294-1.webp",1000,667,false],"newsup-slider-full":["https:\/\/imagazine.it\/wp-content\/uploads\/2024\/01\/41294-1.webp",1000,667,false],"newsup-featured":["https:\/\/imagazine.it\/wp-content\/uploads\/2024\/01\/41294-1.webp",1000,667,false],"newsup-medium":["https:\/\/imagazine.it\/wp-content\/uploads\/2024\/01\/41294-1-720x380.webp",720,380,true],"tptn_thumbnail":["https:\/\/imagazine.it\/wp-content\/uploads\/2024\/01\/41294-1.webp",250,167,false],"sow-carousel-default":["https:\/\/imagazine.it\/wp-content\/uploads\/2024\/01\/41294-1-272x182.webp",272,182,true]},"rttpg_author":{"display_name":"redazione","author_link":"https:\/\/imagazine.it\/home_desk\/author\/redazione\/"},"rttpg_comment":0,"rttpg_category":"<a href=\"https:\/\/imagazine.it\/home_desk\/category\/turismo\/\" rel=\"category tag\">TURISMO<\/a>","rttpg_excerpt":"A partire dal 2 luglio","_links":{"self":[{"href":"https:\/\/imagazine.it\/home_desk\/wp-json\/wp\/v2\/posts\/39601","targetHints":{"allow":["GET"]}}],"collection":[{"href":"https:\/\/imagazine.it\/home_desk\/wp-json\/wp\/v2\/posts"}],"about":[{"href":"https:\/\/imagazine.it\/home_desk\/wp-json\/wp\/v2\/types\/post"}],"author":[{"embeddable":true,"href":"https:\/\/imagazine.it\/home_desk\/wp-json\/wp\/v2\/users\/28"}],"replies":[{"embeddable":true,"href":"https:\/\/imagazine.it\/home_desk\/wp-json\/wp\/v2\/comments?post=39601"}],"version-history":[{"count":0,"href":"https:\/\/imagazine.it\/home_desk\/wp-json\/wp\/v2\/posts\/39601\/revisions"}],"wp:featuredmedia":[{"embeddable":true,"href":"https:\/\/imagazine.it\/home_desk\/wp-json\/wp\/v2\/media\/39602"}],"wp:attachment":[{"href":"https:\/\/imagazine.it\/home_desk\/wp-json\/wp\/v2\/media?parent=39601"}],"wp:term":[{"taxonomy":"category","embeddable":true,"href":"https:\/\/imagazine.it\/home_desk\/wp-json\/wp\/v2\/categories?post=39601"},{"taxonomy":"post_tag","embeddable":true,"href":"https:\/\/imagazine.it\/home_desk\/wp-json\/wp\/v2\/tags?post=39601"}],"curies":[{"name":"wp","href":"https:\/\/api.w.org\/{rel}","templated":true}]}}