{"id":39591,"date":"2021-06-24T00:00:00","date_gmt":"2021-06-23T23:00:00","guid":{"rendered":"https:\/\/imagazine.it\/?p=39591"},"modified":"2021-06-24T00:00:00","modified_gmt":"2021-06-23T23:00:00","slug":"note-arte-e-storia-nel-segno-di-dante","status":"publish","type":"post","link":"https:\/\/imagazine.it\/home_desk\/note-arte-e-storia-nel-segno-di-dante\/","title":{"rendered":"Note, arte e storia nel segno di Dante"},"content":{"rendered":"<p> \tDalla cripta della Basilica romanica di <strong>Aquileia<\/strong> alle sale del Museo archeologico nazionale di <strong>Cividale<\/strong> <strong>del Friuli<\/strong>. Dalle cantine dal sapore antico dove, a <strong>Oslavia<\/strong>, il vino riposa in anfore caucasiche, fino al fascino barocco del Duomo di <strong>Latisana<\/strong>. O, ancora, tra le pagine dei uno dei pi\u00f9 antichi manoscritti al mondo della Divina Commedia conservato nella Biblioteca Guarneriana di <strong>San Daniele<\/strong> o nei palazzi dell&#39;antica nobilt\u00e0 di <strong>Trieste<\/strong> e <strong>Gorizia<\/strong>.<\/p>\n<p> \tLuoghi magici che faranno da cornice ad altrettanto affascinanti note proposte da <strong>Musica Cortese<\/strong>, il festival internazionale di musica antica nei centri storici del Friuli Venezia Giulia che, dal lontano 1988, ha abituato il suo pubblico all&#39;incontro tra la seduzione di musiche d&#39;altri tempi e la suggestione trasmessa da cornici scenografiche insolite, spesso ancora poco conosciute all&#39;insegna del <strong>connubio tra storia, musica, arte e turismo.<\/strong><\/p>\n<p> \tIl programma di Musica Cortese, messo a punto dall&#39;associazione <strong>Dramsam<\/strong>, \u00e8 stato illustrato oggi nella sede udinese della Regione alla presenza dell&#39;assessore alla Cultura, <strong>Tiziana Gibelli<\/strong>, del direttore artistico della rassegna, <strong>Fabio Accurso<\/strong>, e dalla curatrice nonch\u00e9 presidente di Dramsam, <strong>Alessandra Cossi<\/strong>.<\/p>\n<p> \tIl festival, in programma con i suoi <strong>14 appuntamenti dal 27 giugno all&#39;8 ottobre<\/strong>, presenter\u00e0 repertori coevi all\u2019arco biografico del Sommo Poeta eseguiti da ensemble o solisti chiamati in Friuli Venezia Giulia dall&#39;Italia e dal resto d&#39;Europa, ma anche incontri, dialoghi e spettacoli. Da qui il nome dato all&#39;edizione 2021, \u201c<strong>Cantando come donna innamorata, la musica al tempo di Dante<\/strong>\u201d.<\/p>\n<p> \t\u00abL\u2019edizione 2021 del festival \u2013 ha spiegato Accurso \u2013 sar\u00e0 quasi interamente dedicata al settimo centenario dantesco, di cui troverete <strong>puntuali coincidenze<\/strong> nei programmi di concerto proposti, e cos\u00ec come non smettiamo di stupirci per la capacit\u00e0 di Dante di sollecitare la nostra stanca immaginazione, abbiamo fiducia che la musica medievale continuer\u00e0 a stupirci per la sua capacit\u00e0 di essere attuale pur essendo cos\u00ec antica\u00bb.<\/p>\n<p> \t\u00abSe del Rinascimento parlano tutti e bene \u2013 ha commentato Gibelli \u2013, del Medioevo ne parlano in pochi e male. Eppure \u00e8 stato un periodo importante e affascinante della nostra storia. <strong>Questo festival, promuovendo la musica antica, svolge un lavoro importante, prezioso e filologico<\/strong> di quel periodo. Mi auguro che a quello gi\u00e0 fidelizzato si aggiunga del pubblico nuovo perch\u00e9 possa scoprire queste bellezze, non solo musicali, ma anche storico-architettoniche della nostra regione\u00bb. Soffermandosi sulla questione dei contributi pubblici al mondo della cultura in generale, l&#39;assessore ha poi invitato a \u00ab<strong>far sempre pi\u00f9 uso dell&#39;Art Bonus<\/strong>. Perch\u00e9 \u2013 ha detto \u2013, per come stanno andando le cose, \u00e8 purtroppo scontato che la spesa pubblica avr\u00e0 sempre pi\u00f9, nei prossimi anni, la tendenza a comprimere i finanziamenti per le attivit\u00e0 social ricreative e l&#39;Art Bonus \u00e8 lo strumento che, in prospettiva, potr\u00e0 fungere da salvagente economico per molte realt\u00e0 culturali, e non solo\u00bb.<\/p>\n<p> \tTutti gli appuntamenti saranno a <strong>ingresso gratuito, ma con prenotazione obbligatoria<\/strong>. Al numero ridotto di spettatori, legato all\u2019applicazione dei protocolli di sicurezza da Covid-19, verr\u00e0 posto rimedio attraverso la modalit\u00e0 di fruizione della \u201cdiretta differita\u201d. <strong>Ogni concerto ed evento del festival, infatti, verr\u00e0 registrato professionalmente in multi-cam <\/strong>con l\u2019obbiettivo di offrire a chi assister\u00e0 \u201cin differita\u201d una visione e un ascolto quanto pi\u00f9 possibile fedele a quello dal vivo. L\u2019accesso agli eventi in presenza sar\u00e0 contingentato e condizionato alla prenotazione da inviare alla mail dramsamcgma@gmail.com. \u00c8 consigliabile comunque consultare il sito www.dramsam.org per eventuali modifiche relative alle modalit\u00e0 di prenotazione. Per assistere ai concerti sar\u00e0 infine obbligatorio avere al seguito la propria mascherina.<\/p>\n<p> \tIl viaggio di Musica Cortese parte gi\u00e0 questa domenica (<strong>27 giugno) a Latisana<\/strong>. Dopo una visita guidata al Duomo (20.15) sar\u00e0 proposto dall&#39;Ensemble Dramsam il concerto \u201cLaudar voglio per amore\u201d, impreziosito dalle letture offerte da <strong>Massimo Somaglino<\/strong> e la prolusione di Riccardo Drusi dell&#39;universit\u00e0 Ca&#39; Foscari di Venezia.<\/p>\n<p> \tTre le proposte eccezionali per questa edizione troviamo, <strong>domenica 11 luglio, Angelo Floramo<\/strong> pronto a guidare il pubblico in un viaggio letterario musicale alla scoperta della copia manoscritta dell&#39;Inferno della Divina Commedia conservata nella Biblioteca Guarnieriana, <strong>una delle pi\u00f9 antiche al mondo<\/strong>. Ad accompagnare il racconto dello scrittore, studioso e saggista friulano, sar\u00e0 l&#39;Ensemble Dramsam, impegnato in repertori in uso tra Duecento e Trecento.<\/p>\n<p> \t<strong>Il 23 luglio<\/strong> nella nuova sede appena restaurata e restituita alla comunit\u00e0 slovena del <strong>Trgovski Dom di Gorizia<\/strong>, sar\u00e0 presentato \u201c1921 &#8211; 2021: <strong>un Dante di frontiera<\/strong>&#8220;, progetto di ristampa di un libro bilingue edito a Gorizia e Lubiana nel 1921 per i 600 anni dalla morte di Dante, con gli scritti dei maggiori linguisti del tempo, da Croce a Debenac. Una serata in cui protagonista non sar\u00e0 per una volta la musica, ma le riflessioni e i racconti di Nunzio Ruggiero, professore di Letteratura italiana contemporanea dipartimento di Scienze umanistiche Universit\u00e0 Suor Orsola Benincasa di Napoli e Martina O\u017ebot, professore di Linguistica italiana dipartimento di Lingue e letterature romanze dell&#39;universit\u00e0 di Lubiana (Slovenia).<\/p>\n<p> \tParticolarmente suggestivo, poi, l&#39;appuntamento proposto il <strong>17 agosto alle Cantine Gravner di Oslavia (Gorizia)<\/strong> per un binomio che unir\u00e0 la musica polifonica con il <strong>vino della Georgia, patrimonio Unesco dell&#39;umanit\u00e0<\/strong>. Nell&#39;azienda vitivinicola <strong>Gravner<\/strong>, sul Collio goriziano, andr\u00e0 in scena un evento unico nel suo genere, la visita guidata alle cantine per la produzione del vino in &#8220;qvevri&#8221;, le gigantesche anfore interrate che per secoli, e ancora oggi, costituiscono la metodica di vinificazione georgiana &#8220;per macerazione&#8221;. L&#39;azienda vitivinicola Gravner \u00e8 stata la prima in Europa ad importare dal Caucaso questa tipologia di vinificazione. Il gruppo vocale &#8220;Adilei&#8221; (Tblisi\/Georgia) eseguir\u00e0 un concerto di <strong>brani polifonici sacri e profani<\/strong> tratti dal repertorio vivo ancora oggi e che risale al IV\u00b0 secolo. Immancabile il brindisi finale con il vino georgiano, prezioso anche perch\u00e9 per giungere a maturazione impiega ben sette anni. <strong>Saranno presenti all&#39;evento gli ambasciatori della Georgia a Roma e Lubiana<\/strong>.<\/p>\n<p> \t<strong>Molti gli appuntamenti in programma<\/strong> e altrettanti gli ospiti di Musica Cortese. Il 1\u00b0 luglio \u00e8 in calendario a <strong>palazzo Lanteri di Gorizia<\/strong> una visita guidata ai Giardini e, a seguire, il concerto dell&#39;ensemble \u201cCentotrecento\u201d. Al termine, appuntamento irrinunciabile per molte serate, il buffet storico a cura dell&#39;Accademia \u201cJaufr\u00e8 Rudel\u201d. Su \u201cDante e la nostra lingua\u201d si soffermer\u00e0, il 2 luglio a <strong>palazzo Gopcevich a Trieste<\/strong>, il noto linguista Daniele Baglioni. La <strong>Basilica di Aquileia e gli affreschi della sua Cripta<\/strong> faranno da cornice, invece, il 15 luglio, al concerto \u201cFabulae crucis et sepulchri\u201d, una visita sonorizzata a questo patrimonio dell&#39;umanit\u00e0 offerto dalla Schola Aquileiensis. Puntata a <strong>Palazzo Torriani di Gradisca d&#39;Isonzo<\/strong>, il 17 luglio, per uno spettacolo di danza storica liberamente ispirato al percorso simbolico dell&#39;opera di Dante proposto dalla Compagnia del Bontempo su musiche dell&#39;Ensemble Dramsam e con la prolusione di Riccardo Drusi dell&#39;universit\u00e0 Ca&#39; Foscari di Venezia. Ancora Aquileia, stavolta al <strong>Museo Paleocristiano di Monastero di Aquileia<\/strong>, sabato 24 luglio, per \u201cL&#39;armonia delle sfere\u201d, progetto trasversale in cui tradizioni musicali diverse si combinano con paesaggi sonori che esplorano spazio e tempo. Graditissimo ospite, domenica 1 agosto alla <strong>Cappella di Sant&#39;Antonio a Palazzo Lantieri a Gorizia<\/strong>, sar\u00e0 il flautista tedesco Norbert Rodenkirchen, conosciuto soprattutto per il suo programma \u201cHameln anno 1284 \/ Musica per flauto medievale &#8211; Sulle tracce del pifferaio magico\u201d.<\/p>\n<p> \tIl 5 agosto far\u00e0 da sfondo all&#39;ensemble \u201cLa manticora\u201d il <strong>Museo archeologico nazionale di Cividale<\/strong> del Friuli. Un percorso attraverso l\u2019Ars Antiqua, la polifonia primitiva e le monodie duecentesche, alla ricerca del gusto e dell\u2019estetica medievale sar\u00e0 il tema attorno al quale ruoter\u00e0 la serata del 12 agosto al <strong>Museo archeologico nazionale di Aquileia<\/strong> con il concerto \u201cInfernum, terra, caleum\u201d. Salto ad ottobre, infine, per gli ultimi due appuntamenti, il 1\u00b0 a <strong>Villa Vipol\u017ee a Dobrovo in Slovenia<\/strong> \u201cSulle tracce di Dante: canzoni medioevali 1300-1400\u201d e l&#39;8 ottobre a <strong>palazzo Lantieri a Gorizia<\/strong> \u201cIn vino veritas\u201d, un viaggio dai Carmina Burana ai canzonieri per \u201cscoprire\u201d il vino nella musica medioevale (al termine buffet storico).<\/p>\n","protected":false},"excerpt":{"rendered":"<p>Presentata &#8220;Musica Cortese&#8221;<\/p>\n","protected":false},"author":28,"featured_media":39592,"comment_status":"closed","ping_status":"closed","sticky":false,"template":"","format":"standard","meta":{"dwc-title":[],"dwc-content":[],"footnotes":""},"categories":[37],"tags":[],"class_list":["post-39591","post","type-post","status-publish","format-standard","has-post-thumbnail","hentry","category-cultura-e-spettacolo"],"rttpg_featured_image_url":{"full":["https:\/\/imagazine.it\/wp-content\/uploads\/2024\/01\/41282-1.webp",1400,788,false],"landscape":["https:\/\/imagazine.it\/wp-content\/uploads\/2024\/01\/41282-1.webp",1400,788,false],"portraits":["https:\/\/imagazine.it\/wp-content\/uploads\/2024\/01\/41282-1.webp",1400,788,false],"thumbnail":["https:\/\/imagazine.it\/wp-content\/uploads\/2024\/01\/41282-1-150x150.webp",150,150,true],"medium":["https:\/\/imagazine.it\/wp-content\/uploads\/2024\/01\/41282-1-300x169.webp",300,169,true],"large":["https:\/\/imagazine.it\/wp-content\/uploads\/2024\/01\/41282-1-1024x576.webp",640,360,true],"thumblist":["https:\/\/imagazine.it\/wp-content\/uploads\/2024\/01\/41282-1.webp",300,169,false],"thumbrelated":["https:\/\/imagazine.it\/wp-content\/uploads\/2024\/01\/41282-1.webp",500,281,false],"meccarouselthumb":["https:\/\/imagazine.it\/wp-content\/uploads\/2024\/01\/41282-1.webp",474,267,false],"gridsquare":["https:\/\/imagazine.it\/wp-content\/uploads\/2024\/01\/41282-1.webp",391,220,false],"tileview":["https:\/\/imagazine.it\/wp-content\/uploads\/2024\/01\/41282-1.webp",300,169,false],"1536x1536":["https:\/\/imagazine.it\/wp-content\/uploads\/2024\/01\/41282-1.webp",1400,788,false],"2048x2048":["https:\/\/imagazine.it\/wp-content\/uploads\/2024\/01\/41282-1.webp",1400,788,false],"newsup-slider-full":["https:\/\/imagazine.it\/wp-content\/uploads\/2024\/01\/41282-1-1280x720.webp",1280,720,true],"newsup-featured":["https:\/\/imagazine.it\/wp-content\/uploads\/2024\/01\/41282-1-1024x576.webp",1024,576,true],"newsup-medium":["https:\/\/imagazine.it\/wp-content\/uploads\/2024\/01\/41282-1-720x380.webp",720,380,true],"tptn_thumbnail":["https:\/\/imagazine.it\/wp-content\/uploads\/2024\/01\/41282-1.webp",250,141,false],"sow-carousel-default":["https:\/\/imagazine.it\/wp-content\/uploads\/2024\/01\/41282-1-272x182.webp",272,182,true]},"rttpg_author":{"display_name":"redazione","author_link":"https:\/\/imagazine.it\/home_desk\/author\/redazione\/"},"rttpg_comment":0,"rttpg_category":"<a href=\"https:\/\/imagazine.it\/home_desk\/category\/cultura-e-spettacolo\/\" rel=\"category tag\">CULTURA&amp;SPETTACOLO<\/a>","rttpg_excerpt":"Presentata \"Musica Cortese\"","_links":{"self":[{"href":"https:\/\/imagazine.it\/home_desk\/wp-json\/wp\/v2\/posts\/39591","targetHints":{"allow":["GET"]}}],"collection":[{"href":"https:\/\/imagazine.it\/home_desk\/wp-json\/wp\/v2\/posts"}],"about":[{"href":"https:\/\/imagazine.it\/home_desk\/wp-json\/wp\/v2\/types\/post"}],"author":[{"embeddable":true,"href":"https:\/\/imagazine.it\/home_desk\/wp-json\/wp\/v2\/users\/28"}],"replies":[{"embeddable":true,"href":"https:\/\/imagazine.it\/home_desk\/wp-json\/wp\/v2\/comments?post=39591"}],"version-history":[{"count":0,"href":"https:\/\/imagazine.it\/home_desk\/wp-json\/wp\/v2\/posts\/39591\/revisions"}],"wp:featuredmedia":[{"embeddable":true,"href":"https:\/\/imagazine.it\/home_desk\/wp-json\/wp\/v2\/media\/39592"}],"wp:attachment":[{"href":"https:\/\/imagazine.it\/home_desk\/wp-json\/wp\/v2\/media?parent=39591"}],"wp:term":[{"taxonomy":"category","embeddable":true,"href":"https:\/\/imagazine.it\/home_desk\/wp-json\/wp\/v2\/categories?post=39591"},{"taxonomy":"post_tag","embeddable":true,"href":"https:\/\/imagazine.it\/home_desk\/wp-json\/wp\/v2\/tags?post=39591"}],"curies":[{"name":"wp","href":"https:\/\/api.w.org\/{rel}","templated":true}]}}