{"id":39583,"date":"2021-06-24T00:00:00","date_gmt":"2021-06-23T23:00:00","guid":{"rendered":"https:\/\/imagazine.it\/?p=39583"},"modified":"2021-06-24T00:00:00","modified_gmt":"2021-06-23T23:00:00","slug":"gradisca-prorogate-fino-ad-agosto-le-mostre-alla-spazzapan","status":"publish","type":"post","link":"https:\/\/imagazine.it\/home_desk\/gradisca-prorogate-fino-ad-agosto-le-mostre-alla-spazzapan\/","title":{"rendered":"Gradisca, prorogate fino ad agosto le mostre alla Spazzapan"},"content":{"rendered":"<p> \tRimarranno aperte fino a domenica 29 agosto le mostre \u201c<u><a href=\"http:\/\/www.imagazine.it\/eventi\/gorizia-gradisca-d-isonzo-lojze-spacal-e-nicola-toffolini\" target=\"_blank\" rel=\"noopener\"><span style=\"color:#0000ff;\">Sconfinaments. Lojze Spacal e Nicola Toffolini. Incanto\/Disincanto. Paesaggi metaforici dell&#39;antropocene<\/span><\/a><\/u>\u201d e \u201c<u><a href=\"http:\/\/www.imagazine.it\/eventi\/36167\" target=\"_blank\" rel=\"noopener\"><span style=\"color:#0000ff;\">La San Marco. Cent\u2019anni di design per il caff\u00e8<\/span><\/a><\/u>\u201d, ospitate nelle sale della <strong>Galleria Regionale d\u2019Arte contemporanea Luigi Spazzapan<\/strong> di <strong>Gradisca d\u2019Isonzo<\/strong>.<\/p>\n<p> \tGli orari rimarranno invariati, dal mercoled\u00ec alla domenica dalle ore 10 alle ore 13 e dalle ore 15 alle ore 19. Ultimo ingresso mezz\u2019ora prima della chiusura.<\/p>\n<p> \tLa visita alle mostre avverr\u00e0 nel rispetto delle misure di prevenzione COVID-19. Il numero massimo di ingressi \u00e8 limitato. \u00c8 possibile prenotare l\u2019ingresso:\u00a00481\/960816;\u00a0<a href=\"mailto:galleriaspazzapan@regione.fvg.it\" target=\"_blank\" rel=\"noopener\">galleriaspazzapan@regione.fvg.<wbr \/>it<\/a>; Facebook @galleriaspazzapan; Instagram @galleriaspazzapan<\/p>\n","protected":false},"excerpt":{"rendered":"<p>La conferma dell&#8217;ERPAC<\/p>\n","protected":false},"author":28,"featured_media":39584,"comment_status":"closed","ping_status":"closed","sticky":false,"template":"","format":"standard","meta":{"dwc-title":[],"dwc-content":[],"footnotes":""},"categories":[37],"tags":[],"class_list":["post-39583","post","type-post","status-publish","format-standard","has-post-thumbnail","hentry","category-cultura-e-spettacolo"],"rttpg_featured_image_url":{"full":["https:\/\/imagazine.it\/wp-content\/uploads\/2024\/01\/41268-1.webp",1024,768,false],"landscape":["https:\/\/imagazine.it\/wp-content\/uploads\/2024\/01\/41268-1.webp",1024,768,false],"portraits":["https:\/\/imagazine.it\/wp-content\/uploads\/2024\/01\/41268-1.webp",1024,768,false],"thumbnail":["https:\/\/imagazine.it\/wp-content\/uploads\/2024\/01\/41268-1-150x150.webp",150,150,true],"medium":["https:\/\/imagazine.it\/wp-content\/uploads\/2024\/01\/41268-1-300x225.webp",300,225,true],"large":["https:\/\/imagazine.it\/wp-content\/uploads\/2024\/01\/41268-1.webp",640,480,false],"thumblist":["https:\/\/imagazine.it\/wp-content\/uploads\/2024\/01\/41268-1.webp",300,225,false],"thumbrelated":["https:\/\/imagazine.it\/wp-content\/uploads\/2024\/01\/41268-1.webp",500,375,false],"meccarouselthumb":["https:\/\/imagazine.it\/wp-content\/uploads\/2024\/01\/41268-1.webp",432,324,false],"gridsquare":["https:\/\/imagazine.it\/wp-content\/uploads\/2024\/01\/41268-1.webp",347,260,false],"tileview":["https:\/\/imagazine.it\/wp-content\/uploads\/2024\/01\/41268-1.webp",300,225,false],"1536x1536":["https:\/\/imagazine.it\/wp-content\/uploads\/2024\/01\/41268-1.webp",1024,768,false],"2048x2048":["https:\/\/imagazine.it\/wp-content\/uploads\/2024\/01\/41268-1.webp",1024,768,false],"newsup-slider-full":["https:\/\/imagazine.it\/wp-content\/uploads\/2024\/01\/41268-1-1024x720.webp",1024,720,true],"newsup-featured":["https:\/\/imagazine.it\/wp-content\/uploads\/2024\/01\/41268-1.webp",1024,768,false],"newsup-medium":["https:\/\/imagazine.it\/wp-content\/uploads\/2024\/01\/41268-1-720x380.webp",720,380,true],"tptn_thumbnail":["https:\/\/imagazine.it\/wp-content\/uploads\/2024\/01\/41268-1.webp",250,188,false],"sow-carousel-default":["https:\/\/imagazine.it\/wp-content\/uploads\/2024\/01\/41268-1-272x182.webp",272,182,true]},"rttpg_author":{"display_name":"redazione","author_link":"https:\/\/imagazine.it\/home_desk\/author\/redazione\/"},"rttpg_comment":0,"rttpg_category":"<a href=\"https:\/\/imagazine.it\/home_desk\/category\/cultura-e-spettacolo\/\" rel=\"category tag\">CULTURA&amp;SPETTACOLO<\/a>","rttpg_excerpt":"La conferma dell'ERPAC","_links":{"self":[{"href":"https:\/\/imagazine.it\/home_desk\/wp-json\/wp\/v2\/posts\/39583","targetHints":{"allow":["GET"]}}],"collection":[{"href":"https:\/\/imagazine.it\/home_desk\/wp-json\/wp\/v2\/posts"}],"about":[{"href":"https:\/\/imagazine.it\/home_desk\/wp-json\/wp\/v2\/types\/post"}],"author":[{"embeddable":true,"href":"https:\/\/imagazine.it\/home_desk\/wp-json\/wp\/v2\/users\/28"}],"replies":[{"embeddable":true,"href":"https:\/\/imagazine.it\/home_desk\/wp-json\/wp\/v2\/comments?post=39583"}],"version-history":[{"count":0,"href":"https:\/\/imagazine.it\/home_desk\/wp-json\/wp\/v2\/posts\/39583\/revisions"}],"wp:featuredmedia":[{"embeddable":true,"href":"https:\/\/imagazine.it\/home_desk\/wp-json\/wp\/v2\/media\/39584"}],"wp:attachment":[{"href":"https:\/\/imagazine.it\/home_desk\/wp-json\/wp\/v2\/media?parent=39583"}],"wp:term":[{"taxonomy":"category","embeddable":true,"href":"https:\/\/imagazine.it\/home_desk\/wp-json\/wp\/v2\/categories?post=39583"},{"taxonomy":"post_tag","embeddable":true,"href":"https:\/\/imagazine.it\/home_desk\/wp-json\/wp\/v2\/tags?post=39583"}],"curies":[{"name":"wp","href":"https:\/\/api.w.org\/{rel}","templated":true}]}}