{"id":39569,"date":"2021-06-23T00:00:00","date_gmt":"2021-06-22T23:00:00","guid":{"rendered":"https:\/\/imagazine.it\/?p=39569"},"modified":"2021-06-23T00:00:00","modified_gmt":"2021-06-22T23:00:00","slug":"palmanova-boom-di-adesioni-per-i-pozzetti-dei-ricordi","status":"publish","type":"post","link":"https:\/\/imagazine.it\/home_desk\/palmanova-boom-di-adesioni-per-i-pozzetti-dei-ricordi\/","title":{"rendered":"Palmanova, boom di adesioni per i Pozzetti dei Ricordi"},"content":{"rendered":"<p> \tSono stati ufficialmente inaugurati a Palmanova i due tratti pedonali di\u00a0<strong>Borgo Udine e Cividale.<\/strong><\/p>\n<p> \tCompletati a fine 2019, non erano mai stati inaugurati a causa dell\u2019emergenza covid. La cerimonia si \u00e8 svolta alla presenza dell\u2019assessore regionale\u00a0<strong>Graziano Pizzimenti,\u00a0<\/strong>oltre che del sindaco di Palmanova<strong>\u00a0Francesco Martines<\/strong>, di alcuni membri di Giunta e Consiglio Comunale.<\/p>\n<p> \tI tratti di borgo sono stati completamente riqualificati grazie alla posa della\u00a0<strong>pavimentazione in pietra naturale<\/strong>, dello spessore di 8 mm, in modo da coordinarsi e congiungersi con quanto presente in Piazza Grande, e al rifacimento delle condotte dei sottoservizi, anche tecnologici.\u00a0 Da allora i\u00a0<strong>tratti pedonalizzati<\/strong>\u00a0hanno permesso ai pubblici esercizi presenti di posizionare ombrelloni, sedie e tavoli per accogliere i clienti.<\/p>\n<p> \tI lavori, nel loro complesso, hanno previso un\u00a0<strong>investimento di un milione di euro<\/strong>\u00a0di cui\u00a0circa 800.000 per la pavimentazione e\u00a0200.000 euro finanziati da CAFC Spa per il rifacimento della rete fognaria.<\/p>\n<p> \t\u201cLa citt\u00e0 ha ampliato, in modo naturale, il suo salotto. I tratti pedonalizzati dei Borghi ora sono vissuti in sicurezza da bambini, famiglie, pedoni e ciclisti, oltre a dare ai bar la possibilit\u00e0 di aumentare gli spazi all\u2019aperto, offrendo un servizio unico ai propri clienti. Quello per cui lavoriamo \u00e8 rendere Palmanova accogliente, bella, sicura, attrattiva per chi ci vive, viene a fare acquisti o visita la citt\u00e0\u201d, commenta Martines.<\/p>\n<p> \t\u201cI processi di pedonalizzazione &#8211; aggiunge Pizzimenti &#8211; sono sempre complessi ma poi, col tempo, dimostrano la propria efficacia, migliorando la qualit\u00e0 complessiva della vita cittadina. A questo si aggiunge l\u2019originalissima idea dei Pozzetti dei Ricordi, un modo unico per conservare e tramandare pensieri e messaggi di una comunit\u00e0\u201d.<\/p>\n<p> \tInfatti, nell\u2019ambito della progettazione dei due tratti di borgo, l\u2019Amministrazione comunale ha previsto anche la realizzazione di<strong>\u00a0due Pozzetti dei Ricordi. Rimarranno chiusi per 30 anni, fino al 2051, quando verranno tolti i sigilli permettendo la consegna dei messaggi qui conservati.\u00a0<\/strong><\/p>\n<p> \tIn occasione dell\u2019inaugurazione, tanti cittadini hanno gi\u00e0 voluto depositare i propri messaggi all\u2019interno dei pozzi: genitori, nonni ma anche giovani o ragazzi hanno deciso di mandare un messaggio al futuro, a loro stessi, ai propri figli o nipoti o alla propria comunit\u00e0.<\/p>\n<p> \tViste le molte richieste di proroga, i cittadini avranno ancora una settimana,\u00a0<strong>fino al 30 giugno<\/strong>, per predisporre lettere, brevi messaggi, fotografie o piccoli ricordi da far sigillare in queste cavit\u00e0. Questi potranno essere\u00a0<strong>consegnati all\u2019Ufficio Protocollo comunale<\/strong>\u00a0negli orari d\u2019apertura (luned\u00ec 9.30-12.30 e 16-18, mercoled\u00ec 9.30-13.30 e 16-18, venerd\u00ec 9.30 &#8211; 12.30 e sabato 9.30 \u2013 12).\u00a0<strong>La mattina del 3 luglio verranno poi definitivamente sigillati.<\/strong>\u00a0Si consiglia di riporli in sacchetti o contenitori (di piccole dimensioni) resistenti all\u2019umidit\u00e0.<\/p>\n<p> \tLa Giunta comunale predisporr\u00e0 un atto che obbligher\u00e0 la futura amministrazione,\u00a0<strong>fra 30 anni, a togliere i sigilli e scoprire quanto conservato<\/strong>: chi vorr\u00e0, potr\u00e0 indirizzare un messaggio privato a un destinatario specifico, altri potranno permettere all\u2019intera comunit\u00e0 di venire a conoscenza di quanto conservato. Sulle buste chiuse deve essere indicato il destinatario del messaggio.<\/p>\n","protected":false},"excerpt":{"rendered":"<p>Prolungata di una settimana l&#8217;iniziativa<\/p>\n","protected":false},"author":28,"featured_media":39570,"comment_status":"closed","ping_status":"closed","sticky":false,"template":"","format":"standard","meta":{"dwc-title":[],"dwc-content":[],"footnotes":""},"categories":[5],"tags":[],"class_list":["post-39569","post","type-post","status-publish","format-standard","has-post-thumbnail","hentry","category-attualita"],"rttpg_featured_image_url":{"full":["https:\/\/imagazine.it\/wp-content\/uploads\/2024\/01\/41240-1.webp",1000,463,false],"landscape":["https:\/\/imagazine.it\/wp-content\/uploads\/2024\/01\/41240-1.webp",1000,463,false],"portraits":["https:\/\/imagazine.it\/wp-content\/uploads\/2024\/01\/41240-1.webp",1000,463,false],"thumbnail":["https:\/\/imagazine.it\/wp-content\/uploads\/2024\/01\/41240-1-150x150.webp",150,150,true],"medium":["https:\/\/imagazine.it\/wp-content\/uploads\/2024\/01\/41240-1-300x139.webp",300,139,true],"large":["https:\/\/imagazine.it\/wp-content\/uploads\/2024\/01\/41240-1.webp",640,296,false],"thumblist":["https:\/\/imagazine.it\/wp-content\/uploads\/2024\/01\/41240-1.webp",300,139,false],"thumbrelated":["https:\/\/imagazine.it\/wp-content\/uploads\/2024\/01\/41240-1.webp",500,232,false],"meccarouselthumb":["https:\/\/imagazine.it\/wp-content\/uploads\/2024\/01\/41240-1.webp",474,219,false],"gridsquare":["https:\/\/imagazine.it\/wp-content\/uploads\/2024\/01\/41240-1.webp",391,181,false],"tileview":["https:\/\/imagazine.it\/wp-content\/uploads\/2024\/01\/41240-1.webp",300,139,false],"1536x1536":["https:\/\/imagazine.it\/wp-content\/uploads\/2024\/01\/41240-1.webp",1000,463,false],"2048x2048":["https:\/\/imagazine.it\/wp-content\/uploads\/2024\/01\/41240-1.webp",1000,463,false],"newsup-slider-full":["https:\/\/imagazine.it\/wp-content\/uploads\/2024\/01\/41240-1.webp",1000,463,false],"newsup-featured":["https:\/\/imagazine.it\/wp-content\/uploads\/2024\/01\/41240-1.webp",1000,463,false],"newsup-medium":["https:\/\/imagazine.it\/wp-content\/uploads\/2024\/01\/41240-1-720x380.webp",720,380,true],"tptn_thumbnail":["https:\/\/imagazine.it\/wp-content\/uploads\/2024\/01\/41240-1.webp",250,116,false],"sow-carousel-default":["https:\/\/imagazine.it\/wp-content\/uploads\/2024\/01\/41240-1-272x182.webp",272,182,true]},"rttpg_author":{"display_name":"redazione","author_link":"https:\/\/imagazine.it\/home_desk\/author\/redazione\/"},"rttpg_comment":0,"rttpg_category":"<a href=\"https:\/\/imagazine.it\/home_desk\/category\/attualita\/\" rel=\"category tag\">ATTUALIT\u00c0<\/a>","rttpg_excerpt":"Prolungata di una settimana l'iniziativa","_links":{"self":[{"href":"https:\/\/imagazine.it\/home_desk\/wp-json\/wp\/v2\/posts\/39569","targetHints":{"allow":["GET"]}}],"collection":[{"href":"https:\/\/imagazine.it\/home_desk\/wp-json\/wp\/v2\/posts"}],"about":[{"href":"https:\/\/imagazine.it\/home_desk\/wp-json\/wp\/v2\/types\/post"}],"author":[{"embeddable":true,"href":"https:\/\/imagazine.it\/home_desk\/wp-json\/wp\/v2\/users\/28"}],"replies":[{"embeddable":true,"href":"https:\/\/imagazine.it\/home_desk\/wp-json\/wp\/v2\/comments?post=39569"}],"version-history":[{"count":0,"href":"https:\/\/imagazine.it\/home_desk\/wp-json\/wp\/v2\/posts\/39569\/revisions"}],"wp:featuredmedia":[{"embeddable":true,"href":"https:\/\/imagazine.it\/home_desk\/wp-json\/wp\/v2\/media\/39570"}],"wp:attachment":[{"href":"https:\/\/imagazine.it\/home_desk\/wp-json\/wp\/v2\/media?parent=39569"}],"wp:term":[{"taxonomy":"category","embeddable":true,"href":"https:\/\/imagazine.it\/home_desk\/wp-json\/wp\/v2\/categories?post=39569"},{"taxonomy":"post_tag","embeddable":true,"href":"https:\/\/imagazine.it\/home_desk\/wp-json\/wp\/v2\/tags?post=39569"}],"curies":[{"name":"wp","href":"https:\/\/api.w.org\/{rel}","templated":true}]}}