{"id":39561,"date":"2021-06-22T00:00:00","date_gmt":"2021-06-21T23:00:00","guid":{"rendered":"https:\/\/imagazine.it\/?p=39561"},"modified":"2021-06-22T00:00:00","modified_gmt":"2021-06-21T23:00:00","slug":"un-manifesto-per-le-nuove-rotte-di-barcolana","status":"publish","type":"post","link":"https:\/\/imagazine.it\/home_desk\/un-manifesto-per-le-nuove-rotte-di-barcolana\/","title":{"rendered":"Un manifesto per le nuove rotte di Barcolana"},"content":{"rendered":"<p> \tNuove rotte, nuovo spirito di partecipazione, nuovi eventi per la\u00a0<strong>53.a edizione della Barcolana<\/strong>, in programma\u00a0<strong>domenica 10 ottobre<\/strong>, preceduta da un calendario di eventi a terra e online a partire dal primo ottobre.<\/p>\n<p> \tSeguendo una tradizione che dura ormai da sette edizioni, il primo atto ufficiale di comunicazione della nuova edizione \u00e8 la presentazione del manifesto che illycaff\u00e8 realizza per l\u2019evento.<\/p>\n<p> \tDopo Michelangelo Pistoletto (2015), Gillo Dorfles (2016), Maurizio Galimberti (2017), Marina Abramovi\u0107 (2018), Olimpia Zagnoli (2019) e Lorenzo Mattotti (2020), illycaff\u00e8, cui \u00e8 affidata la direzione artistica del manifesto, ha scelto per la 53.a edizione di Barcolana il tratto del famoso designer, architetto, artista, <strong>Ron Arad<\/strong>.<\/p>\n<p> \tPer Barcolana53 il designer, che ama rielaborare concettualmente forme e strutture giocando con tecniche differenti, firma un manifesto dallo stile minimale, in cui linee essenziali e sinuose danno vita all\u2019essenza della regata stessa: il mare, le barche e la vela. Una navigazione che assume nuove forme, grazie alle caratteristiche estetiche e innovative del manifesto per cui Ron Arad ha scelto di utilizzare un particolare pennello capace di riprodurre in digitale le tecniche pittoriche tradizionali. Attraverso linee, colori e immagini che\u00a0rievocano le carte e le mappe nautiche, siamo invitati a intraprendere un viaggio, sempre pi\u00f9 consapevole, lungo nuove rotte.\u00a0<\/p>\n<p> \t\u201cLe Nuove Rotte\u201d \u00e8 infatti anche il motto dell\u2019edizione 2021, a sottolineare come Barcolana stia innovando, creando nuovi eventi a terra e in mare, nuovo sviluppo per il territorio e nuovi sviluppi per i temi che porta avanti.<\/p>\n<p> \t\u201c<em>Quest\u2019anno illycaff\u00e8 ha scelto per il nostro manifesto un designer<\/em>\u00a0&#8211; ha spiegato il\u00a0presidente della Societ\u00e0 Velica di Barcola e Grignano,<strong> Mitja Gialuz<\/strong>\u00a0&#8211;\u00a0<em>ed \u00e8 stata la migliore scelta per raccontare le nuove rotte di Barcolana, perch\u00e9 Ron Arad, attraverso linee precise, ha messo in evidenza l\u2019essenza della barca, del mare e della nostra regata. Ed \u00e8\u00a0quando\u00a0\u00e8 chiaro ci\u00f2 che \u00e8 essenziale che \u00e8 possibile fare sintesi, evolvere, proporre il nuovo e l&#39;imprescindibile al tempo stesso. Cos\u00ec si presenta Barcolana53: l\u2019essenza dell&#39;evento, la tradizione che unisce il popolo della vela, l&#39;innovazione che ci porter\u00e0 lontano e insieme nel nome del mare. Abbiamo numerose novit\u00e0 in programma, regate ed eventi per valorizzare Trieste e accogliere il nostro popolo della vela. Apriamo le iscrizioni il 29 giugno e in quella data, partendo dall\u2019essenza suggeritaci da Ron Arad e illycaff\u00e8, navigheremo insieme verso nuove rotte<\/em>\u201d.<\/p>\n<p> \t\u201c<em>Siamo felici di rinnovare anche per la 53.a edizione il sodalizio tra illy e Barcolana, un legame profondo che dura da oltre venti edizioni e che ha il suo rito consolidato nella realizzazione del manifesto, affidato quest&#39;anno a Ron Arad, grande artista contemporaneo e icona del design internazionale, gi\u00e0 protagonista nel 2017 di una illy Art Collection<\/em>\u201d dichiara\u00a0<strong>Massimiliano Pogliani<\/strong>, Amministratore Delegato di illycaff\u00e8. &#8220;<em>Il mare e la navigazione come fonte di ispirazione artistica, interpretate magistralmente dal genio creativo di Ron Arad, che \u00e8 riuscito a creare un manifesto unico per impatto estetico, dall&#39;anima contemporanea. Un gesto d\u2019arte e di bellezza, per rendere omaggio alla citt\u00e0 di Trieste, al mondo della vela e all&#39;amore per il buon caff\u00e8<\/em>\u201d.<\/p>\n<p> \tBarcolana \u00e8 in programma il 10 ottobre 2021 nel Golfo di Trieste, con partenza alle ore 10.30. Le iscrizioni alla regata apriranno il 29 giugno on line sul sito\u00a0<u><a href=\"http:\/\/www.barcolana.it\/\" target=\"_blank\" rel=\"noopener\"><span style=\"color:#0000ff;\">www.barcolana.it<\/span><\/a><\/u>.<\/p>\n<p> \tOggi partiranno dalla Sede della Societ\u00e0 Velica di Barcola e Grignano 400 poster e 4.000 cartoline con la grafica del manifesto, indirizzate ad altrettanti yacht club e armatori delle passate edizioni, per promuovere direttamente tra i protagonisti l\u2019evento.<\/p>\n<p> \t<img decoding=\"async\" alt=\"\" src=\"\/ckeditor_assets\/pictures\/1306\/content_manifesto2.jpg\" style=\"width: 600px; height: 840px;\" title=\"\"><\/p>\n","protected":false},"excerpt":{"rendered":"<p>Oggi la presentazione ufficiale<\/p>\n","protected":false},"author":28,"featured_media":39562,"comment_status":"closed","ping_status":"closed","sticky":false,"template":"","format":"standard","meta":{"dwc-title":[],"dwc-content":[],"footnotes":""},"categories":[38],"tags":[],"class_list":["post-39561","post","type-post","status-publish","format-standard","has-post-thumbnail","hentry","category-sport"],"rttpg_featured_image_url":{"full":["https:\/\/imagazine.it\/wp-content\/uploads\/2024\/01\/41198-1.webp",1000,669,false],"landscape":["https:\/\/imagazine.it\/wp-content\/uploads\/2024\/01\/41198-1.webp",1000,669,false],"portraits":["https:\/\/imagazine.it\/wp-content\/uploads\/2024\/01\/41198-1.webp",1000,669,false],"thumbnail":["https:\/\/imagazine.it\/wp-content\/uploads\/2024\/01\/41198-1-150x150.webp",150,150,true],"medium":["https:\/\/imagazine.it\/wp-content\/uploads\/2024\/01\/41198-1-300x201.webp",300,201,true],"large":["https:\/\/imagazine.it\/wp-content\/uploads\/2024\/01\/41198-1.webp",640,428,false],"thumblist":["https:\/\/imagazine.it\/wp-content\/uploads\/2024\/01\/41198-1.webp",300,201,false],"thumbrelated":["https:\/\/imagazine.it\/wp-content\/uploads\/2024\/01\/41198-1.webp",500,335,false],"meccarouselthumb":["https:\/\/imagazine.it\/wp-content\/uploads\/2024\/01\/41198-1.webp",474,317,false],"gridsquare":["https:\/\/imagazine.it\/wp-content\/uploads\/2024\/01\/41198-1.webp",389,260,false],"tileview":["https:\/\/imagazine.it\/wp-content\/uploads\/2024\/01\/41198-1.webp",300,201,false],"1536x1536":["https:\/\/imagazine.it\/wp-content\/uploads\/2024\/01\/41198-1.webp",1000,669,false],"2048x2048":["https:\/\/imagazine.it\/wp-content\/uploads\/2024\/01\/41198-1.webp",1000,669,false],"newsup-slider-full":["https:\/\/imagazine.it\/wp-content\/uploads\/2024\/01\/41198-1.webp",1000,669,false],"newsup-featured":["https:\/\/imagazine.it\/wp-content\/uploads\/2024\/01\/41198-1.webp",1000,669,false],"newsup-medium":["https:\/\/imagazine.it\/wp-content\/uploads\/2024\/01\/41198-1-720x380.webp",720,380,true],"tptn_thumbnail":["https:\/\/imagazine.it\/wp-content\/uploads\/2024\/01\/41198-1.webp",250,167,false],"sow-carousel-default":["https:\/\/imagazine.it\/wp-content\/uploads\/2024\/01\/41198-1-272x182.webp",272,182,true]},"rttpg_author":{"display_name":"redazione","author_link":"https:\/\/imagazine.it\/home_desk\/author\/redazione\/"},"rttpg_comment":0,"rttpg_category":"<a href=\"https:\/\/imagazine.it\/home_desk\/category\/sport\/\" rel=\"category tag\">SPORT<\/a>","rttpg_excerpt":"Oggi la presentazione ufficiale","_links":{"self":[{"href":"https:\/\/imagazine.it\/home_desk\/wp-json\/wp\/v2\/posts\/39561","targetHints":{"allow":["GET"]}}],"collection":[{"href":"https:\/\/imagazine.it\/home_desk\/wp-json\/wp\/v2\/posts"}],"about":[{"href":"https:\/\/imagazine.it\/home_desk\/wp-json\/wp\/v2\/types\/post"}],"author":[{"embeddable":true,"href":"https:\/\/imagazine.it\/home_desk\/wp-json\/wp\/v2\/users\/28"}],"replies":[{"embeddable":true,"href":"https:\/\/imagazine.it\/home_desk\/wp-json\/wp\/v2\/comments?post=39561"}],"version-history":[{"count":0,"href":"https:\/\/imagazine.it\/home_desk\/wp-json\/wp\/v2\/posts\/39561\/revisions"}],"wp:featuredmedia":[{"embeddable":true,"href":"https:\/\/imagazine.it\/home_desk\/wp-json\/wp\/v2\/media\/39562"}],"wp:attachment":[{"href":"https:\/\/imagazine.it\/home_desk\/wp-json\/wp\/v2\/media?parent=39561"}],"wp:term":[{"taxonomy":"category","embeddable":true,"href":"https:\/\/imagazine.it\/home_desk\/wp-json\/wp\/v2\/categories?post=39561"},{"taxonomy":"post_tag","embeddable":true,"href":"https:\/\/imagazine.it\/home_desk\/wp-json\/wp\/v2\/tags?post=39561"}],"curies":[{"name":"wp","href":"https:\/\/api.w.org\/{rel}","templated":true}]}}