{"id":39531,"date":"2021-06-18T00:00:00","date_gmt":"2021-06-17T23:00:00","guid":{"rendered":"https:\/\/imagazine.it\/?p=39531"},"modified":"2021-06-18T00:00:00","modified_gmt":"2021-06-17T23:00:00","slug":"il-ministero-della-cultura-premia-il-visavi-gorizia-dance-festival","status":"publish","type":"post","link":"https:\/\/imagazine.it\/home_desk\/il-ministero-della-cultura-premia-il-visavi-gorizia-dance-festival\/","title":{"rendered":"Il Ministero della Cultura premia il Visav\u00ec Gorizia Dance Festival"},"content":{"rendered":"<p> \tIl <strong>Visav\u00ec Gorizia Dance Festival<\/strong>, evento transfrontaliero di danza contemporanea, ideato per <strong>Gorizia e Nova Gorica<\/strong> nel 2020 da Artisti Associati, ha ottenuto il riconoscimento di Progetto speciale del Ministero della Cultura.<\/p>\n<p> \t\u201cSolo quattro progetti in tutt\u2019Italia &#8211; spiega il direttore di Artisti Associati, <strong>Walter Mramor<\/strong> &#8211; sono stati valutati meritevoli di contributo, e questo \u00e8 gi\u00e0 di per s\u00e9 un riconoscimento del nostro operato. L\u2019assegnazione del Progetto Speciale rappresenta anche, e soprattutto, un prezioso apporto di risorse che destineremo alla programmazione. Stiamo lavorando a un cartellone di eventi di rilievo internazionale\u201d.<\/p>\n<p> \tLa seconda edizione di Visav\u00ec Gorizia Dance Festival si svolger\u00e0 <strong>dal 28 al 31 ottobre 2021 <\/strong>ed \u00e8 realizzata in collaborazione con Regione Friuli Venezia Giulia, Comuni di Gorizia e Nova Gorica, Fondazione CaRiGo, SNG di Nova Gorica, Teatro Verdi e Kulturni Dom di Gorizia, Ente Regionale Teatrale del FVG, Kinemax.<\/p>\n","protected":false},"excerpt":{"rendered":"<p>Nuova edizione dal 28 al 31 ottobre<\/p>\n","protected":false},"author":28,"featured_media":39532,"comment_status":"closed","ping_status":"closed","sticky":false,"template":"","format":"standard","meta":{"dwc-title":[],"dwc-content":[],"footnotes":""},"categories":[37],"tags":[],"class_list":["post-39531","post","type-post","status-publish","format-standard","has-post-thumbnail","hentry","category-cultura-e-spettacolo"],"rttpg_featured_image_url":{"full":["https:\/\/imagazine.it\/wp-content\/uploads\/2024\/01\/41131-1.webp",1000,557,false],"landscape":["https:\/\/imagazine.it\/wp-content\/uploads\/2024\/01\/41131-1.webp",1000,557,false],"portraits":["https:\/\/imagazine.it\/wp-content\/uploads\/2024\/01\/41131-1.webp",1000,557,false],"thumbnail":["https:\/\/imagazine.it\/wp-content\/uploads\/2024\/01\/41131-1-150x150.webp",150,150,true],"medium":["https:\/\/imagazine.it\/wp-content\/uploads\/2024\/01\/41131-1-300x167.webp",300,167,true],"large":["https:\/\/imagazine.it\/wp-content\/uploads\/2024\/01\/41131-1.webp",640,356,false],"thumblist":["https:\/\/imagazine.it\/wp-content\/uploads\/2024\/01\/41131-1.webp",300,167,false],"thumbrelated":["https:\/\/imagazine.it\/wp-content\/uploads\/2024\/01\/41131-1.webp",500,279,false],"meccarouselthumb":["https:\/\/imagazine.it\/wp-content\/uploads\/2024\/01\/41131-1.webp",474,264,false],"gridsquare":["https:\/\/imagazine.it\/wp-content\/uploads\/2024\/01\/41131-1.webp",391,218,false],"tileview":["https:\/\/imagazine.it\/wp-content\/uploads\/2024\/01\/41131-1.webp",300,167,false],"1536x1536":["https:\/\/imagazine.it\/wp-content\/uploads\/2024\/01\/41131-1.webp",1000,557,false],"2048x2048":["https:\/\/imagazine.it\/wp-content\/uploads\/2024\/01\/41131-1.webp",1000,557,false],"newsup-slider-full":["https:\/\/imagazine.it\/wp-content\/uploads\/2024\/01\/41131-1.webp",1000,557,false],"newsup-featured":["https:\/\/imagazine.it\/wp-content\/uploads\/2024\/01\/41131-1.webp",1000,557,false],"newsup-medium":["https:\/\/imagazine.it\/wp-content\/uploads\/2024\/01\/41131-1-720x380.webp",720,380,true],"tptn_thumbnail":["https:\/\/imagazine.it\/wp-content\/uploads\/2024\/01\/41131-1.webp",250,139,false],"sow-carousel-default":["https:\/\/imagazine.it\/wp-content\/uploads\/2024\/01\/41131-1-272x182.webp",272,182,true]},"rttpg_author":{"display_name":"redazione","author_link":"https:\/\/imagazine.it\/home_desk\/author\/redazione\/"},"rttpg_comment":0,"rttpg_category":"<a href=\"https:\/\/imagazine.it\/home_desk\/category\/cultura-e-spettacolo\/\" rel=\"category tag\">CULTURA&amp;SPETTACOLO<\/a>","rttpg_excerpt":"Nuova edizione dal 28 al 31 ottobre","_links":{"self":[{"href":"https:\/\/imagazine.it\/home_desk\/wp-json\/wp\/v2\/posts\/39531","targetHints":{"allow":["GET"]}}],"collection":[{"href":"https:\/\/imagazine.it\/home_desk\/wp-json\/wp\/v2\/posts"}],"about":[{"href":"https:\/\/imagazine.it\/home_desk\/wp-json\/wp\/v2\/types\/post"}],"author":[{"embeddable":true,"href":"https:\/\/imagazine.it\/home_desk\/wp-json\/wp\/v2\/users\/28"}],"replies":[{"embeddable":true,"href":"https:\/\/imagazine.it\/home_desk\/wp-json\/wp\/v2\/comments?post=39531"}],"version-history":[{"count":0,"href":"https:\/\/imagazine.it\/home_desk\/wp-json\/wp\/v2\/posts\/39531\/revisions"}],"wp:featuredmedia":[{"embeddable":true,"href":"https:\/\/imagazine.it\/home_desk\/wp-json\/wp\/v2\/media\/39532"}],"wp:attachment":[{"href":"https:\/\/imagazine.it\/home_desk\/wp-json\/wp\/v2\/media?parent=39531"}],"wp:term":[{"taxonomy":"category","embeddable":true,"href":"https:\/\/imagazine.it\/home_desk\/wp-json\/wp\/v2\/categories?post=39531"},{"taxonomy":"post_tag","embeddable":true,"href":"https:\/\/imagazine.it\/home_desk\/wp-json\/wp\/v2\/tags?post=39531"}],"curies":[{"name":"wp","href":"https:\/\/api.w.org\/{rel}","templated":true}]}}