{"id":39503,"date":"2021-06-16T00:00:00","date_gmt":"2021-06-15T23:00:00","guid":{"rendered":"https:\/\/imagazine.it\/?p=39503"},"modified":"2021-06-16T00:00:00","modified_gmt":"2021-06-15T23:00:00","slug":"nodo-di-palmanova-chiusura-notturna-per-completare-i-lavori","status":"publish","type":"post","link":"https:\/\/imagazine.it\/home_desk\/nodo-di-palmanova-chiusura-notturna-per-completare-i-lavori\/","title":{"rendered":"Nodo di Palmanova, chiusura notturna per completare i lavori"},"content":{"rendered":"<p> \tI lavori della terza corsia sul <strong>Nodo di Palmanova<\/strong> sono a un punto cruciale. L\u2019asfalto drenante \u00e8 stato steso sulla carreggiata in direzione Venezia e il cantiere in questi giorni si \u00e8 spostato sulle rampe, alla confluenza delle direttrici Udine \u2013 Trieste, Venezia \u2013 Trieste e in avvicinamento al Nodo di Palmanova (provenienza Udine\/Tarvisio).<\/p>\n<p> \tQuesti interventi di ripavimentazione e di tracciamento della segnaletica orizzontale vengono effettuati in gran parte a \u201ctraffico aperto\u201d \u2013 senza chiudere l\u2019autostrada \u2013 per evitare che i mezzi (autoarticolati in particolare) intasino la viabilit\u00e0 ordinaria. Pu\u00f2 capitare, quindi, che in alcuni momenti della giornata \u2013 in particolare nelle ore di punta della mattinata \u2013 ci possano essere rallentamenti e code a tratti.\u00a0<\/p>\n<p> \tAutovie invita a guidare con prudenza\u00a0e a utilizzare la App Infoviaggiando o il sito\u00a0<u><a href=\"http:\/\/www.infoviaggiando.it\/\" target=\"_blank\" rel=\"noopener\"><span style=\"color:#0000ff;\">www.infoviaggiando.it<\/span><\/a><\/u>\u00a0o a chiamare il numero verde <strong>800996099 <\/strong>per avere tutti i dettagli sul traffico.\u00a0<\/p>\n<p> \tPer accelerare ulteriormente il cantiere e far s\u00ec che i vacanzieri e i turisti provenienti dal Centro Est Europa possano transitare con maggiore facilit\u00e0 sul Nodo di Palmanova nei prossimi weekend estivi, Autovie ha programmato anche lavori notturni.<\/p>\n<p> \tPer gestirli con maggiore sicurezza \u00e8, per\u00f2, in questi casi necessaria la chiusura di un ramo autostradale. A partire <strong>dalle ore 19 di gioved\u00ec 17 giugno alle ore 6 di venerd\u00ec 18 giugno <\/strong>verr\u00e0 chiuso il ramo Udine\/Trieste del Nodo di Palmanova.<\/p>\n<p> \tPertanto chi proviene dalla A23 (Tarvisio\/Udine) ed \u00e8 diretto a Trieste dovr\u00e0 <strong>uscire a Udine Sud e riprendere l\u2019autostrada A4 al casello di Palmanova<\/strong>. Oppure potr\u00e0 proseguire per San Giorgio di Nogaro, rientrare allo stesso casello e reimmettersi in A4 in direzione Trieste.<\/p>\n","protected":false},"excerpt":{"rendered":"<p>Per la posa dell&#8217;asfalto drenante<\/p>\n","protected":false},"author":28,"featured_media":39504,"comment_status":"closed","ping_status":"closed","sticky":false,"template":"","format":"standard","meta":{"dwc-title":[],"dwc-content":[],"footnotes":""},"categories":[5],"tags":[],"class_list":["post-39503","post","type-post","status-publish","format-standard","has-post-thumbnail","hentry","category-attualita"],"rttpg_featured_image_url":{"full":["https:\/\/imagazine.it\/wp-content\/uploads\/2024\/01\/41085-1.webp",1000,554,false],"landscape":["https:\/\/imagazine.it\/wp-content\/uploads\/2024\/01\/41085-1.webp",1000,554,false],"portraits":["https:\/\/imagazine.it\/wp-content\/uploads\/2024\/01\/41085-1.webp",1000,554,false],"thumbnail":["https:\/\/imagazine.it\/wp-content\/uploads\/2024\/01\/41085-1-150x150.webp",150,150,true],"medium":["https:\/\/imagazine.it\/wp-content\/uploads\/2024\/01\/41085-1-300x166.webp",300,166,true],"large":["https:\/\/imagazine.it\/wp-content\/uploads\/2024\/01\/41085-1.webp",640,355,false],"thumblist":["https:\/\/imagazine.it\/wp-content\/uploads\/2024\/01\/41085-1.webp",300,166,false],"thumbrelated":["https:\/\/imagazine.it\/wp-content\/uploads\/2024\/01\/41085-1.webp",500,277,false],"meccarouselthumb":["https:\/\/imagazine.it\/wp-content\/uploads\/2024\/01\/41085-1.webp",474,263,false],"gridsquare":["https:\/\/imagazine.it\/wp-content\/uploads\/2024\/01\/41085-1.webp",391,217,false],"tileview":["https:\/\/imagazine.it\/wp-content\/uploads\/2024\/01\/41085-1.webp",300,166,false],"1536x1536":["https:\/\/imagazine.it\/wp-content\/uploads\/2024\/01\/41085-1.webp",1000,554,false],"2048x2048":["https:\/\/imagazine.it\/wp-content\/uploads\/2024\/01\/41085-1.webp",1000,554,false],"newsup-slider-full":["https:\/\/imagazine.it\/wp-content\/uploads\/2024\/01\/41085-1.webp",1000,554,false],"newsup-featured":["https:\/\/imagazine.it\/wp-content\/uploads\/2024\/01\/41085-1.webp",1000,554,false],"newsup-medium":["https:\/\/imagazine.it\/wp-content\/uploads\/2024\/01\/41085-1-720x380.webp",720,380,true],"tptn_thumbnail":["https:\/\/imagazine.it\/wp-content\/uploads\/2024\/01\/41085-1.webp",250,139,false],"sow-carousel-default":["https:\/\/imagazine.it\/wp-content\/uploads\/2024\/01\/41085-1-272x182.webp",272,182,true]},"rttpg_author":{"display_name":"redazione","author_link":"https:\/\/imagazine.it\/home_desk\/author\/redazione\/"},"rttpg_comment":0,"rttpg_category":"<a href=\"https:\/\/imagazine.it\/home_desk\/category\/attualita\/\" rel=\"category tag\">ATTUALIT\u00c0<\/a>","rttpg_excerpt":"Per la posa dell'asfalto drenante","_links":{"self":[{"href":"https:\/\/imagazine.it\/home_desk\/wp-json\/wp\/v2\/posts\/39503","targetHints":{"allow":["GET"]}}],"collection":[{"href":"https:\/\/imagazine.it\/home_desk\/wp-json\/wp\/v2\/posts"}],"about":[{"href":"https:\/\/imagazine.it\/home_desk\/wp-json\/wp\/v2\/types\/post"}],"author":[{"embeddable":true,"href":"https:\/\/imagazine.it\/home_desk\/wp-json\/wp\/v2\/users\/28"}],"replies":[{"embeddable":true,"href":"https:\/\/imagazine.it\/home_desk\/wp-json\/wp\/v2\/comments?post=39503"}],"version-history":[{"count":0,"href":"https:\/\/imagazine.it\/home_desk\/wp-json\/wp\/v2\/posts\/39503\/revisions"}],"wp:featuredmedia":[{"embeddable":true,"href":"https:\/\/imagazine.it\/home_desk\/wp-json\/wp\/v2\/media\/39504"}],"wp:attachment":[{"href":"https:\/\/imagazine.it\/home_desk\/wp-json\/wp\/v2\/media?parent=39503"}],"wp:term":[{"taxonomy":"category","embeddable":true,"href":"https:\/\/imagazine.it\/home_desk\/wp-json\/wp\/v2\/categories?post=39503"},{"taxonomy":"post_tag","embeddable":true,"href":"https:\/\/imagazine.it\/home_desk\/wp-json\/wp\/v2\/tags?post=39503"}],"curies":[{"name":"wp","href":"https:\/\/api.w.org\/{rel}","templated":true}]}}