{"id":39501,"date":"2021-06-16T00:00:00","date_gmt":"2021-06-15T23:00:00","guid":{"rendered":"https:\/\/imagazine.it\/?p=39501"},"modified":"2021-06-16T00:00:00","modified_gmt":"2021-06-15T23:00:00","slug":"palmanova-oltre-40-concerti-in-18-luoghi-diversi","status":"publish","type":"post","link":"https:\/\/imagazine.it\/home_desk\/palmanova-oltre-40-concerti-in-18-luoghi-diversi\/","title":{"rendered":"Palmanova, oltre 40 concerti in 18 luoghi diversi"},"content":{"rendered":"<p> \t<strong>Oltre quaranta tra musicisti, band, cantanti e artisti animeranno dal 18 al 21 giugno <\/strong>la Piazza, i Borghi, i Bastioni e le frazioni di <strong>Palmanova<\/strong>.\u00a0<\/p>\n<p> \t<strong>Diciotto i luoghi<\/strong>\u00a0dove si svolgeranno i concerti gratuiti. Un evento internazionale che vedr\u00e0 esibirsi artisti rock e pop, di musica classica o jazz, folk o elettronica, funky o revival. E in pi\u00f9, oltre al tradizionale mercato del luned\u00ec mattina,\u00a0<strong>ritorna anche domenica 20 giugno, il mercato straordinario in Piazza Grande fino alle 18<\/strong>.<\/p>\n<p> \t\u201cRispetto all\u2019anno scorso,\u00a0<strong>abbiamo registrato il doppio delle iscrizioni<\/strong>. Tanto l\u2019entusiasmo e la voglia di venire a suonare in una piazza viva come quella di Palmanova, che siamo stati costretti a\u00a0<strong>suddividere gli artisti su pi\u00f9 giornate<\/strong>, approfittando anche del fine settimana. Vedremo per giorni una citt\u00e0 animata da musica e persone. Nella nostra regione,\u00a0<strong>Palmanova \u00e8 la citt\u00e0 che, di gran lunga, registra un numero maggiore di eventi, una delle pi\u00f9 attive d\u2019Italia<\/strong>. Musica per tutti i gusti e tutte le et\u00e0, sempre gratuita, da ascoltare passeggiando per la citt\u00e0, sorseggiando un aperitivo, degustando una specialit\u00e0 culinaria o facendo acquisti nei tanti negozi cittadini e al mercato. Ringraziamo l\u2019Accademia Musicale di Palmanova per il grande lavoro di coordinamento\u201d, commentano il sindaco\u00a0<strong>Francesco Martines<\/strong> e all\u2019assessore alle attivit\u00e0 produttive\u00a0<strong>Thomas Trino<\/strong>.<\/p>\n<p> \tSempre domenica 20 giugno, sar\u00e0 possibile fare\u00a0<strong>una visita guidata gratuita alla Citt\u00e0 Fortezza<\/strong>. Prenotazione ore 17.15 alla Loggia della Gran Guardia in Piazza Grande. Sono previsti al massimo 25 partecipanti e durer\u00e0 2 ore (visita gratuita, ingresso intero alle Gallerie di contromina: 3 euro).<\/p>\n<p> \tDa segnalare anche il tradizionale concerto all\u2019alba,\u00a0<strong>previsto alle 5 del mattino su Bastioni Garzoni<\/strong>. Quest\u2019anno ci si sveglier\u00e0 al ritmo folk del gruppo\u00a0<em>Parc\u00e8 no?<\/em>, con i suoi spettacoli originali che raccolgono, in un unico contenitore, musica di vari generi, letture, racconti.<\/p>\n<p> \tIl <u><a href=\"http:\/\/www.imagazine.it\/eventi\/35986\" target=\"_blank\" rel=\"noopener\"><span style=\"color:#0000ff;\">programma completo<\/span><\/a><\/u> degli eventi \u00e8 disponibile sulla pagina dedicata a Palmanova <u><a href=\"http:\/\/www.festadellamusica.beniculturali.it\/index.php\/crea-un-evento\/1722-palmanova\" target=\"_blank\" rel=\"noopener\"><span style=\"color:#0000ff;\">del sito italiano della Festa della Musica<\/span><\/a>.<\/u><\/p>\n<p> \tIl Comune di Palmanova, assieme\u00a0<strong>all\u2019Accademia Musicale Citt\u00e0 di Palmanova, il Forum Giovani di Palmanova, la Proloco ProPalma e l\u2019Associazione Amici dei Bastioni<\/strong>\u00a0hanno voluto, anche quest\u2019anno, aderire all\u2019evento nazionale \u201cFesta della Musica\u201d, coordinato dal Ministero della Cultura.<\/p>\n<p> \tL\u2019idea, nata in Francia 25 anni fa, e diffusa in tutta Europa,\u00a0<strong>prevede che musicisti dilettanti e professionisti invadono strade, cortili, piazze, giardini, stazioni o musei<\/strong>. Concerti di musica dal vivo si svolgono ogni anno, il 21 giugno, con la partecipazione di musicisti di ogni livello e di ogni genere. Concerti gratuiti, dando valore al gesto musicale, con spontaneit\u00e0, disponibilit\u00e0, curiosit\u00e0: tutte le musiche appartengono alla Festa. Dilettante o professionista, ognuno si pu\u00f2 esprimere liberamente, la Festa della Musica appartiene, prima di tutto, a coloro che la fanno.<\/p>\n<p> \t<strong>Durante tutti gli eventi saranno rispettate le normative anticontagio regionali e nazionali<\/strong>. Si raccomanda di evitare assembramenti, di utilizzare la mascherina e di mantenere il distanziamento sociale.<\/p>\n","protected":false},"excerpt":{"rendered":"<p>Dal 18 al 21 giugno<\/p>\n","protected":false},"author":28,"featured_media":39502,"comment_status":"closed","ping_status":"closed","sticky":false,"template":"","format":"standard","meta":{"dwc-title":[],"dwc-content":[],"footnotes":""},"categories":[37],"tags":[],"class_list":["post-39501","post","type-post","status-publish","format-standard","has-post-thumbnail","hentry","category-cultura-e-spettacolo"],"rttpg_featured_image_url":{"full":["https:\/\/imagazine.it\/wp-content\/uploads\/2024\/01\/41084-1.webp",938,638,false],"landscape":["https:\/\/imagazine.it\/wp-content\/uploads\/2024\/01\/41084-1.webp",938,638,false],"portraits":["https:\/\/imagazine.it\/wp-content\/uploads\/2024\/01\/41084-1.webp",938,638,false],"thumbnail":["https:\/\/imagazine.it\/wp-content\/uploads\/2024\/01\/41084-1-150x150.webp",150,150,true],"medium":["https:\/\/imagazine.it\/wp-content\/uploads\/2024\/01\/41084-1-300x204.webp",300,204,true],"large":["https:\/\/imagazine.it\/wp-content\/uploads\/2024\/01\/41084-1.webp",640,435,false],"thumblist":["https:\/\/imagazine.it\/wp-content\/uploads\/2024\/01\/41084-1.webp",300,204,false],"thumbrelated":["https:\/\/imagazine.it\/wp-content\/uploads\/2024\/01\/41084-1.webp",500,340,false],"meccarouselthumb":["https:\/\/imagazine.it\/wp-content\/uploads\/2024\/01\/41084-1.webp",474,322,false],"gridsquare":["https:\/\/imagazine.it\/wp-content\/uploads\/2024\/01\/41084-1.webp",382,260,false],"tileview":["https:\/\/imagazine.it\/wp-content\/uploads\/2024\/01\/41084-1.webp",300,204,false],"1536x1536":["https:\/\/imagazine.it\/wp-content\/uploads\/2024\/01\/41084-1.webp",938,638,false],"2048x2048":["https:\/\/imagazine.it\/wp-content\/uploads\/2024\/01\/41084-1.webp",938,638,false],"newsup-slider-full":["https:\/\/imagazine.it\/wp-content\/uploads\/2024\/01\/41084-1.webp",938,638,false],"newsup-featured":["https:\/\/imagazine.it\/wp-content\/uploads\/2024\/01\/41084-1.webp",938,638,false],"newsup-medium":["https:\/\/imagazine.it\/wp-content\/uploads\/2024\/01\/41084-1-720x380.webp",720,380,true],"tptn_thumbnail":["https:\/\/imagazine.it\/wp-content\/uploads\/2024\/01\/41084-1.webp",250,170,false],"sow-carousel-default":["https:\/\/imagazine.it\/wp-content\/uploads\/2024\/01\/41084-1-272x182.webp",272,182,true]},"rttpg_author":{"display_name":"redazione","author_link":"https:\/\/imagazine.it\/home_desk\/author\/redazione\/"},"rttpg_comment":0,"rttpg_category":"<a href=\"https:\/\/imagazine.it\/home_desk\/category\/cultura-e-spettacolo\/\" rel=\"category tag\">CULTURA&amp;SPETTACOLO<\/a>","rttpg_excerpt":"Dal 18 al 21 giugno","_links":{"self":[{"href":"https:\/\/imagazine.it\/home_desk\/wp-json\/wp\/v2\/posts\/39501","targetHints":{"allow":["GET"]}}],"collection":[{"href":"https:\/\/imagazine.it\/home_desk\/wp-json\/wp\/v2\/posts"}],"about":[{"href":"https:\/\/imagazine.it\/home_desk\/wp-json\/wp\/v2\/types\/post"}],"author":[{"embeddable":true,"href":"https:\/\/imagazine.it\/home_desk\/wp-json\/wp\/v2\/users\/28"}],"replies":[{"embeddable":true,"href":"https:\/\/imagazine.it\/home_desk\/wp-json\/wp\/v2\/comments?post=39501"}],"version-history":[{"count":0,"href":"https:\/\/imagazine.it\/home_desk\/wp-json\/wp\/v2\/posts\/39501\/revisions"}],"wp:featuredmedia":[{"embeddable":true,"href":"https:\/\/imagazine.it\/home_desk\/wp-json\/wp\/v2\/media\/39502"}],"wp:attachment":[{"href":"https:\/\/imagazine.it\/home_desk\/wp-json\/wp\/v2\/media?parent=39501"}],"wp:term":[{"taxonomy":"category","embeddable":true,"href":"https:\/\/imagazine.it\/home_desk\/wp-json\/wp\/v2\/categories?post=39501"},{"taxonomy":"post_tag","embeddable":true,"href":"https:\/\/imagazine.it\/home_desk\/wp-json\/wp\/v2\/tags?post=39501"}],"curies":[{"name":"wp","href":"https:\/\/api.w.org\/{rel}","templated":true}]}}