{"id":39495,"date":"2021-06-15T00:00:00","date_gmt":"2021-06-14T23:00:00","guid":{"rendered":"https:\/\/imagazine.it\/?p=39495"},"modified":"2021-06-15T00:00:00","modified_gmt":"2021-06-14T23:00:00","slug":"udine-fondazione-friuli-e-universita-scattano-verso-il-recovery-plan","status":"publish","type":"post","link":"https:\/\/imagazine.it\/home_desk\/udine-fondazione-friuli-e-universita-scattano-verso-il-recovery-plan\/","title":{"rendered":"Udine, Fondazione Friuli e Universit\u00e0 scattano verso il Recovery Plan"},"content":{"rendered":"<p> \tRinnovata la convenzione tra <strong>Fondazione Friuli<\/strong> e <strong>Universit\u00e0 di Udine<\/strong>.<\/p>\n<p> \tL\u2019accordo, di validit\u00e0 annuale e che mette a disposizione risorse per 800 mila euro, \u00e8 stato sottoscritto oggi a palazzo Antonini-Maseri dal presidente della Fondazione Friuli <strong>Giuseppe Morandini<\/strong> e dal rettore dell\u2019Universit\u00e0 di Udine <strong>Roberto Pinton<\/strong>, alla presenza dell\u2019assessore regionale all\u2019Istruzione <strong>Alessia Rosolen<\/strong>.<\/p>\n<p> \tNella convenzione sono stati introdotti cinque assegni post dottorato, declinati sulle priorit\u00e0 del <em>Recovery Plan<\/em>. Questo \u00e8 il primo pilastro di quattro.<\/p>\n<p> \tIl secondo \u00e8 rappresentato dal sostegno a 20 borse di studio inserite in due centri tecnologici in cui l\u2019ateneo \u00e8 impegnato: il <em>Lab Village<\/em> di Udine e la <em>Lean Experience Factory 4.0<\/em> di San Vito al Tagliamento.<\/p>\n<p> \tTerzo pilastro \u00e8 il completamento dei laboratori all\u2019interno del <em>Lab Village<\/em>; con questo ulteriore finanziamento il totale degli investimenti fatti finora su questa struttura dalla Fondazione superare il milione di euro.<\/p>\n<p> \tQuarto pilastro, infine, \u00e8 il potenziamento del <em>placement<\/em> attraverso nuove risorse destinate ad avvicinare al mondo del lavoro i neolaureati, in particolare quelli con titoli che richiedono tempi maggiori per il collocamento lavorativo. Attivit\u00e0, quest\u2019ultima, che si inserisce nel pi\u00f9 ampio progetto di orientamento scolastico che la Fondazione Friuli sostiene anche negli istituti superiori delle province di Pordenone e Udine.<\/p>\n<p> \t\u201cL\u2019ateneo friulano rappresenta una voce fondamentale dello stato patrimoniale della regione \u2013 ha spiegato <strong>Morandini<\/strong> \u2013 e questa nuova convenzione si inserisce in un rapporto privilegiato che la Fondazione coltiva da sempre e che intende perseguire anche in futuro, per affrontare meglio una delicata fase cos\u00ec fondamentale per i decenni che ci attendono. Con il <em>Recovery Plan<\/em> ci troviamo di fronte a enormi opportunit\u00e0 per modernizzare e innovare non soltanto il modello produttivo locale, ma anche quello dell\u2019istruzione e del welfare. \u00c8 un\u2019occasione che non possiamo permetterci di sprecare e la convenzione firmata oggi va proprio in questa direzione sostenendo idee e progetti che devono portarci in questo nuovo futuro. Colgo l\u2019occasione anche per ringraziare la Regione con cui, in particolare sul tema della scuola e dell\u2019universit\u00e0 assieme all\u2019assessore Rosolen, c\u2019\u00e8 una perfetta sinergia che andr\u00e0 certamente ad arricchire e a potenziare ulteriormente gli investimenti che stiamo facendo\u201d.<\/p>\n<p> \t\u201cLa condivisione di questi progetti e l\u2019importante sostegno della Fondazione \u2013 ha sottolineato il rettore <strong>Pinton<\/strong> \u2013 sono fattori essenziali per lo sviluppo della strategia del nostro ateneo in un\u2019ottica che miri a integrare le attivit\u00e0 accademiche con il contesto sociale ed economico-produttivo, contribuendo cos\u00ec a rafforzare lo slancio verso la ripresa che in questo momento il territorio richiede. Le azioni previste sono in linea con quelle predisposte a livello regionale per implementare i percorsi della formazione e favorire l\u2019avvio dei giovani al mondo del lavoro\u201d.<\/p>\n<p> \tLa convenzione prevede anche altri interventi importanti: dal sostegno confermato alla Scuola Superiore ai finanziamenti per il Corso di laurea triennale in Scienze e cultura del cibo e per quello in Ingegneria industriale per la sostenibilit\u00e0 ambientale; dai contributi per Erasmus e tirocini a quello per la campagna di scavi archeologici in Kurdistan.<\/p>\n<p> \t\u201cLa presenza della Regione a questa importante firma \u2013 ha commentato l\u2019assessore <strong>Rosolen<\/strong> &#8211; serve solo a sottolineare la regia che \u00e8 stata creata su tutti gli interventi che possono aiutare il territorio a rispondere alle sfide che ci troviamo davanti. L\u2019amministrazione regionale lavora per garantire che le risorse dei cittadini di cui dispone siano destinate alla crescita delle competitivit\u00e0 del nostro territorio e ci\u00f2 vale ancora di pi\u00f9 quando i temi riguardano la formazione del \u2018capitale umano\u2019: accompagnare i giovani in tutto il loro percorso di diritto allo studio, garantire loro spazi di innovazione e sperimentazione che li proiettino verso il lavoro \u00e8 il fine pi\u00f9 importante che abbiamo. Con la Fondazione Friuli vogliamo accompagnare le istituzioni come l\u2019Universit\u00e0 di Udine a raggiungere questo obiettivo\u201d.<\/p>\n<p> \tA margine della firma della convenzione con l\u2019Universit\u00e0 e a ulteriore conferma dei notevoli sforzi fatti per il mondo della formazione, il presidente della Fondazione Friuli Morandini ha annunciato la conferma dei sostegni annuali al Consorzio universitario di Pordenone e al progetto Digital Storytelling Lab sempre dell\u2019ateneo friulano.<\/p>\n","protected":false},"excerpt":{"rendered":"<p>Rinnovata la convenzione<\/p>\n","protected":false},"author":28,"featured_media":39496,"comment_status":"closed","ping_status":"closed","sticky":false,"template":"","format":"standard","meta":{"dwc-title":[],"dwc-content":[],"footnotes":""},"categories":[5],"tags":[],"class_list":["post-39495","post","type-post","status-publish","format-standard","has-post-thumbnail","hentry","category-attualita"],"rttpg_featured_image_url":{"full":["https:\/\/imagazine.it\/wp-content\/uploads\/2024\/01\/41073-1.webp",960,640,false],"landscape":["https:\/\/imagazine.it\/wp-content\/uploads\/2024\/01\/41073-1.webp",960,640,false],"portraits":["https:\/\/imagazine.it\/wp-content\/uploads\/2024\/01\/41073-1.webp",960,640,false],"thumbnail":["https:\/\/imagazine.it\/wp-content\/uploads\/2024\/01\/41073-1-150x150.webp",150,150,true],"medium":["https:\/\/imagazine.it\/wp-content\/uploads\/2024\/01\/41073-1-300x200.webp",300,200,true],"large":["https:\/\/imagazine.it\/wp-content\/uploads\/2024\/01\/41073-1.webp",640,427,false],"thumblist":["https:\/\/imagazine.it\/wp-content\/uploads\/2024\/01\/41073-1.webp",300,200,false],"thumbrelated":["https:\/\/imagazine.it\/wp-content\/uploads\/2024\/01\/41073-1.webp",500,333,false],"meccarouselthumb":["https:\/\/imagazine.it\/wp-content\/uploads\/2024\/01\/41073-1.webp",474,316,false],"gridsquare":["https:\/\/imagazine.it\/wp-content\/uploads\/2024\/01\/41073-1.webp",391,260,false],"tileview":["https:\/\/imagazine.it\/wp-content\/uploads\/2024\/01\/41073-1.webp",300,200,false],"1536x1536":["https:\/\/imagazine.it\/wp-content\/uploads\/2024\/01\/41073-1.webp",960,640,false],"2048x2048":["https:\/\/imagazine.it\/wp-content\/uploads\/2024\/01\/41073-1.webp",960,640,false],"newsup-slider-full":["https:\/\/imagazine.it\/wp-content\/uploads\/2024\/01\/41073-1.webp",960,640,false],"newsup-featured":["https:\/\/imagazine.it\/wp-content\/uploads\/2024\/01\/41073-1.webp",960,640,false],"newsup-medium":["https:\/\/imagazine.it\/wp-content\/uploads\/2024\/01\/41073-1-720x380.webp",720,380,true],"tptn_thumbnail":["https:\/\/imagazine.it\/wp-content\/uploads\/2024\/01\/41073-1.webp",250,167,false],"sow-carousel-default":["https:\/\/imagazine.it\/wp-content\/uploads\/2024\/01\/41073-1-272x182.webp",272,182,true]},"rttpg_author":{"display_name":"redazione","author_link":"https:\/\/imagazine.it\/home_desk\/author\/redazione\/"},"rttpg_comment":0,"rttpg_category":"<a href=\"https:\/\/imagazine.it\/home_desk\/category\/attualita\/\" rel=\"category tag\">ATTUALIT\u00c0<\/a>","rttpg_excerpt":"Rinnovata la convenzione","_links":{"self":[{"href":"https:\/\/imagazine.it\/home_desk\/wp-json\/wp\/v2\/posts\/39495","targetHints":{"allow":["GET"]}}],"collection":[{"href":"https:\/\/imagazine.it\/home_desk\/wp-json\/wp\/v2\/posts"}],"about":[{"href":"https:\/\/imagazine.it\/home_desk\/wp-json\/wp\/v2\/types\/post"}],"author":[{"embeddable":true,"href":"https:\/\/imagazine.it\/home_desk\/wp-json\/wp\/v2\/users\/28"}],"replies":[{"embeddable":true,"href":"https:\/\/imagazine.it\/home_desk\/wp-json\/wp\/v2\/comments?post=39495"}],"version-history":[{"count":0,"href":"https:\/\/imagazine.it\/home_desk\/wp-json\/wp\/v2\/posts\/39495\/revisions"}],"wp:featuredmedia":[{"embeddable":true,"href":"https:\/\/imagazine.it\/home_desk\/wp-json\/wp\/v2\/media\/39496"}],"wp:attachment":[{"href":"https:\/\/imagazine.it\/home_desk\/wp-json\/wp\/v2\/media?parent=39495"}],"wp:term":[{"taxonomy":"category","embeddable":true,"href":"https:\/\/imagazine.it\/home_desk\/wp-json\/wp\/v2\/categories?post=39495"},{"taxonomy":"post_tag","embeddable":true,"href":"https:\/\/imagazine.it\/home_desk\/wp-json\/wp\/v2\/tags?post=39495"}],"curies":[{"name":"wp","href":"https:\/\/api.w.org\/{rel}","templated":true}]}}