{"id":39429,"date":"2021-06-09T00:00:00","date_gmt":"2021-06-08T23:00:00","guid":{"rendered":"https:\/\/imagazine.it\/?p=39429"},"modified":"2021-06-09T00:00:00","modified_gmt":"2021-06-08T23:00:00","slug":"udine-riabbraccia-il-far-east-film-festival","status":"publish","type":"post","link":"https:\/\/imagazine.it\/home_desk\/udine-riabbraccia-il-far-east-film-festival\/","title":{"rendered":"Udine riabbraccia il Far East Film Festival"},"content":{"rendered":"<p> \tSi \u00e8 alzato il sipario sulla 23\u0363 edizione del <strong>Far East Film Festival<\/strong>, la pi\u00f9 importante rassegna internazionale di cinema asiatico che si svolger\u00e0 a <strong>Udine<\/strong> dal 24 giugno al 2 luglio.<\/p>\n<p> \t&#8220;Il Far East Film Festival \u00e8 un evento di valore enorme per il Friuli Venezia Giulia, non solo per il ruolo che si \u00e8 saputo costruire nel panorama dei festival, ma anche per ci\u00f2 che rappresenta per la diplomazia culturale con cui si mantengono relazioni. Oggi il FVG non \u00e8 pi\u00f9 una barriera, bens\u00ec una porta verso Oriente, per ragioni geografiche, storiche, politiche ed economiche che hanno nei rapporti con l&#39;Est uno dei propri assi fondamentali&#8221;, ha dichiarato l&#39;assessore regionale alla Cultura, <strong>Tiziana Gibelli<\/strong>, durante la presentazione alla stampa al cinema Visionario del capoluogo friulano.<\/p>\n<p> \tA fare gli onori di casa <strong>Sabrina Baracetti<\/strong> e <strong>Thomas Bertacche<\/strong>, ideatori dell&#39;evento, che hanno lanciato un appello alla liberazione della giovane regista Ma Aeint, arrestata in Myanmar durante gli scontri di piazza seguiti al colpo di stato militare che a febbraio ha rovesciato il governo elettivo di Aung San Suu Kyi.<\/p>\n<p> \tIl cinema Visionario ospiter\u00e0, assieme al cinema Centrale, 6 anteprime mondiali, 11 internazionali, 22 europee, 21 italiane, con pellicole provenienti da Giappone, Hong Kong, Cina, Corea del Sud, Filippine, Malaysia, Taiwan, Thailandia, Indonesia e, novit\u00e0 di quest&#39;anno, Macao e Myanmar. Il Visionario potr\u00e0 inoltre contare su un&#39;arena di circa 400 posti creata nel giardino antistante il multisala.<\/p>\n<p> \t&#8220;Il cinema \u00e8 stato agevolato rispetto ad altre forme di spettacolo perch\u00e9 ha potuto proiettare online i film in programmazione, ma a noi \u00e8 mancata la socialit\u00e0, il piacere di andare al cinema in compagnia, di confrontarsi sulle visioni. Auguro al Feff quindi di riportare tra noi anche il piacere di una rinnovata condivisione culturale&#8221; ha concluso Gibelli.<\/p>\n<p> \tAlla presentazione hanno preso parte, tra gli altri, anche il presidente del Consiglio regionale, <strong>Piero Mauro Zanin<\/strong>, il sindaco di Udine, <strong>Pietro Fontanini<\/strong> con l&#39;assessore comunale alla Cultura, <strong>Fabrizio Cigolot<\/strong>, e i rappresentanti degli sponsor.<\/p>\n","protected":false},"excerpt":{"rendered":"<p>Presentata la 23^ edizione<\/p>\n","protected":false},"author":28,"featured_media":39430,"comment_status":"closed","ping_status":"closed","sticky":false,"template":"","format":"standard","meta":{"dwc-title":[],"dwc-content":[],"footnotes":""},"categories":[37],"tags":[],"class_list":["post-39429","post","type-post","status-publish","format-standard","has-post-thumbnail","hentry","category-cultura-e-spettacolo"],"rttpg_featured_image_url":{"full":["https:\/\/imagazine.it\/wp-content\/uploads\/2024\/01\/40887-1.webp",1000,669,false],"landscape":["https:\/\/imagazine.it\/wp-content\/uploads\/2024\/01\/40887-1.webp",1000,669,false],"portraits":["https:\/\/imagazine.it\/wp-content\/uploads\/2024\/01\/40887-1.webp",1000,669,false],"thumbnail":["https:\/\/imagazine.it\/wp-content\/uploads\/2024\/01\/40887-1-150x150.webp",150,150,true],"medium":["https:\/\/imagazine.it\/wp-content\/uploads\/2024\/01\/40887-1-300x201.webp",300,201,true],"large":["https:\/\/imagazine.it\/wp-content\/uploads\/2024\/01\/40887-1.webp",640,428,false],"thumblist":["https:\/\/imagazine.it\/wp-content\/uploads\/2024\/01\/40887-1.webp",300,201,false],"thumbrelated":["https:\/\/imagazine.it\/wp-content\/uploads\/2024\/01\/40887-1.webp",500,335,false],"meccarouselthumb":["https:\/\/imagazine.it\/wp-content\/uploads\/2024\/01\/40887-1.webp",474,317,false],"gridsquare":["https:\/\/imagazine.it\/wp-content\/uploads\/2024\/01\/40887-1.webp",389,260,false],"tileview":["https:\/\/imagazine.it\/wp-content\/uploads\/2024\/01\/40887-1.webp",300,201,false],"1536x1536":["https:\/\/imagazine.it\/wp-content\/uploads\/2024\/01\/40887-1.webp",1000,669,false],"2048x2048":["https:\/\/imagazine.it\/wp-content\/uploads\/2024\/01\/40887-1.webp",1000,669,false],"newsup-slider-full":["https:\/\/imagazine.it\/wp-content\/uploads\/2024\/01\/40887-1.webp",1000,669,false],"newsup-featured":["https:\/\/imagazine.it\/wp-content\/uploads\/2024\/01\/40887-1.webp",1000,669,false],"newsup-medium":["https:\/\/imagazine.it\/wp-content\/uploads\/2024\/01\/40887-1-720x380.webp",720,380,true],"tptn_thumbnail":["https:\/\/imagazine.it\/wp-content\/uploads\/2024\/01\/40887-1.webp",250,167,false],"sow-carousel-default":["https:\/\/imagazine.it\/wp-content\/uploads\/2024\/01\/40887-1-272x182.webp",272,182,true]},"rttpg_author":{"display_name":"redazione","author_link":"https:\/\/imagazine.it\/home_desk\/author\/redazione\/"},"rttpg_comment":0,"rttpg_category":"<a href=\"https:\/\/imagazine.it\/home_desk\/category\/cultura-e-spettacolo\/\" rel=\"category tag\">CULTURA&amp;SPETTACOLO<\/a>","rttpg_excerpt":"Presentata la 23^ edizione","_links":{"self":[{"href":"https:\/\/imagazine.it\/home_desk\/wp-json\/wp\/v2\/posts\/39429","targetHints":{"allow":["GET"]}}],"collection":[{"href":"https:\/\/imagazine.it\/home_desk\/wp-json\/wp\/v2\/posts"}],"about":[{"href":"https:\/\/imagazine.it\/home_desk\/wp-json\/wp\/v2\/types\/post"}],"author":[{"embeddable":true,"href":"https:\/\/imagazine.it\/home_desk\/wp-json\/wp\/v2\/users\/28"}],"replies":[{"embeddable":true,"href":"https:\/\/imagazine.it\/home_desk\/wp-json\/wp\/v2\/comments?post=39429"}],"version-history":[{"count":0,"href":"https:\/\/imagazine.it\/home_desk\/wp-json\/wp\/v2\/posts\/39429\/revisions"}],"wp:featuredmedia":[{"embeddable":true,"href":"https:\/\/imagazine.it\/home_desk\/wp-json\/wp\/v2\/media\/39430"}],"wp:attachment":[{"href":"https:\/\/imagazine.it\/home_desk\/wp-json\/wp\/v2\/media?parent=39429"}],"wp:term":[{"taxonomy":"category","embeddable":true,"href":"https:\/\/imagazine.it\/home_desk\/wp-json\/wp\/v2\/categories?post=39429"},{"taxonomy":"post_tag","embeddable":true,"href":"https:\/\/imagazine.it\/home_desk\/wp-json\/wp\/v2\/tags?post=39429"}],"curies":[{"name":"wp","href":"https:\/\/api.w.org\/{rel}","templated":true}]}}