{"id":39427,"date":"2021-06-09T00:00:00","date_gmt":"2021-06-08T23:00:00","guid":{"rendered":"https:\/\/imagazine.it\/?p=39427"},"modified":"2021-06-09T00:00:00","modified_gmt":"2021-06-08T23:00:00","slug":"pordenone-inaugurato-il-nuovo-centro-per-i-disturbi-alimentari","status":"publish","type":"post","link":"https:\/\/imagazine.it\/home_desk\/pordenone-inaugurato-il-nuovo-centro-per-i-disturbi-alimentari\/","title":{"rendered":"Pordenone, inaugurato il nuovo centro per i disturbi alimentari"},"content":{"rendered":"<p> \tInaugurato a <strong>Pordenone<\/strong> il <strong>Centro disturbi alimentari<\/strong> (Cda), struttura semiresidenziale terapeutico riabilitativa in area protetta, allestita negli spazi del Dipartimento materno infantile dell&#39;ospedale Santa Maria degli Angeli.<\/p>\n<p> \t&#8220;Con la pandemia molte situazioni di fragilit\u00e0 hanno fatto passi indietro e il quadro da affrontare \u00e8 ancora pi\u00f9 complesso: oggi, quindi, sono particolarmente soddisfatto di poter inaugurare il nuovo Centro disturbi alimentari, una di quelle risposte ai bisogni di salute in grado di dimostrare che non \u00e8 un&#39;organizzazione verticale, vincolante, rigida a essere vincente oggi, ma un approccio orizzontale, di rete, multidisciplinare, in cui si incrocino competenze e rappresentanze professionali diverse&#8221;, ha dichiarato il vicegovernatore della Regione con delega alla Salute, <strong>Riccardo Riccardi<\/strong>.<\/p>\n<p> \tI dati dei ricoveri in Pediatria resi noti nel corso dell&#39;inaugurazione confermano che le patologie sono diffuse e in aggravamento, soprattutto nella fascia adolescenziale e pre-adolescenziale: nei primi 4 mesi del 2021 sono stati ricoverati pazienti in numero pari ai ricoveri annui del 2020 e 2019 (erano stati 7 nel 2019, 11 nel 2021 e 9 nei primi quattro mesi del 2021).<\/p>\n<p> \tCome illustrato dal direttore generale dell&#39;Azienda sanitaria Friuli Occidentale (Asfo), <strong>Joseph Polimeni<\/strong>, il Centro pu\u00f2 garantire un programma diurno interdisciplinare, intensivo e strutturato, a soggetti per i quali \u00e8 opportuna una riduzione graduale dell&#39;intensit\u00e0 dell&#39;intervento dopo un trattamento residenziale o un ricovero ospedaliero.<\/p>\n<p> \tPrevia valutazione dell&#39;equipe, il Cda pu\u00f2 ospitare sino a 8 utenti e sino a 21 anni di et\u00e0, in orario 8.30-16, 5 giorni su 7.<\/p>\n<p> \tIl completamento della ristrutturazione dei locali adiacenti al reparto di Pediatria, a cura del Servizio tecnico aziendale di Asfo, risale a dicembre 2020; a marzo 2021 sono stati acquisiti gli arredi grazie al contributo da parte del Rotary di San Vito al Tagliamento in collaborazione con l&#39;Associazione disturbi alimentari e obesit\u00e0 (Adao); ad aprile 2021 risale l&#39;attivazione da parte del Centro per i disturbi del comportamento alimentare di San Vito al Tagliamento, con integrazione dell&#39;attivit\u00e0 di consulenza strutturata al reparto di Pediatria.<\/p>\n<p> \tRingraziando tutto il sistema professionale &#8211; presenti, tra gli altri, il direttore di Neuropsichiatria infantile <strong>Roberta Ruffilli<\/strong>, il direttore della Centro salute mentale 24 ore Area del Tagliamento <strong>Roberto Lezzi<\/strong> e la responsabile del Centro <strong>Monica Corsaro<\/strong> &#8211; Riccardi ha ricordato che &#8220;spesso la spinta a trovare risposte ai nuovi bisogni di salute arriva al sistema pubblico dalle famiglie e dalle associazioni: questo elemento di sussidiariet\u00e0 \u00e8 importante perch\u00e9 la sanit\u00e0 pubblica deve disporsi ad ascoltare le domande, le pressioni e gli stimoli che arrivano da chi vive nella quotidianit\u00e0 i problemi&#8221;.<\/p>\n","protected":false},"excerpt":{"rendered":"<p>Al Santa Maria degli Angeli<\/p>\n","protected":false},"author":28,"featured_media":39428,"comment_status":"closed","ping_status":"closed","sticky":false,"template":"","format":"standard","meta":{"dwc-title":[],"dwc-content":[],"footnotes":""},"categories":[5],"tags":[],"class_list":["post-39427","post","type-post","status-publish","format-standard","has-post-thumbnail","hentry","category-attualita"],"rttpg_featured_image_url":{"full":["https:\/\/imagazine.it\/wp-content\/uploads\/2024\/01\/40885-1.webp",1000,664,false],"landscape":["https:\/\/imagazine.it\/wp-content\/uploads\/2024\/01\/40885-1.webp",1000,664,false],"portraits":["https:\/\/imagazine.it\/wp-content\/uploads\/2024\/01\/40885-1.webp",1000,664,false],"thumbnail":["https:\/\/imagazine.it\/wp-content\/uploads\/2024\/01\/40885-1-150x150.webp",150,150,true],"medium":["https:\/\/imagazine.it\/wp-content\/uploads\/2024\/01\/40885-1-300x199.webp",300,199,true],"large":["https:\/\/imagazine.it\/wp-content\/uploads\/2024\/01\/40885-1.webp",640,425,false],"thumblist":["https:\/\/imagazine.it\/wp-content\/uploads\/2024\/01\/40885-1.webp",300,199,false],"thumbrelated":["https:\/\/imagazine.it\/wp-content\/uploads\/2024\/01\/40885-1.webp",500,332,false],"meccarouselthumb":["https:\/\/imagazine.it\/wp-content\/uploads\/2024\/01\/40885-1.webp",474,315,false],"gridsquare":["https:\/\/imagazine.it\/wp-content\/uploads\/2024\/01\/40885-1.webp",391,260,false],"tileview":["https:\/\/imagazine.it\/wp-content\/uploads\/2024\/01\/40885-1.webp",300,199,false],"1536x1536":["https:\/\/imagazine.it\/wp-content\/uploads\/2024\/01\/40885-1.webp",1000,664,false],"2048x2048":["https:\/\/imagazine.it\/wp-content\/uploads\/2024\/01\/40885-1.webp",1000,664,false],"newsup-slider-full":["https:\/\/imagazine.it\/wp-content\/uploads\/2024\/01\/40885-1.webp",1000,664,false],"newsup-featured":["https:\/\/imagazine.it\/wp-content\/uploads\/2024\/01\/40885-1.webp",1000,664,false],"newsup-medium":["https:\/\/imagazine.it\/wp-content\/uploads\/2024\/01\/40885-1-720x380.webp",720,380,true],"tptn_thumbnail":["https:\/\/imagazine.it\/wp-content\/uploads\/2024\/01\/40885-1.webp",250,166,false],"sow-carousel-default":["https:\/\/imagazine.it\/wp-content\/uploads\/2024\/01\/40885-1-272x182.webp",272,182,true]},"rttpg_author":{"display_name":"redazione","author_link":"https:\/\/imagazine.it\/home_desk\/author\/redazione\/"},"rttpg_comment":0,"rttpg_category":"<a href=\"https:\/\/imagazine.it\/home_desk\/category\/attualita\/\" rel=\"category tag\">ATTUALIT\u00c0<\/a>","rttpg_excerpt":"Al Santa Maria degli Angeli","_links":{"self":[{"href":"https:\/\/imagazine.it\/home_desk\/wp-json\/wp\/v2\/posts\/39427","targetHints":{"allow":["GET"]}}],"collection":[{"href":"https:\/\/imagazine.it\/home_desk\/wp-json\/wp\/v2\/posts"}],"about":[{"href":"https:\/\/imagazine.it\/home_desk\/wp-json\/wp\/v2\/types\/post"}],"author":[{"embeddable":true,"href":"https:\/\/imagazine.it\/home_desk\/wp-json\/wp\/v2\/users\/28"}],"replies":[{"embeddable":true,"href":"https:\/\/imagazine.it\/home_desk\/wp-json\/wp\/v2\/comments?post=39427"}],"version-history":[{"count":0,"href":"https:\/\/imagazine.it\/home_desk\/wp-json\/wp\/v2\/posts\/39427\/revisions"}],"wp:featuredmedia":[{"embeddable":true,"href":"https:\/\/imagazine.it\/home_desk\/wp-json\/wp\/v2\/media\/39428"}],"wp:attachment":[{"href":"https:\/\/imagazine.it\/home_desk\/wp-json\/wp\/v2\/media?parent=39427"}],"wp:term":[{"taxonomy":"category","embeddable":true,"href":"https:\/\/imagazine.it\/home_desk\/wp-json\/wp\/v2\/categories?post=39427"},{"taxonomy":"post_tag","embeddable":true,"href":"https:\/\/imagazine.it\/home_desk\/wp-json\/wp\/v2\/tags?post=39427"}],"curies":[{"name":"wp","href":"https:\/\/api.w.org\/{rel}","templated":true}]}}