{"id":39423,"date":"2021-06-09T00:00:00","date_gmt":"2021-06-08T23:00:00","guid":{"rendered":"https:\/\/imagazine.it\/?p=39423"},"modified":"2021-06-09T00:00:00","modified_gmt":"2021-06-08T23:00:00","slug":"palmanova-posata-la-passerella-ciclopedonale-di-porta-udine","status":"publish","type":"post","link":"https:\/\/imagazine.it\/home_desk\/palmanova-posata-la-passerella-ciclopedonale-di-porta-udine\/","title":{"rendered":"Palmanova, posata la passerella ciclopedonale di Porta Udine"},"content":{"rendered":"<p> \tLa <strong>passerella ciclopedonale<\/strong> ha trovato la sua collocazione su <strong>Porta Udine a Palmanova<\/strong>.<\/p>\n<p> \tQuesta mattina, un trasporto eccezionale ha permesso di\u00a0<strong>posare la nuova struttura realizzata dalla ditta Sclauzero B&#038;f.lli <\/strong>con sede nella zona industriale della citt\u00e0 <strong>stellata<\/strong>. Nelle prossime settimane verr\u00e0 completata l\u2019opera, con il fissaggio alle strutture portanti e il rivestimento in legno della passerella. I lavori sono stati realizzati dalla ditta Appalti e Servizi srl di Campoformido, il Direttore Lavori \u00e8 Marco Pellizzari, il RUP Luca Vittori.<\/p>\n<p> \t\u201cAndiamo verso la conclusione dell\u2019opera realizzata da FVG Strade, che ringrazio. I pedoni e i ciclisti avranno cos\u00ec un passaggio a loro dedicato, separato da quello delle auto, per transitare in completa sicurezza. Un percorso che si innesta sul tragitto della ciclovia Alpe Adria che, andando dall\u2019Austria verso Grado, entra da Porta Udine e, passando per Piazza Grande, esce da Porta Aquileia verso il litorale\u201d, afferma il sindaco <strong>Francesco Martines<\/strong>.<\/p>\n<p> \tFVG Strade, titolare dell\u2019intervento sulla viabilit\u00e0, si sta occupando dei lavori di\u00a0<strong>realizzazione della passerella ciclo-pedonale<\/strong>\u00a0indipendente, della messa in sicurezza della strada e dei parapetti con spostamento e rifacimento dei sottoservizi di gas, luce, telefonia, acqua e illuminazione pubblica.<\/p>\n<p> \tQuesto intervento ha permesso di\u00a0<strong>riaprire il passaggio pedonale e ciclabile sotto la strada<\/strong>, riaprendo al transito l\u2019anello dei Bastioni senza necessariamente intersecare il traffico veicolare.<\/p>\n<p> \t\u201cStiamo progettando e lavorando &#8211; aggiunge il primo cittadino &#8211; su tutti e tre gli accessi alla Fortezza. Su\u00a0<strong>Porta Udine sono gi\u00e0 partiti i lavori di realizzazione della doppia rotonda e dello svincolo di San Marco<\/strong>\u00a0che permetter\u00e0 di superare gli storici problemi di viabilit\u00e0 legati al transito dei treni tra la citt\u00e0 e la zona industriale.\u00a0<strong>Su Porta Cividale stiamo progettando una rotonda<\/strong>\u00a0che renda pi\u00f9 fluido il traffico davanti alla caserma Durli mentre su\u00a0<strong>Porta Aquileia stiamo lavorando alla realizzazione di un accesso dedicato ai pedoni<\/strong>, in completa sicurezza. La salvaguardia della storicit\u00e0 della citt\u00e0 e le necessit\u00e0 legate alla quotidiana vivibilit\u00e0 dei cittadini stanno mettendo a dura prova i progettisti ma, di volta in volta, vengono trovate adeguate soluzioni nel rispetto di entrambi gli aspetti\u201d.<\/p>\n","protected":false},"excerpt":{"rendered":"<p>Guarda le foto<\/p>\n","protected":false},"author":28,"featured_media":39424,"comment_status":"closed","ping_status":"closed","sticky":false,"template":"","format":"standard","meta":{"dwc-title":[],"dwc-content":[],"footnotes":""},"categories":[5],"tags":[],"class_list":["post-39423","post","type-post","status-publish","format-standard","has-post-thumbnail","hentry","category-attualita"],"rttpg_featured_image_url":{"full":["https:\/\/imagazine.it\/wp-content\/uploads\/2024\/01\/40879-1.webp",1000,750,false],"landscape":["https:\/\/imagazine.it\/wp-content\/uploads\/2024\/01\/40879-1.webp",1000,750,false],"portraits":["https:\/\/imagazine.it\/wp-content\/uploads\/2024\/01\/40879-1.webp",1000,750,false],"thumbnail":["https:\/\/imagazine.it\/wp-content\/uploads\/2024\/01\/40879-1-150x150.webp",150,150,true],"medium":["https:\/\/imagazine.it\/wp-content\/uploads\/2024\/01\/40879-1-300x225.webp",300,225,true],"large":["https:\/\/imagazine.it\/wp-content\/uploads\/2024\/01\/40879-1.webp",640,480,false],"thumblist":["https:\/\/imagazine.it\/wp-content\/uploads\/2024\/01\/40879-1.webp",300,225,false],"thumbrelated":["https:\/\/imagazine.it\/wp-content\/uploads\/2024\/01\/40879-1.webp",500,375,false],"meccarouselthumb":["https:\/\/imagazine.it\/wp-content\/uploads\/2024\/01\/40879-1.webp",432,324,false],"gridsquare":["https:\/\/imagazine.it\/wp-content\/uploads\/2024\/01\/40879-1.webp",347,260,false],"tileview":["https:\/\/imagazine.it\/wp-content\/uploads\/2024\/01\/40879-1.webp",300,225,false],"1536x1536":["https:\/\/imagazine.it\/wp-content\/uploads\/2024\/01\/40879-1.webp",1000,750,false],"2048x2048":["https:\/\/imagazine.it\/wp-content\/uploads\/2024\/01\/40879-1.webp",1000,750,false],"newsup-slider-full":["https:\/\/imagazine.it\/wp-content\/uploads\/2024\/01\/40879-1-1000x720.webp",1000,720,true],"newsup-featured":["https:\/\/imagazine.it\/wp-content\/uploads\/2024\/01\/40879-1.webp",1000,750,false],"newsup-medium":["https:\/\/imagazine.it\/wp-content\/uploads\/2024\/01\/40879-1-720x380.webp",720,380,true],"tptn_thumbnail":["https:\/\/imagazine.it\/wp-content\/uploads\/2024\/01\/40879-1.webp",250,188,false],"sow-carousel-default":["https:\/\/imagazine.it\/wp-content\/uploads\/2024\/01\/40879-1-272x182.webp",272,182,true]},"rttpg_author":{"display_name":"redazione","author_link":"https:\/\/imagazine.it\/home_desk\/author\/redazione\/"},"rttpg_comment":0,"rttpg_category":"<a href=\"https:\/\/imagazine.it\/home_desk\/category\/attualita\/\" rel=\"category tag\">ATTUALIT\u00c0<\/a>","rttpg_excerpt":"Guarda le foto","_links":{"self":[{"href":"https:\/\/imagazine.it\/home_desk\/wp-json\/wp\/v2\/posts\/39423","targetHints":{"allow":["GET"]}}],"collection":[{"href":"https:\/\/imagazine.it\/home_desk\/wp-json\/wp\/v2\/posts"}],"about":[{"href":"https:\/\/imagazine.it\/home_desk\/wp-json\/wp\/v2\/types\/post"}],"author":[{"embeddable":true,"href":"https:\/\/imagazine.it\/home_desk\/wp-json\/wp\/v2\/users\/28"}],"replies":[{"embeddable":true,"href":"https:\/\/imagazine.it\/home_desk\/wp-json\/wp\/v2\/comments?post=39423"}],"version-history":[{"count":0,"href":"https:\/\/imagazine.it\/home_desk\/wp-json\/wp\/v2\/posts\/39423\/revisions"}],"wp:featuredmedia":[{"embeddable":true,"href":"https:\/\/imagazine.it\/home_desk\/wp-json\/wp\/v2\/media\/39424"}],"wp:attachment":[{"href":"https:\/\/imagazine.it\/home_desk\/wp-json\/wp\/v2\/media?parent=39423"}],"wp:term":[{"taxonomy":"category","embeddable":true,"href":"https:\/\/imagazine.it\/home_desk\/wp-json\/wp\/v2\/categories?post=39423"},{"taxonomy":"post_tag","embeddable":true,"href":"https:\/\/imagazine.it\/home_desk\/wp-json\/wp\/v2\/tags?post=39423"}],"curies":[{"name":"wp","href":"https:\/\/api.w.org\/{rel}","templated":true}]}}