{"id":39417,"date":"2021-06-09T00:00:00","date_gmt":"2021-06-08T23:00:00","guid":{"rendered":"https:\/\/imagazine.it\/?p=39417"},"modified":"2021-06-09T00:00:00","modified_gmt":"2021-06-08T23:00:00","slug":"gorizia-arrivano-le-visite-guidate-nei-quartieri","status":"publish","type":"post","link":"https:\/\/imagazine.it\/home_desk\/gorizia-arrivano-le-visite-guidate-nei-quartieri\/","title":{"rendered":"Gorizia, arrivano le visite guidate nei quartieri"},"content":{"rendered":"<p> \tPresentato a <strong>Gorizia<\/strong> il progetto <strong>#pgontheroad<\/strong> realizzato dal Comune attraverso il <strong>Punto giovani<\/strong>.<\/p>\n<p> \tA illustrarlo in municipio sono stati gli assessori alle politiche giovanili, <strong>Marilena Bernobich<\/strong>, e al decentramento, <strong>Chiara Gatta<\/strong>.\u00a0\u00a0<\/p>\n<p> \t\u201cSi tratta di una sorta di \u201cviaggio\u201d in tutti i 10 quartieri cittadini &#8211; hanno spiegato -, volto ad approfondire la conoscenza del territorio attraverso passeggiate culturali, con particolare attenzione ad alcuni siti storici, e fotografiche\u201d.<\/p>\n<p> \tGi\u00e0 definiti gli appuntamenti del mese di giugno. Marted\u00ec 15 si svolger\u00e0 una visita a <strong>Villa Attems Cernozza de Postcastro di Lucinico<\/strong> effettuata in collaborazione con l&#39;Unione delle associazioni &#8220;Lucin\u00ees&#8221; e con la propriet\u00e0 della Villa che condurr\u00e0 la passeggiata a titolo gratuito.<\/p>\n<p> \tSempre in collaborazione con l&#39;Unione delle associazioni &#8220;Lucin\u00ees&#8221;, e grazie alla disponibilit\u00e0 dell\u2019Associazione Naturalisti &#8220;Alvise Comel&#8221;, marted\u00ec 22 si potr\u00e0 visitare le esposizioni racchiuse presso il <strong>Museo Comel di Scienze Naturali in Madonnina<\/strong>.<\/p>\n<p> \tSar\u00e0 quindi la volta dei quartieri <strong>San Rocco e Sant\u2019Anna<\/strong> dove, il\u00a029 giugno \u00e8 in programma una passeggiata che condurr\u00e0 fino ai \u201ctesori\u201d custoditi nel <strong>Palazzo Lantieri<\/strong>. La visita sar\u00e0 condotta personalmente dalla contessa Carolina, in collaborazione con l\u2019Associazione Borc San Roc.\u00a0<\/p>\n<p> \tTutti gli incontri avverranno il marted\u00ec, dalle ore 18 alle ore 19.<\/p>\n<p> \tGli appuntamenti, sostenuti anche dai consiglieri delegati e attualmente in fase di definizione con le realt\u00e0 interessate, proseguiranno poi <strong>sino a marted\u00ec 7 settembre<\/strong> e fra questi sono gi\u00e0 in programma appuntamenti a <strong>Sant\u2019Andrea<\/strong> il 13 luglio, nel <strong>Parco dell\u2019Isonzo<\/strong>\u00a0il 24 agosto e nel <strong>Parco del Castello<\/strong> a settembre.<\/p>\n<p> \tDel progetto fanno parte anche gli incontri conclusivi del corso di sloveno svoltosi nei mesi scorsi al Punto giovani che prevedono una visita in questa lingua, insieme all\u2019insegnante di sloveno conversazionale <strong>Carlotta Zitter<\/strong>, per mettere in pratica ci\u00f2 che \u00e8 stato acquisito durante le lezioni avvenute in precedenza su Skype. Il primo appuntamento, in realt\u00e0,\u00a0si \u00e8 gi\u00e0 svolto ieri in collaborazione con l&#39;Associazione\u00a0Comunit\u00e0 Montesanto \u2013 Piazzutta mentre il prossimo si svolger\u00e0 il 13 luglio a <strong>Sant\u2019Andrea<\/strong> e sar\u00e0 aperto a tutti.\u00a0\u00a0\u00a0<\/p>\n<p> \tNel rispetto della normativa atta a prevenire la diffusione del COVID-19, tutte le attivit\u00e0 prevedono una prenotazione tramite mail a\u00a0<a href=\"mailto:puntogiovanigo@gmail.com\" target=\"_blank\" rel=\"noopener\">puntogiovanigo@gmail.com<\/a>\u00a0o telefonando al numero 0481 537089; tutte le iniziative sono gratuite sino al raggiungimento dei posti disponibili.\u00a0<\/p>\n<p> \t\u201cI periodi di chiusura hanno colpito soprattutto\u00a0il mondo dei giovani, questa \u00e8 un&#39;iniziativa pensata in maniera specifica per loro &#8211; commenta l\u2019assessore Gatta -.\u00a0\u00a0Proprio alle giovani generazioni ci rivolgiamo anche per riscoprire i tesori custoditi dai quartieri: abbiamo luoghi ricchi di storia e aneddoti che possono e devono essere valorizzati, anzitutto permettendo che la loro storia sia efficacemente diffusa e tramandata. Ringrazio tutte le associazioni che con entusiasmo in queste settimane stanno confermando la loro collaborazione&#8221;.<\/p>\n<p> \t&#8220;L&#39;idea del Pg On the Road &#8211; sottolinea l\u2019assessore Bernobich &#8211; nasce dalla volont\u00e0 di portare nei quartieri le attivit\u00e0 abitualmente svolte presso la sede del servizio comunale Punto giovani, ma allo stesso tempo si vuole favorire la conoscenza delle realt\u00e0 dei quartieri e delle bellezze da loro custodite anche fra le pi\u00f9 giovani generazioni. Si stanno cos\u00ec stringendo collaborazioni con le realt\u00e0 che organizzano sul territorio centri estivi come gruppi scout e parrocchie, allo scopo di favorire il pi\u00f9 possibile occasioni di informazione e di relazioni sociali per il target di riferimento del servizio\u201d.<\/p>\n<p> \tNel Centro, riaperto al pubblico dal 17 maggio previa prenotazione, \u00e8 attivo anche il laboratorio dedicato alla creativit\u00e0 \u201c<strong>CreativityLab<\/strong>\u201d, legato alla progettazione calata nell&#39;ambito dei progetti creativi. Il prossimo incontro si svolger\u00e0 il 17 giugno, dalle 18 alle 20, in modalit\u00e0 on line per andare incontro alle diverse richieste di partecipazione giunte da altre localit\u00e0 della regione, in cui si parler\u00e0 della piattaforma online di grafica \u201cCanva\u201d.<\/p>\n<p> \tSta proseguendo in modalit\u00e0 online anche il laboratorio <strong>Game on<\/strong>, strutturato sulla programmazione di un gioco (videogames, boardgames, giochi di ruolo), mentre <strong>Music couch<\/strong>, l\u2019iniziativa che vede esibizioni live musicali e artistiche con giovani artisti di interesse giovanile, attraverso i canali web del servizio, verr\u00e0 portata in presenza alla fine del mese di giugno e sino alla chiusura estiva.<\/p>\n<p> \tIl giorno 24 giugno inoltre il Punto Giovani ospiter\u00e0 la tappa goriziana del progetto <strong>KA3 #youthgoalschallenge <\/strong>coordinato da Europiamo Ets, ente del terzo settore diventata il punto di incontro italiano tra i Giovani Ambasciatori Europei e le Giovani Ambasciatrici Europee e le realt\u00e0 che operano nel settore della mobilit\u00e0 europea.\u00a0Il progetto, finanziato all&#39;interno del programma Erasmus+, mira a mappare ed innovare le politiche giovanili a livello locale, regionale e nazionale nella cornice della Strategia Europea per la Giovent\u00f9 2019-2027 e degli 11 European Youth Goals. La tappa goriziana riguarda lo YouthGoal numero 5: salute mentale &#038; benessere.\u00a0<\/p>\n<p> \tPer rimanere sempre aggiornati sulle attivit\u00e0 e le relative date e orari, \u00e8 utile fare sempre riferimento ai canali online del Punto Giovani Gorizia:<\/p>\n<p> \t\u00a0<\/p>\n<p> \tInstagram: @puntogiovanigo<\/p>\n<p> \tFacebook: @puntogiovanigorizia<\/p>\n<p> \tTwitter: @PuntoGiovaniGo<\/p>\n<p> \tSito:\u00a0<a data-saferedirecturl=\"https:\/\/www.google.com\/url?q=http:\/\/puntogiovanigo.altervista.org&#038;source=gmail&#038;ust=1623323432043000&#038;usg=AFQjCNHFePYGsOZj9FjQkI5uk3UNqUDU_w\" href=\"http:\/\/puntogiovanigo.altervista.org\/\" target=\"_blank\" rel=\"noopener\">puntogiovanigo.altervista.org<\/a><\/p>\n<p> \t<a href=\"mailto:puntogiovanigo@gmail.com\" target=\"_blank\" rel=\"noopener\">puntogiovanigo@gmail.com<\/a><\/p>\n<p> \t0481 537089<\/p>\n<p> \tluned\u00ec 15-20; marted\u00ec 15-22; mercoled\u00ec 16-20; gioved\u00ec 16.30-22<\/p>\n","protected":false},"excerpt":{"rendered":"<p>Presentato il progetto #pgontheroad<\/p>\n","protected":false},"author":28,"featured_media":39418,"comment_status":"closed","ping_status":"closed","sticky":false,"template":"","format":"standard","meta":{"dwc-title":[],"dwc-content":[],"footnotes":""},"categories":[5],"tags":[],"class_list":["post-39417","post","type-post","status-publish","format-standard","has-post-thumbnail","hentry","category-attualita"],"rttpg_featured_image_url":{"full":["https:\/\/imagazine.it\/wp-content\/uploads\/2024\/01\/40871-1.webp",851,479,false],"landscape":["https:\/\/imagazine.it\/wp-content\/uploads\/2024\/01\/40871-1.webp",851,479,false],"portraits":["https:\/\/imagazine.it\/wp-content\/uploads\/2024\/01\/40871-1.webp",851,479,false],"thumbnail":["https:\/\/imagazine.it\/wp-content\/uploads\/2024\/01\/40871-1-150x150.webp",150,150,true],"medium":["https:\/\/imagazine.it\/wp-content\/uploads\/2024\/01\/40871-1-300x169.webp",300,169,true],"large":["https:\/\/imagazine.it\/wp-content\/uploads\/2024\/01\/40871-1.webp",640,360,false],"thumblist":["https:\/\/imagazine.it\/wp-content\/uploads\/2024\/01\/40871-1.webp",300,169,false],"thumbrelated":["https:\/\/imagazine.it\/wp-content\/uploads\/2024\/01\/40871-1.webp",500,281,false],"meccarouselthumb":["https:\/\/imagazine.it\/wp-content\/uploads\/2024\/01\/40871-1.webp",474,267,false],"gridsquare":["https:\/\/imagazine.it\/wp-content\/uploads\/2024\/01\/40871-1.webp",391,220,false],"tileview":["https:\/\/imagazine.it\/wp-content\/uploads\/2024\/01\/40871-1.webp",300,169,false],"1536x1536":["https:\/\/imagazine.it\/wp-content\/uploads\/2024\/01\/40871-1.webp",851,479,false],"2048x2048":["https:\/\/imagazine.it\/wp-content\/uploads\/2024\/01\/40871-1.webp",851,479,false],"newsup-slider-full":["https:\/\/imagazine.it\/wp-content\/uploads\/2024\/01\/40871-1.webp",851,479,false],"newsup-featured":["https:\/\/imagazine.it\/wp-content\/uploads\/2024\/01\/40871-1.webp",851,479,false],"newsup-medium":["https:\/\/imagazine.it\/wp-content\/uploads\/2024\/01\/40871-1-720x380.webp",720,380,true],"tptn_thumbnail":["https:\/\/imagazine.it\/wp-content\/uploads\/2024\/01\/40871-1.webp",250,141,false],"sow-carousel-default":["https:\/\/imagazine.it\/wp-content\/uploads\/2024\/01\/40871-1-272x182.webp",272,182,true]},"rttpg_author":{"display_name":"redazione","author_link":"https:\/\/imagazine.it\/home_desk\/author\/redazione\/"},"rttpg_comment":0,"rttpg_category":"<a href=\"https:\/\/imagazine.it\/home_desk\/category\/attualita\/\" rel=\"category tag\">ATTUALIT\u00c0<\/a>","rttpg_excerpt":"Presentato il progetto #pgontheroad","_links":{"self":[{"href":"https:\/\/imagazine.it\/home_desk\/wp-json\/wp\/v2\/posts\/39417","targetHints":{"allow":["GET"]}}],"collection":[{"href":"https:\/\/imagazine.it\/home_desk\/wp-json\/wp\/v2\/posts"}],"about":[{"href":"https:\/\/imagazine.it\/home_desk\/wp-json\/wp\/v2\/types\/post"}],"author":[{"embeddable":true,"href":"https:\/\/imagazine.it\/home_desk\/wp-json\/wp\/v2\/users\/28"}],"replies":[{"embeddable":true,"href":"https:\/\/imagazine.it\/home_desk\/wp-json\/wp\/v2\/comments?post=39417"}],"version-history":[{"count":0,"href":"https:\/\/imagazine.it\/home_desk\/wp-json\/wp\/v2\/posts\/39417\/revisions"}],"wp:featuredmedia":[{"embeddable":true,"href":"https:\/\/imagazine.it\/home_desk\/wp-json\/wp\/v2\/media\/39418"}],"wp:attachment":[{"href":"https:\/\/imagazine.it\/home_desk\/wp-json\/wp\/v2\/media?parent=39417"}],"wp:term":[{"taxonomy":"category","embeddable":true,"href":"https:\/\/imagazine.it\/home_desk\/wp-json\/wp\/v2\/categories?post=39417"},{"taxonomy":"post_tag","embeddable":true,"href":"https:\/\/imagazine.it\/home_desk\/wp-json\/wp\/v2\/tags?post=39417"}],"curies":[{"name":"wp","href":"https:\/\/api.w.org\/{rel}","templated":true}]}}