{"id":39411,"date":"2021-06-08T00:00:00","date_gmt":"2021-06-07T23:00:00","guid":{"rendered":"https:\/\/imagazine.it\/?p=39411"},"modified":"2021-06-08T00:00:00","modified_gmt":"2021-06-07T23:00:00","slug":"imprese-e-turismo-nuovo-asse-tra-fvg-e-carinzia","status":"publish","type":"post","link":"https:\/\/imagazine.it\/home_desk\/imprese-e-turismo-nuovo-asse-tra-fvg-e-carinzia\/","title":{"rendered":"Imprese e turismo, nuovo asse tra FVG e Carinzia"},"content":{"rendered":"<p> \tRafforzare le\u00a0<strong>relazioni transfrontaliere<\/strong>\u00a0per gestire in modo pi\u00f9 efficace la\u00a0<strong>ripartenza economica post-Covid<\/strong>, lavorando su progetti comuni in particolare in materia di\u00a0<strong>turismo, di formazione e il lavoro dei giovani e di digitalizzazione delle imprese<\/strong>.<\/p>\n<p> \tQuesti i temi principali al centro dell\u2019<strong>incontro bilaterale<\/strong>\u00a0ospitato oggi\u00a0dal presidente della\u00a0<strong>Camera di Commercio di Pordenone-Udine<\/strong>\u00a0<strong>Giovanni Da Pozzo<\/strong>\u00a0con il\u00a0<strong>presidente della Camera della Carinzia J\u00fcrgen Mandl<\/strong>, in visita in Veneto e nella nostra regione accompagnato dal direttore\u00a0<strong>Meinrad H\u00f6fferer<\/strong>\u00a0e da\u00a0<strong>Matteo Zen<\/strong>, direttore dell\u2019ufficio camerale carinziano a Padova.<\/p>\n<p> \t\u00abSu questi e altri temi di interesse comune \u2013 ha anticipato il presidente Da Pozzo \u2013 ho gi\u00e0 avuto la disponibilit\u00e0 dell\u2019assessore regionale alle attivit\u00e0 produttive\u00a0<strong>Sergio Bini<\/strong>\u00a0per un incontro, che fisseremo gi\u00e0 nei mesi estivi, assieme anche al suo omologo carinziano, per sviluppare insieme alcune concrete linee d\u2019azione\u00bb.<\/p>\n<p> \tUn\u2019idea subito accolta con favore dalla delegazione carinziana, che ha evidenziato l\u2019importanza di far valere di pi\u00f9, a livello europeo, le\u00a0<strong>progettualit\u00e0 integrate di aree contermini<\/strong>, poich\u00e9 possono portare a risultati pi\u00f9 efficaci, garantiti proprio partendo dalla vicinanza geografica e da linee strategiche che necessariamente trovino confronti proficui e importanti raccordi.<\/p>\n<p> \tTra queste, i presenti hanno evidenziato, in particolare, gli\u00a0<strong>investimenti nella logistica e nei trasporti<\/strong>, ma anche i\u00a0<strong>progetti di scambio, formazione e lavoro per i giovani<\/strong>, magari individuando comparti in cui il mercato via via richiede pi\u00f9 personale e professionalit\u00e0, di qua e di l\u00e0 dal confine.<\/p>\n<p> \tTra le priorit\u00e0 evidenziate all\u2019incontro, utile anche come\u00a0<strong>avvicinamento alla Conferenza dei presidenti della Nuova Alpe Adria<\/strong>, network nel cui ambito si \u00e8 realizzata la visita della delegazione austriaca, anche il potenziamento comune\u00a0<strong>degli investimenti in ricerca e sviluppo<\/strong>\u00a0(in Carinzia molto cospicui e su cui stanno puntando con decisione) e in particolare il ruolo sempre pi\u00f9 importante degli\u00a0<strong>enti camerali nell\u2019accompagnamento delle pmi verso la digitalizzazione<\/strong>\u00a0\u2013 nonch\u00e9 verso la predisposizione di sempre\u00a0<strong>maggiori servizi digitali e online da parte delle Camere<\/strong>, per ridurre tempi, burocrazia e costi a carico delle imprese.<\/p>\n<p> \tAl termine dell&#39;incontro, il presidente Da Pozzo ha consegnato al presidente Mandl la\u00a0<strong>moneta di Jacopo Linussio<\/strong>, riconoscimento della Camera di Commercio Pn-Ud quale simbolo di talento e capacit\u00e0 economica del territorio.<\/p>\n","protected":false},"excerpt":{"rendered":"<p>Incontro istituzionale a Udine<\/p>\n","protected":false},"author":28,"featured_media":39412,"comment_status":"closed","ping_status":"closed","sticky":false,"template":"","format":"standard","meta":{"dwc-title":[],"dwc-content":[],"footnotes":""},"categories":[5],"tags":[],"class_list":["post-39411","post","type-post","status-publish","format-standard","has-post-thumbnail","hentry","category-attualita"],"rttpg_featured_image_url":{"full":["https:\/\/imagazine.it\/wp-content\/uploads\/2024\/01\/40853-1.webp",1000,662,false],"landscape":["https:\/\/imagazine.it\/wp-content\/uploads\/2024\/01\/40853-1.webp",1000,662,false],"portraits":["https:\/\/imagazine.it\/wp-content\/uploads\/2024\/01\/40853-1.webp",1000,662,false],"thumbnail":["https:\/\/imagazine.it\/wp-content\/uploads\/2024\/01\/40853-1-150x150.webp",150,150,true],"medium":["https:\/\/imagazine.it\/wp-content\/uploads\/2024\/01\/40853-1-300x199.webp",300,199,true],"large":["https:\/\/imagazine.it\/wp-content\/uploads\/2024\/01\/40853-1.webp",640,424,false],"thumblist":["https:\/\/imagazine.it\/wp-content\/uploads\/2024\/01\/40853-1.webp",300,199,false],"thumbrelated":["https:\/\/imagazine.it\/wp-content\/uploads\/2024\/01\/40853-1.webp",500,331,false],"meccarouselthumb":["https:\/\/imagazine.it\/wp-content\/uploads\/2024\/01\/40853-1.webp",474,314,false],"gridsquare":["https:\/\/imagazine.it\/wp-content\/uploads\/2024\/01\/40853-1.webp",391,260,false],"tileview":["https:\/\/imagazine.it\/wp-content\/uploads\/2024\/01\/40853-1.webp",300,199,false],"1536x1536":["https:\/\/imagazine.it\/wp-content\/uploads\/2024\/01\/40853-1.webp",1000,662,false],"2048x2048":["https:\/\/imagazine.it\/wp-content\/uploads\/2024\/01\/40853-1.webp",1000,662,false],"newsup-slider-full":["https:\/\/imagazine.it\/wp-content\/uploads\/2024\/01\/40853-1.webp",1000,662,false],"newsup-featured":["https:\/\/imagazine.it\/wp-content\/uploads\/2024\/01\/40853-1.webp",1000,662,false],"newsup-medium":["https:\/\/imagazine.it\/wp-content\/uploads\/2024\/01\/40853-1-720x380.webp",720,380,true],"tptn_thumbnail":["https:\/\/imagazine.it\/wp-content\/uploads\/2024\/01\/40853-1.webp",250,166,false],"sow-carousel-default":["https:\/\/imagazine.it\/wp-content\/uploads\/2024\/01\/40853-1-272x182.webp",272,182,true]},"rttpg_author":{"display_name":"redazione","author_link":"https:\/\/imagazine.it\/home_desk\/author\/redazione\/"},"rttpg_comment":0,"rttpg_category":"<a href=\"https:\/\/imagazine.it\/home_desk\/category\/attualita\/\" rel=\"category tag\">ATTUALIT\u00c0<\/a>","rttpg_excerpt":"Incontro istituzionale a Udine","_links":{"self":[{"href":"https:\/\/imagazine.it\/home_desk\/wp-json\/wp\/v2\/posts\/39411","targetHints":{"allow":["GET"]}}],"collection":[{"href":"https:\/\/imagazine.it\/home_desk\/wp-json\/wp\/v2\/posts"}],"about":[{"href":"https:\/\/imagazine.it\/home_desk\/wp-json\/wp\/v2\/types\/post"}],"author":[{"embeddable":true,"href":"https:\/\/imagazine.it\/home_desk\/wp-json\/wp\/v2\/users\/28"}],"replies":[{"embeddable":true,"href":"https:\/\/imagazine.it\/home_desk\/wp-json\/wp\/v2\/comments?post=39411"}],"version-history":[{"count":0,"href":"https:\/\/imagazine.it\/home_desk\/wp-json\/wp\/v2\/posts\/39411\/revisions"}],"wp:featuredmedia":[{"embeddable":true,"href":"https:\/\/imagazine.it\/home_desk\/wp-json\/wp\/v2\/media\/39412"}],"wp:attachment":[{"href":"https:\/\/imagazine.it\/home_desk\/wp-json\/wp\/v2\/media?parent=39411"}],"wp:term":[{"taxonomy":"category","embeddable":true,"href":"https:\/\/imagazine.it\/home_desk\/wp-json\/wp\/v2\/categories?post=39411"},{"taxonomy":"post_tag","embeddable":true,"href":"https:\/\/imagazine.it\/home_desk\/wp-json\/wp\/v2\/tags?post=39411"}],"curies":[{"name":"wp","href":"https:\/\/api.w.org\/{rel}","templated":true}]}}