{"id":39383,"date":"2021-06-04T00:00:00","date_gmt":"2021-06-03T23:00:00","guid":{"rendered":"https:\/\/imagazine.it\/?p=39383"},"modified":"2021-06-04T00:00:00","modified_gmt":"2021-06-03T23:00:00","slug":"itinerari-possibili-gran-finale-a-staranzano","status":"publish","type":"post","link":"https:\/\/imagazine.it\/home_desk\/itinerari-possibili-gran-finale-a-staranzano\/","title":{"rendered":"Itinerari Possibili, gran finale a Staranzano"},"content":{"rendered":"<p> \tSi \u00e8 svolto presso lo spazio multimediale Delbianco a <strong>Staranzano<\/strong>, l\u2019evento conclusivo della manifestazione di Arte Contemporanea Multimediale Arte Open 2020\/2021 \u2013 Itinerari Possibili.\u00a0\u00a0<\/p>\n<p> \tPer l\u2019occasione \u00e8 stato presentato il volume che raccoglie tutti gli appuntamenti realizzati nel corso del 2020, che nonostante tutte le restrizioni e difficolt\u00e0 determinate dal covid-19, si sono svolti integralmente.<\/p>\n<p> \tSono intervenuti il sindaco di Staranzano <strong>Riccardo Marchesan<\/strong>, l\u2019assessore alla Cultura <strong>Roberta Russi<\/strong>, la dirigente del Liceo Artistico Max Fabiani di Gorizia, <strong>Marzia Battistutti<\/strong>, i restauratori <strong>Lucio Zambon<\/strong> e <strong>Ginevra Pignagnoli<\/strong>.<\/p>\n<p> \tIl contributo critico \u00e8 stato curato da <strong>Franca Marri<\/strong> e <strong>Cristina Feresin<\/strong>.<\/p>\n<p> \tDi seguito la performance multimediale \u201cOltre il tempo \u2013 Percorsi relazionati continui\u201d aspetti performativi per una narrazione contemporanea del Cartone di Raffaello \u201cLa Scuola di Atene\u201d.<\/p>\n<p> \tIl progetto multimediale per azione performativa, narrazioni video, sonorit\u00e0 vocali, musicali e elettroniche, cos\u00ec come la regia, \u00e8 stato curato dall\u2019associazione culturale <strong>Transmedia Arti Visive<\/strong>, l\u2019azione performativa \u00e8 realizzata dal collettivo contemporaneo <strong>The Lab<\/strong> (Alice Parovel, Serena Millo, Benedetta Agostinis), il supporto storico-critico \u00e8 seguito da Franca Marri docente di Storia dell\u2019arte Liceo Artistico Max Fabiani di Gorizia, l\u2019interpretazione \u00e8 affidata agli studenti del Liceo Artistico Max Fabiani di Gorizia (Giorga Mazzon, Meskerem Moccia, Terezija Travain), le riprese video a cura degli studenti del DAMS di Gorizia &#8211; discipline dell&#39;audiovisivo, media e spettacolo (Erica Zamparo e Vinicius Bellemo), l\u2019ambiente sonoro \u00e8 ideato da Roberto Duse guitar\/device e Mauro Bon bass\/device &#8211; Digital Brothers, intervento vocale di Erica Benfatto.<\/p>\n<p> \tDella durata di venti minuti circa, si presenta come un percorso articolato in cui l\u2019aspetto centrale attorno al quale ruota tutta la rappresentazione, \u00e8 l\u2019elemento multimediale spesso strutturato in divenire, a voler creare un ideale ponte tra le sperimentazioni e costituire modelli narrativi di forte impatto espressivo. La costruzione dello spazio si presenta essenziale, \u00e8 composto da scenari oggettuali, proiezioni video e angoli volutamente bui. L\u2019ambiente \u00e8 ideato come un&#39;installazione organica in cui tutti gli elementi presenti concorrono a creare un itinerario visionario.<\/p>\n","protected":false},"excerpt":{"rendered":"<p>Allo spazio multimediale Delbianco<\/p>\n","protected":false},"author":28,"featured_media":39384,"comment_status":"closed","ping_status":"closed","sticky":false,"template":"","format":"standard","meta":{"dwc-title":[],"dwc-content":[],"footnotes":""},"categories":[37],"tags":[],"class_list":["post-39383","post","type-post","status-publish","format-standard","has-post-thumbnail","hentry","category-cultura-e-spettacolo"],"rttpg_featured_image_url":{"full":["https:\/\/imagazine.it\/wp-content\/uploads\/2024\/01\/40753-1.webp",1000,583,false],"landscape":["https:\/\/imagazine.it\/wp-content\/uploads\/2024\/01\/40753-1.webp",1000,583,false],"portraits":["https:\/\/imagazine.it\/wp-content\/uploads\/2024\/01\/40753-1.webp",1000,583,false],"thumbnail":["https:\/\/imagazine.it\/wp-content\/uploads\/2024\/01\/40753-1-150x150.webp",150,150,true],"medium":["https:\/\/imagazine.it\/wp-content\/uploads\/2024\/01\/40753-1-300x175.webp",300,175,true],"large":["https:\/\/imagazine.it\/wp-content\/uploads\/2024\/01\/40753-1.webp",640,373,false],"thumblist":["https:\/\/imagazine.it\/wp-content\/uploads\/2024\/01\/40753-1.webp",300,175,false],"thumbrelated":["https:\/\/imagazine.it\/wp-content\/uploads\/2024\/01\/40753-1.webp",500,292,false],"meccarouselthumb":["https:\/\/imagazine.it\/wp-content\/uploads\/2024\/01\/40753-1.webp",474,276,false],"gridsquare":["https:\/\/imagazine.it\/wp-content\/uploads\/2024\/01\/40753-1.webp",391,228,false],"tileview":["https:\/\/imagazine.it\/wp-content\/uploads\/2024\/01\/40753-1.webp",300,175,false],"1536x1536":["https:\/\/imagazine.it\/wp-content\/uploads\/2024\/01\/40753-1.webp",1000,583,false],"2048x2048":["https:\/\/imagazine.it\/wp-content\/uploads\/2024\/01\/40753-1.webp",1000,583,false],"newsup-slider-full":["https:\/\/imagazine.it\/wp-content\/uploads\/2024\/01\/40753-1.webp",1000,583,false],"newsup-featured":["https:\/\/imagazine.it\/wp-content\/uploads\/2024\/01\/40753-1.webp",1000,583,false],"newsup-medium":["https:\/\/imagazine.it\/wp-content\/uploads\/2024\/01\/40753-1-720x380.webp",720,380,true],"tptn_thumbnail":["https:\/\/imagazine.it\/wp-content\/uploads\/2024\/01\/40753-1.webp",250,146,false],"sow-carousel-default":["https:\/\/imagazine.it\/wp-content\/uploads\/2024\/01\/40753-1-272x182.webp",272,182,true]},"rttpg_author":{"display_name":"redazione","author_link":"https:\/\/imagazine.it\/home_desk\/author\/redazione\/"},"rttpg_comment":0,"rttpg_category":"<a href=\"https:\/\/imagazine.it\/home_desk\/category\/cultura-e-spettacolo\/\" rel=\"category tag\">CULTURA&amp;SPETTACOLO<\/a>","rttpg_excerpt":"Allo spazio multimediale Delbianco","_links":{"self":[{"href":"https:\/\/imagazine.it\/home_desk\/wp-json\/wp\/v2\/posts\/39383","targetHints":{"allow":["GET"]}}],"collection":[{"href":"https:\/\/imagazine.it\/home_desk\/wp-json\/wp\/v2\/posts"}],"about":[{"href":"https:\/\/imagazine.it\/home_desk\/wp-json\/wp\/v2\/types\/post"}],"author":[{"embeddable":true,"href":"https:\/\/imagazine.it\/home_desk\/wp-json\/wp\/v2\/users\/28"}],"replies":[{"embeddable":true,"href":"https:\/\/imagazine.it\/home_desk\/wp-json\/wp\/v2\/comments?post=39383"}],"version-history":[{"count":0,"href":"https:\/\/imagazine.it\/home_desk\/wp-json\/wp\/v2\/posts\/39383\/revisions"}],"wp:featuredmedia":[{"embeddable":true,"href":"https:\/\/imagazine.it\/home_desk\/wp-json\/wp\/v2\/media\/39384"}],"wp:attachment":[{"href":"https:\/\/imagazine.it\/home_desk\/wp-json\/wp\/v2\/media?parent=39383"}],"wp:term":[{"taxonomy":"category","embeddable":true,"href":"https:\/\/imagazine.it\/home_desk\/wp-json\/wp\/v2\/categories?post=39383"},{"taxonomy":"post_tag","embeddable":true,"href":"https:\/\/imagazine.it\/home_desk\/wp-json\/wp\/v2\/tags?post=39383"}],"curies":[{"name":"wp","href":"https:\/\/api.w.org\/{rel}","templated":true}]}}