{"id":39379,"date":"2021-06-07T00:00:00","date_gmt":"2021-06-06T23:00:00","guid":{"rendered":"https:\/\/imagazine.it\/?p=39379"},"modified":"2021-06-07T00:00:00","modified_gmt":"2021-06-06T23:00:00","slug":"gorizia-il-verdi-riapre-il-sipario","status":"publish","type":"post","link":"https:\/\/imagazine.it\/home_desk\/gorizia-il-verdi-riapre-il-sipario\/","title":{"rendered":"Gorizia, il Verdi riapre il sipario"},"content":{"rendered":"<p> \tIl <strong>Teatro Verdi di Gorizia<\/strong> riparte da <strong>Verdid\u2019Estate<\/strong>: la stagione estiva preparata dal<strong> direttore artistico, Walter Mramor<\/strong>, conter\u00e0 undici spettacoli. Quattro saranno espressamente rivolti ai pi\u00f9 piccoli e alle famiglie, uno appassioner\u00e0 gli spettatori di tutte le et\u00e0 e sei consentiranno di fare un viaggio tra i vari generi della musica.<\/p>\n<p> \tA ospitare gli appuntamenti, che prenderanno il via <strong>marted\u00ec 15 giugno<\/strong>, sar\u00e0 il Teatro stesso, per una precisa scelta del Comune, ovvero consentire al pubblico di riappropriarsene dopo quasi un anno di lontananza forzata.<\/p>\n<p> \tTutti gli spettacoli avranno inizio <strong>alle 20.30<\/strong>: il biglietto di ingresso coster\u00e0 3 euro per gli appuntamenti dedicati al pubblico di famiglie e bambini e 8 euro per le altre serate. I biglietti potranno essere acquistati in biglietteria (ingresso via Garibaldi 2A) a partire da due giorni prima dello spettacolo (esclusi sabato e festivi) e il giorno stesso della rappresentazione dalle 16 alle 19. Come gi\u00e0 avvenuto la scorsa estate sar\u00e0 possibile prenotare i posti anticipatamente tramite il <u><a href=\"http:\/\/www1.comune.gorizia.it\/teatro\/\" target=\"_blank\" rel=\"noopener\"><span style=\"color:#0000ff;\">sito del Teatro<\/span><\/a><\/u> fino al giorno prima dell\u2019apertura della biglietteria, ritirando quindi i tagliandi nella stessa biglietteria nei due giorni precedenti l\u2019evento.<\/p>\n<p> \tPer meglio organizzare la disposizione degli spettatori nella sala e garantire il massimo distanziamento possibile, si invita a utilizzare tale possibilit\u00e0 di prenotazione. La sera stessa della rappresentazione i biglietti prenotati e non ritirati saranno messi in vendita.<\/p>\n<p> \t\u201cSono emozionato: quella che stiamo vivendo \u00e8 la vera ripartenza\u201d, ha rimarcato il <strong>sindaco, Rodolfo Ziberna<\/strong>, in occasione della conferenza stampa di presentazione di Verdid\u2019Estate. \u201cRiparte la cultura e con essa anche tanti posti di lavoro. Significa far tornare a respirare un intero settore. Noi quindi ci prepariamo a Verdid\u2019Estate con grandissimo entusiasmo\u201d, ha proseguito il primo cittadino.<\/p>\n<p> \tSulla stessa lunghezza d\u2019onda l\u2019<strong>assessore comunale alla Cultura, Fabrizio Oreti<\/strong>: \u201cFinalmente \u00e8 arrivato il momento di riappropriarci dei nostri spazi e del nostro Teatro\u201d.<\/p>\n<p> \t\u201cHo pensato &#8211; le parole del <strong>direttore artistico, Walter Mramor<\/strong> &#8211; a una programmazione estiva di livello improntata a leggerezza, buonumore e allegria. I cittadini potranno riappropriarsi del Verdi, con quattro spettacoli per i bambini e le famiglie che saranno occasione di divertimento e apprendimento. In Verdid\u2019Estate la musica \u00e8 protagonista, declinata nelle sue varie forme, in quello che in un certo senso \u00e8 anche un compendio per le nuove generazioni per conoscere grandi artisti. Al di l\u00e0 dell\u2019aspetto culturale, il teatro \u00e8 anche lavoro, per un settore rimasto fermo 15 mesi e che ora pu\u00f2 ripartire\u201d.<\/p>\n<p> \t<strong>Gli accorgimenti di sicurezza<\/strong><\/p>\n<p> \tAll\u2019interno del teatro sar\u00e0 obbligatorio l&#39;utilizzo della mascherina, che dovr\u00e0 essere correttamente indossata per tutta la permanenza nei locali del Teatro. Per i bambini valgono le regole generali. Potr\u00e0 essere rilevata la temperatura corporea, impedendo l&#39;accesso in caso sia superiore a 37,5 \u00b0C. Saranno forniti gel disinfettanti per le mani e saranno presenti cartelli indicanti le buone norme igieniche. Sono state inoltre create uscite alternative, utilizzando le vie di emergenza, per non creare affollamenti durante il deflusso del pubblico.<\/p>\n<p> \t<strong>Il cartellone<\/strong><\/p>\n<p> \tIl primo appuntamento, <strong>m<\/strong><strong>arted\u00ec 15 giugno, <\/strong>sar\u00e0 all\u2019insegna del teatro acrobatico, con <strong>The Black Blues Brothers<\/strong>, scritto e diretto da Alexander Sunny, con Bilal Musa Huka, Rashid Amini Kulembwa, Seif Mohamed Mlevi, Peter Mnyamosi Obunde e Sammy Mwendwa Wambua. Lo show, che ha superato le 600 date in tutto il mondo registrando oltre 300.000 spettatori, spazia dal circo contemporaneo alla commedia musicale, tra gag esilaranti, buffi striptease e spassose sfide di ballo.<\/p>\n<p> \tBimbi e famiglie saranno protagonisti <strong>venerd\u00ec 25 giugno<\/strong> con <strong>Il mago di Oz<\/strong>, della <em>Fondazione Aida<\/em> (Verona). Il fulcro attorno a cui ruota lo spettacolo \u00e8 l\u2019aspetto \u201cfantastico\u201d, quello legato all\u2019esperienza attraverso cui tutti siamo passati: il pericoloso e tortuoso cammino della crescita, l\u2019esperienza meravigliosa che necessita di cervello, cuore e coraggio.<\/p>\n<p> \t<strong>Sabato 26 giugno<\/strong> sar\u00e0 la volta del teatro canzone, con <strong>MarlenEdith<\/strong>, di e con <em>Graziana Borciani <\/em>(componente degli Oblivion) e <em>Stefania Seculin<\/em> e con <em>Gaia Ferrara<\/em>, con <em>Lamberto Lipparini<\/em> al pianoforte e alla fisarmonica. Le vite eccezionali di \u00c9dith Piaf e Marlene Dietrich saranno ripercorse tramite le loro canzoni pi\u00f9 significative, da <em>La Vie en rose <\/em>a <em>Hymne \u00e0 l\u2019Amour<\/em>, da Just a <em>Gigolo <\/em>a <em>Lili Marleen<\/em>, interpretate in una veste sobria, elegante e senza fronzoli.<\/p>\n<p> \tIl pubblico di ogni et\u00e0 apprezzer\u00e0 <strong>gioved\u00ec 8 luglio<\/strong> il trasformista <em>Ennio Marchetto<\/em>, che in <strong>The living paper cartoon<\/strong> dar\u00e0 vita a una vera Babilonia di musica, teatro e creativit\u00e0. Come per i pi\u00f9 grandi trasformisti, la forza dello spettacolo consiste nella straordinaria velocit\u00e0 con cui Ennio Marchetto muove i costumi, li apre, aggiunge particolari disegnati e parrucche di carta.<\/p>\n<p> \tLa sera successiva, <strong>venerd\u00ec 9 luglio<\/strong>, l\u2019associazione culturale <em>Fantateatro \u2013 Altomusic<\/em> (Bologna) racconter\u00e0 la storia de <strong>I tre porcellini<\/strong> in una versione rivisitata, passando dal tema dell\u2019ecologia a quello dell\u2019amicizia in un\u2019ora di puro divertimento.<\/p>\n<p> \tAttori, pupazzi e figure animate, in una continua interazione con il pubblico, saranno gli ingredienti venerd\u00ec 16 luglio di <strong>Cenerentola in bianco e nero<\/strong> nella produzione <em>Proscenio Teatro<\/em>. Lo spettacolo racconta fedelmente la vicenda, attraversando i momenti pi\u00f9 cari e noti al pubblico di ogni et\u00e0, ma saranno gli spettatori a decidere il finale, tramite una regolare votazione.<\/p>\n<p> \t<strong>Marted\u00ec 20 luglio<\/strong> il Verdi ospiter\u00e0 l\u2019omaggio a Lucio Dalla <strong>La sera dei miracoli<\/strong>, con <em>Lorenzo Campani<\/em> (voce), <em>Luigi Buggio<\/em> (pianoforte<em>), Marco Vattovani<\/em> (batteria), <em>Massimo Pasut<\/em> (basso) e <em>Marco Locatelli<\/em> (chitarra). Un carosello di immagini proiettate accompagner\u00e0 la narrazione in musica del grande artista bolognese.<\/p>\n<p> \tLa musica classica sar\u00e0 di scena <strong>m<\/strong><strong>ercoled\u00ec 4 agosto<\/strong> in <strong>Microband<\/strong>, il cui sottotitolo \u00e8 \u201c<em>Classica for Dummies &#8211; Musica classica per scriteriati<\/em>\u201d. <em>Luca Domenicali <\/em>e<em> Danilo Maggio<\/em> dedicano un intero spettacolo alla musica classica appunto, con irresistibili gag, magiche invenzioni e la loro tipica vena di comica follia. Uno spettacolo che sar\u00e0 una piacevolissima sorpresa anche per quelli che pensando che la \u201cClassica\u201d sia una musica noiosa e per bacchettoni.<\/p>\n<p> \t<strong>Marted\u00ec 24 agosto<\/strong> <em>An\u00e0-Thema Teatro<\/em> (Udine) proporr\u00e0 in versione interattiva <strong>Il pifferaio magico<\/strong>, pensato per bambini e famiglie. Nella celebre fiaba dei fratelli Grimm un musicista, dal magico potere incantatorio, \u00e8 ingaggiato per liberarsi dai topolini che invadono Hamelin. Il sindaco gli nega per\u00f2 la ricompensa pattuita e saranno proprio i bambini, in un finale a sorpresa, a liberare la citt\u00e0.<\/p>\n<p> \t<strong>Sabato 11 settembre<\/strong> con <strong>Canzoni in bianco e nero<\/strong> <em>Petra Magoni<\/em> (voce) e <em>Andrea Dindo<\/em> (pianoforte) accompagneranno il pubblico alla scoperta di Kurt Weill, tedesco di nascita, americano di adozione, il compositore che pi\u00f9 ha segnato la storia del teatro musicale con melodie e personaggi entrati nell\u2019immaginario collettivo.<\/p>\n<p> \tInfine <strong>mercoled\u00ec 22 settembre<\/strong> il filosofo autore di prosa <em>Giulio Casale<\/em> riproporr\u00e0 <strong>Polli di allevamento<\/strong>, uno spettacolo a firma Gaber-Luporini, originariamente in scena durante la stagione teatrale 1978\/79. Mescolando monologo e canzone, saranno interrogate le nostre coscienze e le nostre sensibilit\u00e0 estetiche, fungendo da stimolo a curiosit\u00e0 e conoscenza.<\/p>\n","protected":false},"excerpt":{"rendered":"<p>Presentata la rassegna &#8220;Verdid\u2019Estate&#8221;<\/p>\n","protected":false},"author":28,"featured_media":39380,"comment_status":"closed","ping_status":"closed","sticky":false,"template":"","format":"standard","meta":{"dwc-title":[],"dwc-content":[],"footnotes":""},"categories":[37],"tags":[],"class_list":["post-39379","post","type-post","status-publish","format-standard","has-post-thumbnail","hentry","category-cultura-e-spettacolo"],"rttpg_featured_image_url":{"full":["https:\/\/imagazine.it\/wp-content\/uploads\/2024\/01\/40737-1.webp",1000,667,false],"landscape":["https:\/\/imagazine.it\/wp-content\/uploads\/2024\/01\/40737-1.webp",1000,667,false],"portraits":["https:\/\/imagazine.it\/wp-content\/uploads\/2024\/01\/40737-1.webp",1000,667,false],"thumbnail":["https:\/\/imagazine.it\/wp-content\/uploads\/2024\/01\/40737-1-150x150.webp",150,150,true],"medium":["https:\/\/imagazine.it\/wp-content\/uploads\/2024\/01\/40737-1-300x200.webp",300,200,true],"large":["https:\/\/imagazine.it\/wp-content\/uploads\/2024\/01\/40737-1.webp",640,427,false],"thumblist":["https:\/\/imagazine.it\/wp-content\/uploads\/2024\/01\/40737-1.webp",300,200,false],"thumbrelated":["https:\/\/imagazine.it\/wp-content\/uploads\/2024\/01\/40737-1.webp",500,334,false],"meccarouselthumb":["https:\/\/imagazine.it\/wp-content\/uploads\/2024\/01\/40737-1.webp",474,316,false],"gridsquare":["https:\/\/imagazine.it\/wp-content\/uploads\/2024\/01\/40737-1.webp",391,260,false],"tileview":["https:\/\/imagazine.it\/wp-content\/uploads\/2024\/01\/40737-1.webp",300,200,false],"1536x1536":["https:\/\/imagazine.it\/wp-content\/uploads\/2024\/01\/40737-1.webp",1000,667,false],"2048x2048":["https:\/\/imagazine.it\/wp-content\/uploads\/2024\/01\/40737-1.webp",1000,667,false],"newsup-slider-full":["https:\/\/imagazine.it\/wp-content\/uploads\/2024\/01\/40737-1.webp",1000,667,false],"newsup-featured":["https:\/\/imagazine.it\/wp-content\/uploads\/2024\/01\/40737-1.webp",1000,667,false],"newsup-medium":["https:\/\/imagazine.it\/wp-content\/uploads\/2024\/01\/40737-1-720x380.webp",720,380,true],"tptn_thumbnail":["https:\/\/imagazine.it\/wp-content\/uploads\/2024\/01\/40737-1.webp",250,167,false],"sow-carousel-default":["https:\/\/imagazine.it\/wp-content\/uploads\/2024\/01\/40737-1-272x182.webp",272,182,true]},"rttpg_author":{"display_name":"redazione","author_link":"https:\/\/imagazine.it\/home_desk\/author\/redazione\/"},"rttpg_comment":0,"rttpg_category":"<a href=\"https:\/\/imagazine.it\/home_desk\/category\/cultura-e-spettacolo\/\" rel=\"category tag\">CULTURA&amp;SPETTACOLO<\/a>","rttpg_excerpt":"Presentata la rassegna \"Verdid\u2019Estate\"","_links":{"self":[{"href":"https:\/\/imagazine.it\/home_desk\/wp-json\/wp\/v2\/posts\/39379","targetHints":{"allow":["GET"]}}],"collection":[{"href":"https:\/\/imagazine.it\/home_desk\/wp-json\/wp\/v2\/posts"}],"about":[{"href":"https:\/\/imagazine.it\/home_desk\/wp-json\/wp\/v2\/types\/post"}],"author":[{"embeddable":true,"href":"https:\/\/imagazine.it\/home_desk\/wp-json\/wp\/v2\/users\/28"}],"replies":[{"embeddable":true,"href":"https:\/\/imagazine.it\/home_desk\/wp-json\/wp\/v2\/comments?post=39379"}],"version-history":[{"count":0,"href":"https:\/\/imagazine.it\/home_desk\/wp-json\/wp\/v2\/posts\/39379\/revisions"}],"wp:featuredmedia":[{"embeddable":true,"href":"https:\/\/imagazine.it\/home_desk\/wp-json\/wp\/v2\/media\/39380"}],"wp:attachment":[{"href":"https:\/\/imagazine.it\/home_desk\/wp-json\/wp\/v2\/media?parent=39379"}],"wp:term":[{"taxonomy":"category","embeddable":true,"href":"https:\/\/imagazine.it\/home_desk\/wp-json\/wp\/v2\/categories?post=39379"},{"taxonomy":"post_tag","embeddable":true,"href":"https:\/\/imagazine.it\/home_desk\/wp-json\/wp\/v2\/tags?post=39379"}],"curies":[{"name":"wp","href":"https:\/\/api.w.org\/{rel}","templated":true}]}}