{"id":39375,"date":"2021-06-07T00:00:00","date_gmt":"2021-06-06T23:00:00","guid":{"rendered":"https:\/\/imagazine.it\/?p=39375"},"modified":"2021-06-07T00:00:00","modified_gmt":"2021-06-06T23:00:00","slug":"arriva-in-fvg-il-festival-della-letteratura-per-linfanzia","status":"publish","type":"post","link":"https:\/\/imagazine.it\/home_desk\/arriva-in-fvg-il-festival-della-letteratura-per-linfanzia\/","title":{"rendered":"Arriva in FVG il Festival della Letteratura per l\u2019Infanzia"},"content":{"rendered":"<p> \t<strong>Un festival diffuso nel tempo e nello spazio<\/strong>,\u00a0<strong>per\u00a0coinvolgere\u00a0l&#39;intera comunit\u00e0 dei lettori<\/strong>: bambini e famiglie, operatori, insegnanti e genitori.<\/p>\n<p> \t\u00c8\u00a0<strong>Diecimillanta<\/strong>, il\u00a0<strong>Festival della Letteratura per l\u2019Infanzia<\/strong>\u00a0che nasce in Friuli Venezia Giulia per iniziativa della\u00a0<strong>Associazione Culturale 0432<\/strong>\u00a0e per la Direzione artistica dell\u2019autrice <strong>Chiara Carminati<\/strong>: l\u2019occasione per\u00a0<strong>festeggiare i primi 10 anni di Crescere Leggendo<\/strong>, iniziativa\u00a0di promozione della lettura\u00a0a cura di\u00a0<strong>Damatr\u00e0 Onlus<\/strong>.<\/p>\n<p> \t<strong>Diecimillanta Festival<\/strong>,\u00a0<strong>in programma dal 18 giugno al 3 settembre 2021<\/strong>\u00a0in tutto il territorio regionale, \u00e8 realizzato con il contributo della\u00a0<strong>Regione Friuli Venezia Giulia \u2013 Assessorato alla Cultura<\/strong>\u00a0e si articoler\u00e0, attraverso appuntamenti di\u00a0educazione alla lettura\u00a0e approfondimento, in\u00a0<strong>dieci tappe, da Spilimbergo a Grado, da San Daniele del Friuli a Udine passando attraverso Tolmezzo, Cordovado, Pasian di Prato, Cervignano, San Giovanni al Natisone e il Centro Balducci di Zugliano,<\/strong>\u00a0con incontri, letture, dialoghi, eventi scenici e animazioni.\u00a0<\/p>\n<p> \tA<strong> Udine\u00a0<\/strong>Diecimillanta\u00a0Festival\u00a0culminer\u00e0, <strong>venerd\u00ec 3 settembre<\/strong>, nell\u2019incontro speciale con l\u2019autore francese <strong>Bernard Friot<\/strong>, in presenza, per un incontro con i suoi lettori.<\/p>\n<p> \tIl festival schiuder\u00e0\u00a0<strong>un viaggio nella letteratura per l\u2019infanzia, lungo tutta la \u201cfiliera\u201d del libro:<\/strong>\u00a0dagli autori alle case editrici, dagli illustratori agli organizzatori di eventi e festival.\u00a0<\/p>\n<p> \t\u00abLa lettura \u2013 ha rilevato l\u2019assessore regionale alla Cultura<strong> Tiziana Gibelli<\/strong>, nel corso della presentazione\u00a0\u2013\u00a0rappresenta un\u2019occasione di crescita e di arricchimento personale e culturale, ma anche una delle conquiste pi\u00f9 importanti che facciamo da bambini. Imparare a leggere e a scrivere, infatti, ci apre verso l\u2019esterno e ci fa avvicinare al mondo degli adulti. Anche per questo\u00a0ritengo che iniziative come il festival Diecimillanta, ma anche come l\u2019intero progetto Crescere Leggendo, siano significative per far avvicinare ancora di pi\u00f9 i ragazzi alla lettura, affinch\u00e9 quest\u2019ultima diventi una vera e propria passione. Grazie anche a manifestazioni come queste\u00a0il Friuli Venezia Giulia \u00e8 una delle regioni italiane in cui si legge di pi\u00f9: un dato che non pu\u00f2 che renderci orgogliosi, perch\u00e9 pi\u00f9 siamo curiosi, pi\u00f9 stiamo bene\u00bb.<\/p>\n<p> \t<strong>Diecimillanta<\/strong>\u00a0si propone come\u00a0<strong>un festival a misura di lettore<\/strong>\u00a0\u2013\u00a0di qualsiasi et\u00e0,\u00a0con un\u2019attenzione speciale a bambini e famiglie \u2013 animato da molti protagonisti: ci saranno, fra gli altri,\u00a0l\u2019accademico<strong> Giuseppe Patota<\/strong>, la musicista e compositrice<strong> Giovanna Pezzetta<\/strong>, l\u2019illustratrice<strong> Federica Pagnucco<\/strong>, gli attori\/lettori<strong> Livio Vianello <\/strong>e<strong> Michele Polo<\/strong>, i polistrumentisti<strong> Leo Virgili <\/strong>ed<strong> Evaristo Casonato<\/strong>, i ricercatori<strong> Alice Galletti, Fabrizio Bertolino <\/strong>e<strong> Chiara Malpezzi<\/strong>, case editrici come<strong> Salani <\/strong>ed<strong> Editoriale Scienza<\/strong>.<\/p>\n<p> \t\u00ab<strong>Diecimillanta<\/strong>\u00a0\u2013 osserva\u00a0<strong>Martina Monetti<\/strong>, presidente della Associazione Culturale 0432 \u2013\u00a0\u00e8 come una vera festa: un tempo disteso e tanti luoghi dove incontrare adulti, bambini e bambine per parlare di libri e piacere della lettura, ritrovando la rete di collaborazioni che da 10 anni \u00e8 l\u2019anima di\u00a0<em>Crescere Leggendo<\/em>, accanto ad ospiti provenienti da tutta Italia.\u00a0Diecimillanta per mettere l\u2019infanzia al centro delle proposte culturali, perch\u00e8, come scriveva Gianni Rodari \u201ci bambini vengono dal futuro\u201d e il futuro \u00e8 un bene di tutti e tutte\u00bb.<\/p>\n<p> \t\u00abDiecimillanta \u2013 aggiunge la direttrice artistica <strong>Chiara Carminati<\/strong> \u2013\u00a0 dimostra come la letteratura per l&#39;infanzia sia una risorsa per tutti, grandi e bambini. Le narrazioni ad alta voce offrono una possibilit\u00e0 unica di stimolo alla lettura individuale e di piacere condiviso. Il programma di\u00a0<strong>Diecimillanta<\/strong>, cos\u00ec equilibrato tra mostre, interventi di approfondimento culturale e narrazioni per bambini e famiglie, dipanandosi per tutta l&#39;estate e su tutto il territorio regionale,\u00a0unir\u00e0 le realt\u00e0 del territorio in un tempo comune,\u00a0e permetter\u00e0 di festeggiare i tanti lettori cresciuti in questi dieci anni grazie al progetto Crescere Leggendo\u00bb.<\/p>\n<p> \tSi partir\u00e0,<strong> venerd\u00ec 18 e sabato 19 giugno<\/strong>, sulle strade delle fiabe a<strong> Spilimbergo<\/strong>, citt\u00e0 natale di Novella Cantarutti, con un\u2019incursione dell\u2019attore <strong>Michele Polo<\/strong>, del Teatro della Sete, attraverso una storica pubblicazione ARLeF di storie illustrate, raccolte dai bambini e raccontate in lingua friulana.\u00a0<\/p>\n<p> \t<strong>Si prosegue venerd\u00ec 25 giugno a Tolmezzo<\/strong>, gi\u00e0 sede della mostra di Sarmede, con l\u2019illustratrice <strong>Federica Pagnucco<\/strong> che dimostrer\u00e0 \u201cLa forza delle figure\u201d, mentre gli attori e lettori Livio Vianello e Oreste Sabadini guideranno il pubblico \u201cDietro l\u2019orologio\u201d, in una suggestiva cinelettura tratta da \u201cLa straordinaria invenzione di Hugo Cabret\u201d, di Brian Selznick.\u00a0<\/p>\n<p> \t<strong>Venerd\u00ec 2 luglio il set si sposter\u00e0 a San Daniele del Friuli<\/strong>, con la sua antica biblioteca, dove ci sar\u00e0 un focus sulla poesia dantesca affidato all\u2019accademico e saggista <strong>Giuseppe Patota<\/strong>, professore ordinario di Storia della Lingua italiana all\u2019Universit\u00e0 di Siena. \u201cTendere la lingua come un elastico\u201d titola la lezione che terr\u00e0 su \u201cIl viaggio delle parole di Dante dalla Commedia al nostro italiano comune\u201d. E sempre a San Daniele del Friuli\u00a0Diecimillanta\u00a0proporr\u00e0 in anteprima la Lettura concerto dantesca \u201cIn viaggio con Beatrice\u201d, una produzione allestita per il Festival, firmata dalla compositrice e musicista <strong>Giovanna Pezzetta<\/strong>, con i polistrumentisti <strong>Leo Virgili<\/strong> ed <strong>Evaristo Casonato<\/strong>.<\/p>\n<p> \t<strong>Si prosegue, venerd\u00ec 9 luglio nel borgo di Cordovado<\/strong>, dove la divulgazione scientifica sar\u00e0 cuore pulsante degli incontri con la ricercatrice <strong>Alice Galletti<\/strong>, vincitrice nel 2021 della terza edizione del Premio Carlo Poesio di Bologna Children\u2019s Book Fair per la pi\u00f9 innovativa e originale Tesi di Laurea italiana in Letteratura per l\u2019infanzia; e con <strong>Fabrizio Bertolino<\/strong>, ricercatore in pedagogia all\u2019Universit\u00e0 della Valle d\u2019Aosta: due appuntamenti nei quali la promozione del pensiero scientifico viene veicolata attraverso la lettura.\u00a0<\/p>\n<p> \t<strong>Venerd\u00ec 16 luglio a Pasian di Prato<\/strong>\u00a0riflettori sulla casa editrice Salani, motore nazionale delle pubblicazioni di letteratura per l\u2019infanzia. Interverranno inoltre <strong>Barbara Schiaffino, Mara Pace e Martina Russo<\/strong> di <em>Andersen<\/em>, mensile di letteratura e illustrazione per l\u2019infanzia, promotore annuale del Premio Andersen.\u00a0<\/p>\n<p> \t<strong>Venerd\u00ec 23 luglio, al Centro Balducci di Zugliano<\/strong>\u00a0il testimone passer\u00e0 alla scrittrice e interprete <strong>Chiara Carminati<\/strong> per \u201cVita da favola\u201d, lettura e narrazione con proiezione di immagini sulla forza del sogno nella vita e nelle storie di Hans Christian Andersen.\u00a0<\/p>\n<p> \tA <strong>Cervignano del Friuli, venerd\u00ec 30 luglio<\/strong>\u00a0focus sulla pluripremiata Casa editrice Camelozampa con <strong>Francesca Segato<\/strong> e le \u201cLetture coraggiose per lettori liberi\u201d, coordinata alle Letture in cuffia \u201cSulla soglia del bosco\u201d per bambini e bambine coraggiosi a cura di Damatr\u00e0 onlus.<\/p>\n<p> \t<strong>Venerd\u00ec 7 agosto<\/strong> a <strong>Grado<\/strong> una festa nella festa: quella per Editoriale Scienza, che celebra i 20 anni di due collane molto fortunate ed apprezzate da generazioni di lettori. Di \u201cLampi di genio e donne nella scienza\u201d converser\u00e0 <strong>Sabrina Stavro<\/strong>.\u00a0<\/p>\n<p> \t<strong>Venerd\u00ec 27 agosto a San Giovanni al Natisone\u00a0<\/strong>ritroveremo insieme, in scena, Chiara Carminati e Giovanna Pezzetta protagoniste del fortunato \u201cIn viaggio con Mozart\u201d, La storia di un piccolo grande bambino e della sua musica. Con loro una operatrice culturale, Silvia Colle dell\u2019Ente Regionale Teatrale del Friuli Venezia Giulia, e una ricercatrice in letteratura per l\u2019infanzia, Chiara Malpezzi, per parlare di progetti legati alla promozione della letteratura per l\u2019infanzia.<\/p>\n<p> \t<strong>Gran finale a Udine, venerd\u00ec 3 settembre<\/strong>: protagonista sar\u00e0<strong> Bernard Friot<\/strong>, scrittore francese che in presenza converser\u00e0 con Damatr\u00e0 nel corso di un incontro per salutare lettrici e lettori.\u00a0In Italia Bernard Friot ha da poco dato alle stampe \u201cStorie di calzini e altri oggetti chiacchieroni\u201d (2020, ed. Il Castoro) e \u201cUn anno di poesia\u201d (2019, ed. Lapis) con traduzione e adattamento testi a cura di Chiara Carminati e con illustrazioni di Herv\u00e8 Tullet. Bernard Friot \u00e8 uno dei pi\u00f9 originali e amati scrittori per ragazzi. Prima di approdare alla scrittura ha insegnato in una scuola di Lile e poi per quattro anni \u00e8 stato responsabile del \u201cBureau du livre de jeunesse\u201d a Francoforte. Friot si autodefinisce uno \u201cscrittore pubblico\u201d, in virt\u00f9 della necessit\u00e0 che ha di fare spesso incontri con il suo pubblico di giovani lettori per ricaricarsi di emozioni. I suoi racconti nascono per venire incontro a quei bambini e adolescenti con grandi difficolt\u00e0 nella lettura di cui si \u00e8 spesso occupato personalmente e il suo obiettivo \u00e8 trasmettere un\u2019emozione o far nascere un sorriso con storie brevi ma intense. Il suo primo libro di racconti\u00a0<em>Il mio mondo a testa in gi\u00f9\u00a0<\/em>ha vinto il Premio Andersen 2009 come migliore libro 9\/12 anni. Vive e lavora a Besancon in Francia.<\/p>\n<p> \t<strong>Valore aggiunto, per ciascuna tappa, saranno i momenti di narrazione e festa di compleanno del decennale nel segno delle due Mascotte di\u00a0Diecimillanta<\/strong>, Gigetto e Gigetta, oltre alla\u00a0<strong>mostra digitale itinerante \u201cLeggevo che ero. Ritratti con libro d\u2019infanzia\u201d<\/strong>, un progetto di Andersen in collaborazione con Bologna Children\u2019s Book Fair\u00a0con fotografie e interviste a cura di Mara Pace, e alla\u00a0<strong>pubblicazione Diecimillanta,<\/strong>\u00a0curata da Viviana Urban e Erika Milite, che ripercorre le dieci edizioni di Crescere Leggendo con bibliografia ragionata.<\/p>\n","protected":false},"excerpt":{"rendered":"<p>Presentato &#8220;Diecimillanta&#8221;<\/p>\n","protected":false},"author":28,"featured_media":39376,"comment_status":"closed","ping_status":"closed","sticky":false,"template":"","format":"standard","meta":{"dwc-title":[],"dwc-content":[],"footnotes":""},"categories":[37],"tags":[],"class_list":["post-39375","post","type-post","status-publish","format-standard","has-post-thumbnail","hentry","category-cultura-e-spettacolo"],"rttpg_featured_image_url":{"full":["https:\/\/imagazine.it\/wp-content\/uploads\/2024\/01\/40726-1.webp",1000,747,false],"landscape":["https:\/\/imagazine.it\/wp-content\/uploads\/2024\/01\/40726-1.webp",1000,747,false],"portraits":["https:\/\/imagazine.it\/wp-content\/uploads\/2024\/01\/40726-1.webp",1000,747,false],"thumbnail":["https:\/\/imagazine.it\/wp-content\/uploads\/2024\/01\/40726-1-150x150.webp",150,150,true],"medium":["https:\/\/imagazine.it\/wp-content\/uploads\/2024\/01\/40726-1-300x224.webp",300,224,true],"large":["https:\/\/imagazine.it\/wp-content\/uploads\/2024\/01\/40726-1.webp",640,478,false],"thumblist":["https:\/\/imagazine.it\/wp-content\/uploads\/2024\/01\/40726-1.webp",300,224,false],"thumbrelated":["https:\/\/imagazine.it\/wp-content\/uploads\/2024\/01\/40726-1.webp",500,374,false],"meccarouselthumb":["https:\/\/imagazine.it\/wp-content\/uploads\/2024\/01\/40726-1.webp",434,324,false],"gridsquare":["https:\/\/imagazine.it\/wp-content\/uploads\/2024\/01\/40726-1.webp",348,260,false],"tileview":["https:\/\/imagazine.it\/wp-content\/uploads\/2024\/01\/40726-1.webp",300,224,false],"1536x1536":["https:\/\/imagazine.it\/wp-content\/uploads\/2024\/01\/40726-1.webp",1000,747,false],"2048x2048":["https:\/\/imagazine.it\/wp-content\/uploads\/2024\/01\/40726-1.webp",1000,747,false],"newsup-slider-full":["https:\/\/imagazine.it\/wp-content\/uploads\/2024\/01\/40726-1-1000x720.webp",1000,720,true],"newsup-featured":["https:\/\/imagazine.it\/wp-content\/uploads\/2024\/01\/40726-1.webp",1000,747,false],"newsup-medium":["https:\/\/imagazine.it\/wp-content\/uploads\/2024\/01\/40726-1-720x380.webp",720,380,true],"tptn_thumbnail":["https:\/\/imagazine.it\/wp-content\/uploads\/2024\/01\/40726-1.webp",250,187,false],"sow-carousel-default":["https:\/\/imagazine.it\/wp-content\/uploads\/2024\/01\/40726-1-272x182.webp",272,182,true]},"rttpg_author":{"display_name":"redazione","author_link":"https:\/\/imagazine.it\/home_desk\/author\/redazione\/"},"rttpg_comment":0,"rttpg_category":"<a href=\"https:\/\/imagazine.it\/home_desk\/category\/cultura-e-spettacolo\/\" rel=\"category tag\">CULTURA&amp;SPETTACOLO<\/a>","rttpg_excerpt":"Presentato \"Diecimillanta\"","_links":{"self":[{"href":"https:\/\/imagazine.it\/home_desk\/wp-json\/wp\/v2\/posts\/39375","targetHints":{"allow":["GET"]}}],"collection":[{"href":"https:\/\/imagazine.it\/home_desk\/wp-json\/wp\/v2\/posts"}],"about":[{"href":"https:\/\/imagazine.it\/home_desk\/wp-json\/wp\/v2\/types\/post"}],"author":[{"embeddable":true,"href":"https:\/\/imagazine.it\/home_desk\/wp-json\/wp\/v2\/users\/28"}],"replies":[{"embeddable":true,"href":"https:\/\/imagazine.it\/home_desk\/wp-json\/wp\/v2\/comments?post=39375"}],"version-history":[{"count":0,"href":"https:\/\/imagazine.it\/home_desk\/wp-json\/wp\/v2\/posts\/39375\/revisions"}],"wp:featuredmedia":[{"embeddable":true,"href":"https:\/\/imagazine.it\/home_desk\/wp-json\/wp\/v2\/media\/39376"}],"wp:attachment":[{"href":"https:\/\/imagazine.it\/home_desk\/wp-json\/wp\/v2\/media?parent=39375"}],"wp:term":[{"taxonomy":"category","embeddable":true,"href":"https:\/\/imagazine.it\/home_desk\/wp-json\/wp\/v2\/categories?post=39375"},{"taxonomy":"post_tag","embeddable":true,"href":"https:\/\/imagazine.it\/home_desk\/wp-json\/wp\/v2\/tags?post=39375"}],"curies":[{"name":"wp","href":"https:\/\/api.w.org\/{rel}","templated":true}]}}