{"id":39365,"date":"2021-06-04T00:00:00","date_gmt":"2021-06-03T23:00:00","guid":{"rendered":"https:\/\/imagazine.it\/?p=39365"},"modified":"2021-06-04T00:00:00","modified_gmt":"2021-06-03T23:00:00","slug":"ronchi-il-festival-del-giornalismo-cerca-volontari-4","status":"publish","type":"post","link":"https:\/\/imagazine.it\/home_desk\/ronchi-il-festival-del-giornalismo-cerca-volontari-4\/","title":{"rendered":"Ronchi, il Festival del giornalismo cerca volontari"},"content":{"rendered":"<p> \tHa preso il via, come negli anni passati, l&#39;operazione promossa dall&#39;associazione Leali delle Notizie per il reclutamento volontario di ragazzi e ragazze che potranno dare un contributo alla realizzazione della settima edizione del <strong>Festival del giornalismo<\/strong> che si svolger\u00e0 a <strong>Ronchi dei Legionari dall&#39;1 al 5 e dal 7 all&#39;11 settembre<\/strong>.<\/p>\n<p> \tPer poter partecipare alle selezioni \u00e8 necessario avere almeno 16 anni e non pi\u00f9 di 25 e dare la propria disponibilit\u00e0 per l\u2019intera durata del festival o anche per una sola giornata, secondo le disponibilit\u00e0 di ciascuno.<\/p>\n<p> \tSono diversi i ruoli da ricoprire, sulla base delle capacit\u00e0 e competenze di ognuno: accoglienza ospiti, servizio di informazione all\u2019infopoint, assistenza e supporto logistico per allestimenti ed eventi, e ogni altro dettaglio che compone la manifestazione.<\/p>\n<p> \tPer aderire \u00e8 necessario inviare la propria richiesta all\u2019indirizzo email\u00a0<a href=\"mailto:lealidellenotizieronchi@gmail.com\" target=\"_blank\" rel=\"noopener\">lealidellenotizieronchi@gmail.<wbr \/>com<\/a>\u00a0entro sabato 31 luglio. A tutti i volontari sar\u00e0 donato un gadget del festival.<\/p>\n","protected":false},"excerpt":{"rendered":"<p>In programma a inizio settembre<\/p>\n","protected":false},"author":28,"featured_media":39366,"comment_status":"closed","ping_status":"closed","sticky":false,"template":"","format":"standard","meta":{"dwc-title":[],"dwc-content":[],"footnotes":""},"categories":[37],"tags":[],"class_list":["post-39365","post","type-post","status-publish","format-standard","has-post-thumbnail","hentry","category-cultura-e-spettacolo"],"rttpg_featured_image_url":{"full":["https:\/\/imagazine.it\/wp-content\/uploads\/2024\/01\/40686-1.webp",1000,667,false],"landscape":["https:\/\/imagazine.it\/wp-content\/uploads\/2024\/01\/40686-1.webp",1000,667,false],"portraits":["https:\/\/imagazine.it\/wp-content\/uploads\/2024\/01\/40686-1.webp",1000,667,false],"thumbnail":["https:\/\/imagazine.it\/wp-content\/uploads\/2024\/01\/40686-1-150x150.webp",150,150,true],"medium":["https:\/\/imagazine.it\/wp-content\/uploads\/2024\/01\/40686-1-300x200.webp",300,200,true],"large":["https:\/\/imagazine.it\/wp-content\/uploads\/2024\/01\/40686-1.webp",640,427,false],"thumblist":["https:\/\/imagazine.it\/wp-content\/uploads\/2024\/01\/40686-1.webp",300,200,false],"thumbrelated":["https:\/\/imagazine.it\/wp-content\/uploads\/2024\/01\/40686-1.webp",500,334,false],"meccarouselthumb":["https:\/\/imagazine.it\/wp-content\/uploads\/2024\/01\/40686-1.webp",474,316,false],"gridsquare":["https:\/\/imagazine.it\/wp-content\/uploads\/2024\/01\/40686-1.webp",391,260,false],"tileview":["https:\/\/imagazine.it\/wp-content\/uploads\/2024\/01\/40686-1.webp",300,200,false],"1536x1536":["https:\/\/imagazine.it\/wp-content\/uploads\/2024\/01\/40686-1.webp",1000,667,false],"2048x2048":["https:\/\/imagazine.it\/wp-content\/uploads\/2024\/01\/40686-1.webp",1000,667,false],"newsup-slider-full":["https:\/\/imagazine.it\/wp-content\/uploads\/2024\/01\/40686-1.webp",1000,667,false],"newsup-featured":["https:\/\/imagazine.it\/wp-content\/uploads\/2024\/01\/40686-1.webp",1000,667,false],"newsup-medium":["https:\/\/imagazine.it\/wp-content\/uploads\/2024\/01\/40686-1-720x380.webp",720,380,true],"tptn_thumbnail":["https:\/\/imagazine.it\/wp-content\/uploads\/2024\/01\/40686-1.webp",250,167,false],"sow-carousel-default":["https:\/\/imagazine.it\/wp-content\/uploads\/2024\/01\/40686-1-272x182.webp",272,182,true]},"rttpg_author":{"display_name":"redazione","author_link":"https:\/\/imagazine.it\/home_desk\/author\/redazione\/"},"rttpg_comment":0,"rttpg_category":"<a href=\"https:\/\/imagazine.it\/home_desk\/category\/cultura-e-spettacolo\/\" rel=\"category tag\">CULTURA&amp;SPETTACOLO<\/a>","rttpg_excerpt":"In programma a inizio settembre","_links":{"self":[{"href":"https:\/\/imagazine.it\/home_desk\/wp-json\/wp\/v2\/posts\/39365","targetHints":{"allow":["GET"]}}],"collection":[{"href":"https:\/\/imagazine.it\/home_desk\/wp-json\/wp\/v2\/posts"}],"about":[{"href":"https:\/\/imagazine.it\/home_desk\/wp-json\/wp\/v2\/types\/post"}],"author":[{"embeddable":true,"href":"https:\/\/imagazine.it\/home_desk\/wp-json\/wp\/v2\/users\/28"}],"replies":[{"embeddable":true,"href":"https:\/\/imagazine.it\/home_desk\/wp-json\/wp\/v2\/comments?post=39365"}],"version-history":[{"count":0,"href":"https:\/\/imagazine.it\/home_desk\/wp-json\/wp\/v2\/posts\/39365\/revisions"}],"wp:featuredmedia":[{"embeddable":true,"href":"https:\/\/imagazine.it\/home_desk\/wp-json\/wp\/v2\/media\/39366"}],"wp:attachment":[{"href":"https:\/\/imagazine.it\/home_desk\/wp-json\/wp\/v2\/media?parent=39365"}],"wp:term":[{"taxonomy":"category","embeddable":true,"href":"https:\/\/imagazine.it\/home_desk\/wp-json\/wp\/v2\/categories?post=39365"},{"taxonomy":"post_tag","embeddable":true,"href":"https:\/\/imagazine.it\/home_desk\/wp-json\/wp\/v2\/tags?post=39365"}],"curies":[{"name":"wp","href":"https:\/\/api.w.org\/{rel}","templated":true}]}}