{"id":39359,"date":"2021-06-04T00:00:00","date_gmt":"2021-06-03T23:00:00","guid":{"rendered":"https:\/\/imagazine.it\/?p=39359"},"modified":"2021-06-04T00:00:00","modified_gmt":"2021-06-03T23:00:00","slug":"musica-nuovo-singolo-per-nicole-volpato","status":"publish","type":"post","link":"https:\/\/imagazine.it\/home_desk\/musica-nuovo-singolo-per-nicole-volpato\/","title":{"rendered":"Musica, nuovo singolo per Nicole Volpato"},"content":{"rendered":"<p> \tA distanza di un anno dall\u2019uscita del suo singolo d\u2019esordio \u201c<em>Be Careful<\/em>\u201d, <strong>Nicole Volpato<\/strong> &#8211; giovane cantautrice originaria di <strong>Gradisca d\u2019Isonzo<\/strong> &#8211; presenta sugli <em>store<\/em> digitali <u><a href=\"https:\/\/open.spotify.com\/track\/3vBInfAxpnieAwtgUwOrIj?si=d327f78b5dd94f84\" target=\"_blank\" rel=\"noopener\"><span style=\"color:#0000ff;\">il suo secondo brano intitolato \u201c<em>Il Bianconiglio<\/em>\u201d<\/span><\/a><\/u>.<\/p>\n<p> \tLa canzone \u00e8 edita dalla cooperativa <em>Esibirsi<\/em> di Pordenone, aderente a <strong>Confcooperative Pordenone<\/strong>, che cos\u00ec esordisce come editore nel settore musicale, dove \u00e8 tra le pi\u00f9 grandi realt\u00e0 che si occupano di pratiche per gli artisti con suoi oltre 4.300 iscritti, tra cui la stessa Volpato.\u00a0<\/p>\n<p> \tNicole Volpato \u00e8 una musicista e cantautrice di 21 anni. Suona il violino dall\u2019et\u00e0 di quattro anni e successivamente si \u00e8 avvicinata al pianoforte con il quale ha trovato il compagno ideale col quale comporre i propri brani.\u00a0<\/p>\n","protected":false},"excerpt":{"rendered":"<p>Esce &#8220;Il Bianconiglio&#8221;<\/p>\n","protected":false},"author":28,"featured_media":39360,"comment_status":"closed","ping_status":"closed","sticky":false,"template":"","format":"standard","meta":{"dwc-title":[],"dwc-content":[],"footnotes":""},"categories":[37],"tags":[],"class_list":["post-39359","post","type-post","status-publish","format-standard","has-post-thumbnail","hentry","category-cultura-e-spettacolo"],"rttpg_featured_image_url":{"full":["https:\/\/imagazine.it\/wp-content\/uploads\/2024\/01\/40680-1.webp",800,707,false],"landscape":["https:\/\/imagazine.it\/wp-content\/uploads\/2024\/01\/40680-1.webp",800,707,false],"portraits":["https:\/\/imagazine.it\/wp-content\/uploads\/2024\/01\/40680-1.webp",800,707,false],"thumbnail":["https:\/\/imagazine.it\/wp-content\/uploads\/2024\/01\/40680-1-150x150.webp",150,150,true],"medium":["https:\/\/imagazine.it\/wp-content\/uploads\/2024\/01\/40680-1-300x265.webp",300,265,true],"large":["https:\/\/imagazine.it\/wp-content\/uploads\/2024\/01\/40680-1.webp",640,566,false],"thumblist":["https:\/\/imagazine.it\/wp-content\/uploads\/2024\/01\/40680-1.webp",300,265,false],"thumbrelated":["https:\/\/imagazine.it\/wp-content\/uploads\/2024\/01\/40680-1.webp",500,442,false],"meccarouselthumb":["https:\/\/imagazine.it\/wp-content\/uploads\/2024\/01\/40680-1.webp",367,324,false],"gridsquare":["https:\/\/imagazine.it\/wp-content\/uploads\/2024\/01\/40680-1.webp",294,260,false],"tileview":["https:\/\/imagazine.it\/wp-content\/uploads\/2024\/01\/40680-1.webp",300,265,false],"1536x1536":["https:\/\/imagazine.it\/wp-content\/uploads\/2024\/01\/40680-1.webp",800,707,false],"2048x2048":["https:\/\/imagazine.it\/wp-content\/uploads\/2024\/01\/40680-1.webp",800,707,false],"newsup-slider-full":["https:\/\/imagazine.it\/wp-content\/uploads\/2024\/01\/40680-1.webp",800,707,false],"newsup-featured":["https:\/\/imagazine.it\/wp-content\/uploads\/2024\/01\/40680-1.webp",800,707,false],"newsup-medium":["https:\/\/imagazine.it\/wp-content\/uploads\/2024\/01\/40680-1-720x380.webp",720,380,true],"tptn_thumbnail":["https:\/\/imagazine.it\/wp-content\/uploads\/2024\/01\/40680-1.webp",238,210,false],"sow-carousel-default":["https:\/\/imagazine.it\/wp-content\/uploads\/2024\/01\/40680-1-272x182.webp",272,182,true]},"rttpg_author":{"display_name":"redazione","author_link":"https:\/\/imagazine.it\/home_desk\/author\/redazione\/"},"rttpg_comment":0,"rttpg_category":"<a href=\"https:\/\/imagazine.it\/home_desk\/category\/cultura-e-spettacolo\/\" rel=\"category tag\">CULTURA&amp;SPETTACOLO<\/a>","rttpg_excerpt":"Esce \"Il Bianconiglio\"","_links":{"self":[{"href":"https:\/\/imagazine.it\/home_desk\/wp-json\/wp\/v2\/posts\/39359","targetHints":{"allow":["GET"]}}],"collection":[{"href":"https:\/\/imagazine.it\/home_desk\/wp-json\/wp\/v2\/posts"}],"about":[{"href":"https:\/\/imagazine.it\/home_desk\/wp-json\/wp\/v2\/types\/post"}],"author":[{"embeddable":true,"href":"https:\/\/imagazine.it\/home_desk\/wp-json\/wp\/v2\/users\/28"}],"replies":[{"embeddable":true,"href":"https:\/\/imagazine.it\/home_desk\/wp-json\/wp\/v2\/comments?post=39359"}],"version-history":[{"count":0,"href":"https:\/\/imagazine.it\/home_desk\/wp-json\/wp\/v2\/posts\/39359\/revisions"}],"wp:featuredmedia":[{"embeddable":true,"href":"https:\/\/imagazine.it\/home_desk\/wp-json\/wp\/v2\/media\/39360"}],"wp:attachment":[{"href":"https:\/\/imagazine.it\/home_desk\/wp-json\/wp\/v2\/media?parent=39359"}],"wp:term":[{"taxonomy":"category","embeddable":true,"href":"https:\/\/imagazine.it\/home_desk\/wp-json\/wp\/v2\/categories?post=39359"},{"taxonomy":"post_tag","embeddable":true,"href":"https:\/\/imagazine.it\/home_desk\/wp-json\/wp\/v2\/tags?post=39359"}],"curies":[{"name":"wp","href":"https:\/\/api.w.org\/{rel}","templated":true}]}}