{"id":39349,"date":"2021-06-04T00:00:00","date_gmt":"2021-06-03T23:00:00","guid":{"rendered":"https:\/\/imagazine.it\/?p=39349"},"modified":"2021-06-04T00:00:00","modified_gmt":"2021-06-03T23:00:00","slug":"la-street-photography-conquista-il-mercato-coperto-di-trieste","status":"publish","type":"post","link":"https:\/\/imagazine.it\/home_desk\/la-street-photography-conquista-il-mercato-coperto-di-trieste\/","title":{"rendered":"La street photography conquista il Mercato Coperto di Trieste"},"content":{"rendered":"<p> \t<strong>Filippo Mon<\/strong><strong>ti<\/strong>, originario della provincia di Latina, da circa 7 anni vive a <strong>Trieste<\/strong> e lavora nel campo informatico. Ha iniziato a fotografare all\u2019et\u00e0 di 15 anni con una macchina analogica ereditata dal padre, passando successivamente al digitale.<\/p>\n<p> \tSolo negli ultimi anni ha approfondito lo studio della fotografia appassionandosi alla <em>street photography<\/em>, al ritratto e al <em>cosplay<\/em> grazie all\u2019incontro con <strong>Loredana Barile<\/strong> del gruppo <strong>Cosplay Senza et\u00e0<\/strong>.<\/p>\n<p> \tDal connubio ha preso vita un progetto fotografico dedicato al <strong>Mercato Coperto di Trieste<\/strong>. \u201cLa volont\u00e0 &#8211; spiegano Monti e Barile &#8211; \u00e8 quella di poter dare un\u2019altra vita a un luogo che si sta lentamente svuotando dalle attivit\u00e0 economiche, mostrando come invece possa prestarsi ad attivit\u00e0 fotografiche e quindi anche ad altre attivit\u00e0 che non siano solo commerciali, ma anche culturali, e come luogo di incontro\u201d.\u00a0<\/p>\n<p> \tIl\u00a0Mercato Coperto di Trieste\u00a0nasce come dono alle\u00a0<em>venderigole<\/em>, le venditrici triestine, da parte di Sara Davis, figlia di un ricco commerciante inglese. Sara aveva notato la dura vita all&#39;aperto, sotto il sole e la Bora, cui erano esposte le <em>venderigole<\/em> al mercato di piazza Goldoni. Con i soldi del suo lascito il Comune fece costruire quindi l&#39;attuale mercato, disegnato dall&#39;architetto Camillo Iona. Inaugurato nel\u00a0<strong>1936\u00a0<\/strong>\u00e8 contraddistinto da ampie vetrate luminose. Il mercato sorge su un&#39;area triangolare e ha una pianta a unghia; i due piani sono occupati all&#39;interno da un grande salone, alla maniera dei Mercati traianei. Negli archi ribassati di spartimento vi \u00e8 un\u00a0<strong>preciso riferimento ai saloni della Victoria<\/strong>, la nave, esempio di avanzato design, che il\u00a0<strong>Lloyd Triestino\u00a0<\/strong>aveva varato nel 1931.<\/p>\n<p> \tPer poter valorizzare sono stati organizzati diversi set fotografici con altrettanti protagonisti:\u00a0<strong>Nora Biondi<\/strong>, nei panni di una bad girl;\u00a0<strong>Loredana Barile<\/strong>, coordinatrice del gruppo Cosplay Senza Et\u00e0;\u00a0<strong>Metropolitan a.p.s<\/strong>., Associazione diretta da Noemi Gaggi, ballerina di hip hop, dove si praticano danze moderne;\u00a0<strong>Paola Cattaruzza<\/strong>, futura mamma;\u00a0<strong>Antonio Parisi<\/strong>\u00a0e il suo gruppo di Drag Queen e Bio Queen in occasione della giornata mondiale contro\u00a0l\u2019omofobia, la bifobia e la transfobia.<\/p>\n<p> \tI set non sono ancora conclusi e se ne stanno allestendo altri nella speranza, in seguito, di poter allestire una mostra fotografica per sensibilizzare le persone sulla salvaguardia del luogo.<\/p>\n","protected":false},"excerpt":{"rendered":"<p>Nuovi set in allestimento<\/p>\n","protected":false},"author":22,"featured_media":39350,"comment_status":"closed","ping_status":"closed","sticky":false,"template":"","format":"standard","meta":{"dwc-title":[],"dwc-content":[],"footnotes":""},"categories":[37],"tags":[],"class_list":["post-39349","post","type-post","status-publish","format-standard","has-post-thumbnail","hentry","category-cultura-e-spettacolo"],"rttpg_featured_image_url":{"full":["https:\/\/imagazine.it\/wp-content\/uploads\/2024\/01\/40669-1.webp",1000,667,false],"landscape":["https:\/\/imagazine.it\/wp-content\/uploads\/2024\/01\/40669-1.webp",1000,667,false],"portraits":["https:\/\/imagazine.it\/wp-content\/uploads\/2024\/01\/40669-1.webp",1000,667,false],"thumbnail":["https:\/\/imagazine.it\/wp-content\/uploads\/2024\/01\/40669-1-150x150.webp",150,150,true],"medium":["https:\/\/imagazine.it\/wp-content\/uploads\/2024\/01\/40669-1-300x200.webp",300,200,true],"large":["https:\/\/imagazine.it\/wp-content\/uploads\/2024\/01\/40669-1.webp",640,427,false],"thumblist":["https:\/\/imagazine.it\/wp-content\/uploads\/2024\/01\/40669-1.webp",300,200,false],"thumbrelated":["https:\/\/imagazine.it\/wp-content\/uploads\/2024\/01\/40669-1.webp",500,334,false],"meccarouselthumb":["https:\/\/imagazine.it\/wp-content\/uploads\/2024\/01\/40669-1.webp",474,316,false],"gridsquare":["https:\/\/imagazine.it\/wp-content\/uploads\/2024\/01\/40669-1.webp",391,260,false],"tileview":["https:\/\/imagazine.it\/wp-content\/uploads\/2024\/01\/40669-1.webp",300,200,false],"1536x1536":["https:\/\/imagazine.it\/wp-content\/uploads\/2024\/01\/40669-1.webp",1000,667,false],"2048x2048":["https:\/\/imagazine.it\/wp-content\/uploads\/2024\/01\/40669-1.webp",1000,667,false],"newsup-slider-full":["https:\/\/imagazine.it\/wp-content\/uploads\/2024\/01\/40669-1.webp",1000,667,false],"newsup-featured":["https:\/\/imagazine.it\/wp-content\/uploads\/2024\/01\/40669-1.webp",1000,667,false],"newsup-medium":["https:\/\/imagazine.it\/wp-content\/uploads\/2024\/01\/40669-1-720x380.webp",720,380,true],"tptn_thumbnail":["https:\/\/imagazine.it\/wp-content\/uploads\/2024\/01\/40669-1.webp",250,167,false],"sow-carousel-default":["https:\/\/imagazine.it\/wp-content\/uploads\/2024\/01\/40669-1-272x182.webp",272,182,true]},"rttpg_author":{"display_name":"Livio Nonis","author_link":"https:\/\/imagazine.it\/home_desk\/author\/nonis\/"},"rttpg_comment":0,"rttpg_category":"<a href=\"https:\/\/imagazine.it\/home_desk\/category\/cultura-e-spettacolo\/\" rel=\"category tag\">CULTURA&amp;SPETTACOLO<\/a>","rttpg_excerpt":"Nuovi set in allestimento","_links":{"self":[{"href":"https:\/\/imagazine.it\/home_desk\/wp-json\/wp\/v2\/posts\/39349","targetHints":{"allow":["GET"]}}],"collection":[{"href":"https:\/\/imagazine.it\/home_desk\/wp-json\/wp\/v2\/posts"}],"about":[{"href":"https:\/\/imagazine.it\/home_desk\/wp-json\/wp\/v2\/types\/post"}],"author":[{"embeddable":true,"href":"https:\/\/imagazine.it\/home_desk\/wp-json\/wp\/v2\/users\/22"}],"replies":[{"embeddable":true,"href":"https:\/\/imagazine.it\/home_desk\/wp-json\/wp\/v2\/comments?post=39349"}],"version-history":[{"count":0,"href":"https:\/\/imagazine.it\/home_desk\/wp-json\/wp\/v2\/posts\/39349\/revisions"}],"wp:featuredmedia":[{"embeddable":true,"href":"https:\/\/imagazine.it\/home_desk\/wp-json\/wp\/v2\/media\/39350"}],"wp:attachment":[{"href":"https:\/\/imagazine.it\/home_desk\/wp-json\/wp\/v2\/media?parent=39349"}],"wp:term":[{"taxonomy":"category","embeddable":true,"href":"https:\/\/imagazine.it\/home_desk\/wp-json\/wp\/v2\/categories?post=39349"},{"taxonomy":"post_tag","embeddable":true,"href":"https:\/\/imagazine.it\/home_desk\/wp-json\/wp\/v2\/tags?post=39349"}],"curies":[{"name":"wp","href":"https:\/\/api.w.org\/{rel}","templated":true}]}}