{"id":39347,"date":"2021-06-04T00:00:00","date_gmt":"2021-06-03T23:00:00","guid":{"rendered":"https:\/\/imagazine.it\/?p=39347"},"modified":"2021-06-04T00:00:00","modified_gmt":"2021-06-03T23:00:00","slug":"ronchi-pronta-per-il-grande-softball-europeo","status":"publish","type":"post","link":"https:\/\/imagazine.it\/home_desk\/ronchi-pronta-per-il-grande-softball-europeo\/","title":{"rendered":"Ronchi pronta per il grande softball europeo"},"content":{"rendered":"<p> \tManca poco al via della ventiduesima edizione dell&#39;<strong>Europeo<\/strong> <strong>femminile<\/strong> <strong>di softball <\/strong>che si disputer\u00e0 <strong>dal 27 giugno al 3 luglio<\/strong> su cinque diversi diamanti del Friuli Venezia Giulia: tra questi lo stadio \u201cGiordano Gregoret\u201d di <strong>Ronchi dei Legionari<\/strong>\u00a0oltre a\u00a0<strong>Castions di Strada\u00a0<\/strong>(sede principale),\u00a0<strong>Porpetto<\/strong>, <strong>Cervignano del Friuli<\/strong> e <strong>Castions delle Mura<\/strong>.<\/p>\n<p> \tA poco pi\u00f9 di tre settimane dal playball \u00e8 stato ufficializzato il calendario da parte di Softball Europe.<\/p>\n<p> \tSono 17 le nazionali partecipanti alla massima rassegna continentale di softball, suddivise in tre gironi da quattro squadre e uno da cinque.<\/p>\n<p> \tL&#39;<strong>Italia<\/strong>, nazione ospitante e inserita dunque nel gruppo A, aprir\u00e0 il proprio Europeo affrontando la <strong>Russia<\/strong>, domenica 27, alle 20.30, a Castions di Strada; poi incontrer\u00e0 <strong>Polonia<\/strong> (luned\u00ec 28, ore 20, a Ronchi dei Legionari), <strong>Bulgaria<\/strong> (marted\u00ec 29, ore 15, a Cervignano) e <strong>Ungheria<\/strong> (marted\u00ec 29, ore 20, a Ronchi dei Legionari).<\/p>\n<p> \tDa mercoled\u00ec 30 giugno avr\u00e0 inizio la seconda fase che porter\u00e0 fino alla finale di sabato 3 luglio.<\/p>\n<p> \tNel gruppo B l&#39;<strong>Olanda<\/strong> affronter\u00e0 <strong>Germania<\/strong>, <strong>Austria<\/strong> e <strong>Lituania<\/strong>; nel gruppo C la <strong>Repubblica Ceca<\/strong> se la vedr\u00e0 invece con <strong>Israele<\/strong>, <strong>Croazia<\/strong> e <strong>Danimarca<\/strong>, mentre il gruppo D sar\u00e0 composto da <strong>Spagna<\/strong>, <strong>Francia<\/strong>, <strong>Ucraina<\/strong> e <strong>Slovacchia<\/strong>.<\/p>\n<p> \tIl cammino delle azzurre verso i campionati europei di fine giugno e le Olimpiadi di luglio \u00e8 iniziato a marzo a Ronchi dei Legionari. Alla guida del nuovo manager, <strong>Federico Pizzolini<\/strong>.<\/p>\n<p> \tGli europei seniores di softball si erano gi\u00e0 svolti a Ronchi dei Legionari nel 2011. La citt\u00e0 si sta preparando per il bis e l&#39;amministrazione comunale ha svolto, in questi mesi, numerosi lavori sul diamante di piazzale Atleti Azzurri d&#39;Italia.<\/p>\n<p> \t\u201cSono soddisfatto e felice per questa assegnazione \u2013 ha commentato il sindaco di Ronchi dei Legionari, <strong>Livio Vecchiet<\/strong> \u2013 che, per quanto ci riguarda, premia gli sforzi dell&#39;amministrazione comunale sul fronte dell&#39;impiantistica sportiva e anche la grande seriet\u00e0 delle nostre associazioni. In questi anni abbiamo investito molto sullo sport e ospitare, per la seconda volta, un campionato europeo nella nostra cittadina ci riempie di orgoglio. Sono soddisfazioni che non arrivano spesso, ma la citt\u00e0 \u00e8 gi\u00e0 stata in prima linea, non solo nel softball e l&#39;esperienza che hanno vissuto qui le squadre, gli atleti, i tecnici e gli accompagnatori \u00e8 stata sempre di grande livello\u201d.<\/p>\n","protected":false},"excerpt":{"rendered":"<p>Dal 27 giugno al 3 luglio<\/p>\n","protected":false},"author":22,"featured_media":39348,"comment_status":"closed","ping_status":"closed","sticky":false,"template":"","format":"standard","meta":{"dwc-title":[],"dwc-content":[],"footnotes":""},"categories":[38],"tags":[],"class_list":["post-39347","post","type-post","status-publish","format-standard","has-post-thumbnail","hentry","category-sport"],"rttpg_featured_image_url":{"full":["https:\/\/imagazine.it\/wp-content\/uploads\/2024\/01\/40658-1.webp",1000,563,false],"landscape":["https:\/\/imagazine.it\/wp-content\/uploads\/2024\/01\/40658-1.webp",1000,563,false],"portraits":["https:\/\/imagazine.it\/wp-content\/uploads\/2024\/01\/40658-1.webp",1000,563,false],"thumbnail":["https:\/\/imagazine.it\/wp-content\/uploads\/2024\/01\/40658-1-150x150.webp",150,150,true],"medium":["https:\/\/imagazine.it\/wp-content\/uploads\/2024\/01\/40658-1-300x169.webp",300,169,true],"large":["https:\/\/imagazine.it\/wp-content\/uploads\/2024\/01\/40658-1.webp",640,360,false],"thumblist":["https:\/\/imagazine.it\/wp-content\/uploads\/2024\/01\/40658-1.webp",300,169,false],"thumbrelated":["https:\/\/imagazine.it\/wp-content\/uploads\/2024\/01\/40658-1.webp",500,282,false],"meccarouselthumb":["https:\/\/imagazine.it\/wp-content\/uploads\/2024\/01\/40658-1.webp",474,267,false],"gridsquare":["https:\/\/imagazine.it\/wp-content\/uploads\/2024\/01\/40658-1.webp",391,220,false],"tileview":["https:\/\/imagazine.it\/wp-content\/uploads\/2024\/01\/40658-1.webp",300,169,false],"1536x1536":["https:\/\/imagazine.it\/wp-content\/uploads\/2024\/01\/40658-1.webp",1000,563,false],"2048x2048":["https:\/\/imagazine.it\/wp-content\/uploads\/2024\/01\/40658-1.webp",1000,563,false],"newsup-slider-full":["https:\/\/imagazine.it\/wp-content\/uploads\/2024\/01\/40658-1.webp",1000,563,false],"newsup-featured":["https:\/\/imagazine.it\/wp-content\/uploads\/2024\/01\/40658-1.webp",1000,563,false],"newsup-medium":["https:\/\/imagazine.it\/wp-content\/uploads\/2024\/01\/40658-1-720x380.webp",720,380,true],"tptn_thumbnail":["https:\/\/imagazine.it\/wp-content\/uploads\/2024\/01\/40658-1.webp",250,141,false],"sow-carousel-default":["https:\/\/imagazine.it\/wp-content\/uploads\/2024\/01\/40658-1-272x182.webp",272,182,true]},"rttpg_author":{"display_name":"Livio Nonis","author_link":"https:\/\/imagazine.it\/home_desk\/author\/nonis\/"},"rttpg_comment":0,"rttpg_category":"<a href=\"https:\/\/imagazine.it\/home_desk\/category\/sport\/\" rel=\"category tag\">SPORT<\/a>","rttpg_excerpt":"Dal 27 giugno al 3 luglio","_links":{"self":[{"href":"https:\/\/imagazine.it\/home_desk\/wp-json\/wp\/v2\/posts\/39347","targetHints":{"allow":["GET"]}}],"collection":[{"href":"https:\/\/imagazine.it\/home_desk\/wp-json\/wp\/v2\/posts"}],"about":[{"href":"https:\/\/imagazine.it\/home_desk\/wp-json\/wp\/v2\/types\/post"}],"author":[{"embeddable":true,"href":"https:\/\/imagazine.it\/home_desk\/wp-json\/wp\/v2\/users\/22"}],"replies":[{"embeddable":true,"href":"https:\/\/imagazine.it\/home_desk\/wp-json\/wp\/v2\/comments?post=39347"}],"version-history":[{"count":0,"href":"https:\/\/imagazine.it\/home_desk\/wp-json\/wp\/v2\/posts\/39347\/revisions"}],"wp:featuredmedia":[{"embeddable":true,"href":"https:\/\/imagazine.it\/home_desk\/wp-json\/wp\/v2\/media\/39348"}],"wp:attachment":[{"href":"https:\/\/imagazine.it\/home_desk\/wp-json\/wp\/v2\/media?parent=39347"}],"wp:term":[{"taxonomy":"category","embeddable":true,"href":"https:\/\/imagazine.it\/home_desk\/wp-json\/wp\/v2\/categories?post=39347"},{"taxonomy":"post_tag","embeddable":true,"href":"https:\/\/imagazine.it\/home_desk\/wp-json\/wp\/v2\/tags?post=39347"}],"curies":[{"name":"wp","href":"https:\/\/api.w.org\/{rel}","templated":true}]}}