{"id":39317,"date":"2021-06-01T00:00:00","date_gmt":"2021-05-31T23:00:00","guid":{"rendered":"https:\/\/imagazine.it\/?p=39317"},"modified":"2021-06-01T00:00:00","modified_gmt":"2021-05-31T23:00:00","slug":"nasce-laccademia-regionale-del-baseball-del-fvg","status":"publish","type":"post","link":"https:\/\/imagazine.it\/home_desk\/nasce-laccademia-regionale-del-baseball-del-fvg\/","title":{"rendered":"Nasce l\u2019Accademia Regionale del baseball del FVG"},"content":{"rendered":"<p> \tSi svolger\u00e0 a <strong>San Lorenzo Isontino<\/strong> sul campo dei Bears il primo atto dell&#39;<strong>Accademia<\/strong> <strong>Regionale del baseball del Friuli Venezia Giulia<\/strong>.<\/p>\n<p> \tUn\u2019idea gi\u00e0 praticata in altre regioni d&#39;Italia e che quest&#39;anno vede la \u201cluce\u201d anche in regione.<\/p>\n<p> \tL\u2019Accademia Regionale \u00e8 un progetto finanziato dalla FIBS (Federazione Italiana Baseball e Softball) nel quale un gruppo di tecnici avr\u00e0 il compito di ricercare il talento principalmente in ragazzi dai 13 ai 16 anni, sviluppando il loro potenziale, fisico e tecnico, per prepararli ad affrontare, negli anni successivi, il livello superiore che \u00e8 l\u2019Accademia Nazionale.<\/p>\n<p> \tSabato 5 giugno a San Lorenzo Isontino si terr\u00e0 il primo \u201c<em>tryout<\/em>\u201d, serie di prove attitudinali, con valutazioni e test tecnico-fisico al fine di selezionare 15 atleti che entreranno nell&#39;Accademia.<\/p>\n<p> \tDopodich\u00e9, in \u201c<em>off season<\/em>\u201d cio\u00e8 in stagione agnostica terminata, saranno invitati sul campo di <strong>Opicina<\/strong> dove, dalla met\u00e0 di ottobre ai primi giorni di marzo, saranno svolti tra sabato pomeriggio e domenica mattina gli allenamenti. Il campo \u00e8 gi\u00e0 stato attrezzato per l&#39;inverno, infatti sar\u00e0 istallato un pallone pressostatico riscaldato dalla grandezza di 35 metri per 27: all&#39;interno si trovano un diamante regolare per gli Under 12, due tunnel di battuta e due pedane regolari per i lanciatori.<\/p>\n<p> \t\u00c8 gi\u00e0 stato formato uno staff tecnico di prim&#39;ordine: il coordinatore e preparatore fisico sar\u00e0 <strong>Daniele Santolupo<\/strong>, l&#39;allenatore dei lanciatori <strong>Rolando Cretis<\/strong>, degli interni <strong>Alberto Furlan<\/strong>, della battuta <strong>Paolo Da Re<\/strong> quello dei ricevitori <strong>Mario Da Re<\/strong>.<\/p>\n<p> \t\u201c\u00c8 una novit\u00e0 per la nostra regione; siamo al primo di questo progetto: i nostri obiettivi saranno quelli di elevare le prestazioni fisiche dei ragazzi, sviluppare e consolidare il lancio, il tiro, la battuta e le situazioni difensive, prepararli per eventualmente per prospettive di nazionali giovanili e per entrare nell&#39;Accademia Nazionale a Roma\u201d, ha dichiarato il coordinatore Daniele Santolupo.<\/p>\n","protected":false},"excerpt":{"rendered":"<p>Primo atto sabato a San Lorenzo Isontino<\/p>\n","protected":false},"author":22,"featured_media":39318,"comment_status":"closed","ping_status":"closed","sticky":false,"template":"","format":"standard","meta":{"dwc-title":[],"dwc-content":[],"footnotes":""},"categories":[38],"tags":[],"class_list":["post-39317","post","type-post","status-publish","format-standard","has-post-thumbnail","hentry","category-sport"],"rttpg_featured_image_url":{"full":["https:\/\/imagazine.it\/wp-content\/uploads\/2024\/01\/40537-1.webp",1599,1200,false],"landscape":["https:\/\/imagazine.it\/wp-content\/uploads\/2024\/01\/40537-1.webp",1599,1200,false],"portraits":["https:\/\/imagazine.it\/wp-content\/uploads\/2024\/01\/40537-1.webp",1599,1200,false],"thumbnail":["https:\/\/imagazine.it\/wp-content\/uploads\/2024\/01\/40537-1-150x150.webp",150,150,true],"medium":["https:\/\/imagazine.it\/wp-content\/uploads\/2024\/01\/40537-1-300x225.webp",300,225,true],"large":["https:\/\/imagazine.it\/wp-content\/uploads\/2024\/01\/40537-1-1024x768.webp",640,480,true],"thumblist":["https:\/\/imagazine.it\/wp-content\/uploads\/2024\/01\/40537-1.webp",300,225,false],"thumbrelated":["https:\/\/imagazine.it\/wp-content\/uploads\/2024\/01\/40537-1.webp",500,375,false],"meccarouselthumb":["https:\/\/imagazine.it\/wp-content\/uploads\/2024\/01\/40537-1.webp",432,324,false],"gridsquare":["https:\/\/imagazine.it\/wp-content\/uploads\/2024\/01\/40537-1.webp",346,260,false],"tileview":["https:\/\/imagazine.it\/wp-content\/uploads\/2024\/01\/40537-1.webp",300,225,false],"1536x1536":["https:\/\/imagazine.it\/wp-content\/uploads\/2024\/01\/40537-1-1536x1153.webp",1536,1153,true],"2048x2048":["https:\/\/imagazine.it\/wp-content\/uploads\/2024\/01\/40537-1.webp",1599,1200,false],"newsup-slider-full":["https:\/\/imagazine.it\/wp-content\/uploads\/2024\/01\/40537-1-1280x720.webp",1280,720,true],"newsup-featured":["https:\/\/imagazine.it\/wp-content\/uploads\/2024\/01\/40537-1-1024x768.webp",1024,768,true],"newsup-medium":["https:\/\/imagazine.it\/wp-content\/uploads\/2024\/01\/40537-1-720x380.webp",720,380,true],"tptn_thumbnail":["https:\/\/imagazine.it\/wp-content\/uploads\/2024\/01\/40537-1.webp",250,188,false],"sow-carousel-default":["https:\/\/imagazine.it\/wp-content\/uploads\/2024\/01\/40537-1-272x182.webp",272,182,true]},"rttpg_author":{"display_name":"Livio Nonis","author_link":"https:\/\/imagazine.it\/home_desk\/author\/nonis\/"},"rttpg_comment":0,"rttpg_category":"<a href=\"https:\/\/imagazine.it\/home_desk\/category\/sport\/\" rel=\"category tag\">SPORT<\/a>","rttpg_excerpt":"Primo atto sabato a San Lorenzo Isontino","_links":{"self":[{"href":"https:\/\/imagazine.it\/home_desk\/wp-json\/wp\/v2\/posts\/39317","targetHints":{"allow":["GET"]}}],"collection":[{"href":"https:\/\/imagazine.it\/home_desk\/wp-json\/wp\/v2\/posts"}],"about":[{"href":"https:\/\/imagazine.it\/home_desk\/wp-json\/wp\/v2\/types\/post"}],"author":[{"embeddable":true,"href":"https:\/\/imagazine.it\/home_desk\/wp-json\/wp\/v2\/users\/22"}],"replies":[{"embeddable":true,"href":"https:\/\/imagazine.it\/home_desk\/wp-json\/wp\/v2\/comments?post=39317"}],"version-history":[{"count":0,"href":"https:\/\/imagazine.it\/home_desk\/wp-json\/wp\/v2\/posts\/39317\/revisions"}],"wp:featuredmedia":[{"embeddable":true,"href":"https:\/\/imagazine.it\/home_desk\/wp-json\/wp\/v2\/media\/39318"}],"wp:attachment":[{"href":"https:\/\/imagazine.it\/home_desk\/wp-json\/wp\/v2\/media?parent=39317"}],"wp:term":[{"taxonomy":"category","embeddable":true,"href":"https:\/\/imagazine.it\/home_desk\/wp-json\/wp\/v2\/categories?post=39317"},{"taxonomy":"post_tag","embeddable":true,"href":"https:\/\/imagazine.it\/home_desk\/wp-json\/wp\/v2\/tags?post=39317"}],"curies":[{"name":"wp","href":"https:\/\/api.w.org\/{rel}","templated":true}]}}