{"id":39315,"date":"2021-06-01T00:00:00","date_gmt":"2021-05-31T23:00:00","guid":{"rendered":"https:\/\/imagazine.it\/?p=39315"},"modified":"2021-06-01T00:00:00","modified_gmt":"2021-05-31T23:00:00","slug":"la-musica-dal-vivo-si-riprende-il-fvg","status":"publish","type":"post","link":"https:\/\/imagazine.it\/home_desk\/la-musica-dal-vivo-si-riprende-il-fvg\/","title":{"rendered":"La musica dal vivo si riprende il FVG"},"content":{"rendered":"<p> \tOltre 50 gli appuntamenti per questa <strong>43^ edizione di Folkest<\/strong> a partire dai concerti dal vivo dislocati sul territorio delle quattro vecchie province del Friuli Venezia Giulia, ma anche Capodistria e nel Cadore.<\/p>\n<p> \tIl Premio alla Carriera 2021 sar\u00e0 consegnato da Folkest quest\u2019anno a <strong>Enzo Avitabile<\/strong> e come sempre a Spilimbergo si terr\u00e0 la diciasettesima edizione del Premio Cesa rivolto alle nuove proposte della\u00a0<em>world music. <\/em>Tra gli eventi anche gli incontri con gli autori per la terza edizione di\u00a0<em>Parole e musica <\/em>mentre, con l\u2019etichetta <em>Folkest Dischi <\/em>pubblica cinque nuovi titoli.<\/p>\n<p> \tFolkest porta inoltre uno spettacolo sulla Divina Commedia, una mostra fotografica <em>The sound of eyes &#8211; I 40 anni di Folkest<\/em>, il <em>Guitar International Rendez-vous<\/em><em>, <\/em>e consolida la partnership con Operaprima di Vienna per un progetto su <em>Ernani<\/em> di Giuseppe Verdi, ma soprattutto guarda al futuro grazie al binomio offerta culturale &#8211; formazione professionale.<\/p>\n<p> \tQuest\u2019anno saranno pi\u00f9 di una quarantina i gruppi coinvolti per oltre 50 appuntamenti\u00a0<em>live<\/em>\u00a0in 28 diversi comuni, <strong>dal 5 al 23 agosto<\/strong>, con una serie di <strong>anteprime gi\u00e0 a partire dall&#39;11 giugno e appuntamenti fino al 12 settembre<\/strong>.<\/p>\n<p> \tTra gli\u00a0ospiti, <strong>Enzo Avitabile<\/strong>, <strong>Vincenzo Zitello<\/strong>, <strong>Le Orme<\/strong>, lo storico gruppo <strong>Nuova Compagnia di Canto Popolare<\/strong>, <strong>Michele Ascolese<\/strong>, <strong>Mauro Palmas<\/strong>, il <strong>Coro del Friuli Venezia Giulia<\/strong> con <strong>Aleksandar Karlic, <\/strong><strong>Paolo Tofani<\/strong> <strong>&#038; Strepitz Open Project,<\/strong> i <strong>Musica Spiccia<\/strong>, vincitori del Premio Cesa nel 2020 e <strong>Still Life<\/strong> vincitori del Premio Parodi 2020.<\/p>\n<p> \t<em>\u201cFolkest 2021<\/em> \u2013 afferma l\u2019assessore regionale alla Cultura e allo Sport, <strong>Tiziana Gibelli<\/strong> \u2013 <em>\u00e8 pronto anche in questa sua 43esima edizione a portare la musica popolare su tutto il territorio regionale e non solo, trasmettendo, grazie al suo ricco programma di concerti, quella voglia di ritorno alla socialit\u00e0 che mai come in quest\u2019ultimo anno ci \u00e8 mancata tanto. Un risultato reso possibile grazie al lavoro degli organizzatori che in tutti questi anni si sono impegnati a promuovere la tradizione culturale musicale regionale. Sar\u00e0 una lieta occasione per riassaporare, con le dovute precauzioni, la possibilit\u00e0 e la voglia di stare assieme. <\/em><\/p>\n<p> \t\u201c<em>Oggi abbiamo molte certezze in pi\u00f9 rispetto al 2020 e un\u2019idea chiara proiettata nel futuro<\/em> \u2013 chiosa il direttore artistico <strong>Andrea Del Favero<\/strong> \u2013. <em>Molte le novit\u00e0 di quest\u2019anno, in questi lunghi mesi abbiamo riprogettato e riconsiderato alcuni momenti chiave. Oltre alle presenze storiche a Spilimbergo, Udine, Capodistria e Auronzo di Cadore, molto spazio sar\u00e0 dedicato al Guitar International Rendez-vous e alla collaborazione con Operaprima-Wien per la realizzazione dell\u2019opera \u201cErnani\u201d. Dopo aver portato per anni i pi\u00f9 grandi artisti del mondo abbiamo capito che la strada per il domani ci spinge sempre pi\u00f9 verso il binomio offerta culturale-formazione professionale. In questo, ancora una volta, Folkest \u00e8 un passo avanti e segna la strada della world music in Europa\u201d.<\/em><\/p>\n<p> \tTutti i dettagli su <u><a href=\"https:\/\/www.folkest.com\/folkest-festival-2021\/\" target=\"_blank\" rel=\"noopener\"><span style=\"color:#0000ff;\">www.folkest.com<\/span><\/a><\/u><\/p>\n","protected":false},"excerpt":{"rendered":"<p>Presentato Folkest<\/p>\n","protected":false},"author":28,"featured_media":39316,"comment_status":"closed","ping_status":"closed","sticky":false,"template":"","format":"standard","meta":{"dwc-title":[],"dwc-content":[],"footnotes":""},"categories":[37],"tags":[],"class_list":["post-39315","post","type-post","status-publish","format-standard","has-post-thumbnail","hentry","category-cultura-e-spettacolo"],"rttpg_featured_image_url":{"full":["https:\/\/imagazine.it\/wp-content\/uploads\/2024\/01\/40532-1.webp",1000,758,false],"landscape":["https:\/\/imagazine.it\/wp-content\/uploads\/2024\/01\/40532-1.webp",1000,758,false],"portraits":["https:\/\/imagazine.it\/wp-content\/uploads\/2024\/01\/40532-1.webp",1000,758,false],"thumbnail":["https:\/\/imagazine.it\/wp-content\/uploads\/2024\/01\/40532-1-150x150.webp",150,150,true],"medium":["https:\/\/imagazine.it\/wp-content\/uploads\/2024\/01\/40532-1-300x227.webp",300,227,true],"large":["https:\/\/imagazine.it\/wp-content\/uploads\/2024\/01\/40532-1.webp",640,485,false],"thumblist":["https:\/\/imagazine.it\/wp-content\/uploads\/2024\/01\/40532-1.webp",300,227,false],"thumbrelated":["https:\/\/imagazine.it\/wp-content\/uploads\/2024\/01\/40532-1.webp",500,379,false],"meccarouselthumb":["https:\/\/imagazine.it\/wp-content\/uploads\/2024\/01\/40532-1.webp",427,324,false],"gridsquare":["https:\/\/imagazine.it\/wp-content\/uploads\/2024\/01\/40532-1.webp",343,260,false],"tileview":["https:\/\/imagazine.it\/wp-content\/uploads\/2024\/01\/40532-1.webp",300,227,false],"1536x1536":["https:\/\/imagazine.it\/wp-content\/uploads\/2024\/01\/40532-1.webp",1000,758,false],"2048x2048":["https:\/\/imagazine.it\/wp-content\/uploads\/2024\/01\/40532-1.webp",1000,758,false],"newsup-slider-full":["https:\/\/imagazine.it\/wp-content\/uploads\/2024\/01\/40532-1-1000x720.webp",1000,720,true],"newsup-featured":["https:\/\/imagazine.it\/wp-content\/uploads\/2024\/01\/40532-1.webp",1000,758,false],"newsup-medium":["https:\/\/imagazine.it\/wp-content\/uploads\/2024\/01\/40532-1-720x380.webp",720,380,true],"tptn_thumbnail":["https:\/\/imagazine.it\/wp-content\/uploads\/2024\/01\/40532-1.webp",250,190,false],"sow-carousel-default":["https:\/\/imagazine.it\/wp-content\/uploads\/2024\/01\/40532-1-272x182.webp",272,182,true]},"rttpg_author":{"display_name":"redazione","author_link":"https:\/\/imagazine.it\/home_desk\/author\/redazione\/"},"rttpg_comment":0,"rttpg_category":"<a href=\"https:\/\/imagazine.it\/home_desk\/category\/cultura-e-spettacolo\/\" rel=\"category tag\">CULTURA&amp;SPETTACOLO<\/a>","rttpg_excerpt":"Presentato Folkest","_links":{"self":[{"href":"https:\/\/imagazine.it\/home_desk\/wp-json\/wp\/v2\/posts\/39315","targetHints":{"allow":["GET"]}}],"collection":[{"href":"https:\/\/imagazine.it\/home_desk\/wp-json\/wp\/v2\/posts"}],"about":[{"href":"https:\/\/imagazine.it\/home_desk\/wp-json\/wp\/v2\/types\/post"}],"author":[{"embeddable":true,"href":"https:\/\/imagazine.it\/home_desk\/wp-json\/wp\/v2\/users\/28"}],"replies":[{"embeddable":true,"href":"https:\/\/imagazine.it\/home_desk\/wp-json\/wp\/v2\/comments?post=39315"}],"version-history":[{"count":0,"href":"https:\/\/imagazine.it\/home_desk\/wp-json\/wp\/v2\/posts\/39315\/revisions"}],"wp:featuredmedia":[{"embeddable":true,"href":"https:\/\/imagazine.it\/home_desk\/wp-json\/wp\/v2\/media\/39316"}],"wp:attachment":[{"href":"https:\/\/imagazine.it\/home_desk\/wp-json\/wp\/v2\/media?parent=39315"}],"wp:term":[{"taxonomy":"category","embeddable":true,"href":"https:\/\/imagazine.it\/home_desk\/wp-json\/wp\/v2\/categories?post=39315"},{"taxonomy":"post_tag","embeddable":true,"href":"https:\/\/imagazine.it\/home_desk\/wp-json\/wp\/v2\/tags?post=39315"}],"curies":[{"name":"wp","href":"https:\/\/api.w.org\/{rel}","templated":true}]}}