{"id":39309,"date":"2021-06-01T00:00:00","date_gmt":"2021-05-31T23:00:00","guid":{"rendered":"https:\/\/imagazine.it\/?p=39309"},"modified":"2021-06-01T00:00:00","modified_gmt":"2021-05-31T23:00:00","slug":"riapre-la-riserva-naturale-della-val-rosandra","status":"publish","type":"post","link":"https:\/\/imagazine.it\/home_desk\/riapre-la-riserva-naturale-della-val-rosandra\/","title":{"rendered":"Riapre la Riserva Naturale della Val Rosandra"},"content":{"rendered":"<p> \tMercoled\u00ec <strong>2 giugno riapre al pubblico, con nuova gestione, la Riserva della Val Rosandra &#8211;<\/strong><strong> Dolina Glin\u0161\u010dice<\/strong>, scrigno naturalistico solcato dall&#39;unico corso d&#39;acqua superficiale del Carso triestino, il torrente Rosandra-Glin\u0161\u010dica.<\/p>\n<p> \tA occuparsi della tutela e della promozione di questo comprensorio, meta privilegiata di escursionisti rocciatori, speleologi e studiosi &#8211; facente capo al Comune di San Dorligo della Valle, dal 2006 organo gestore del sito -, sar\u00e0 la <strong>Cooperativa Pavees<\/strong>. A passare il testimone all\u2019azienda udinese sar\u00e0, dopo anni di gestione, la Societ\u00e0 Cooperativa Rogos di Doberd\u00f2 del Lago.<\/p>\n<p> \tPavees, determinata a richiamare una folta utenza anche da oltre confine (tutte le iniziative verranno svolte con la <strong>massima attenzione al bilinguismo transfrontaliero<\/strong>, nel rispetto delle peculiarit\u00e0 del territorio), ha predisposto un <strong>calendario stagionale con 15 eventi tematici gratuiti<\/strong>, fra escursioni, incontri di approfondimento e laboratori per i pi\u00f9 piccoli, con l&#39;obiettivo di intercettare la pi\u00f9 ampia platea di visitatori possibile.<\/p>\n<p> \tSi parte <strong>sabato 5 giugno<\/strong> con &#8220;Benvenuti in Val Rosandra&#8221;, incontro di presentazione-accoglienza previsto dalle 10 e le 12; sabato <strong>12 giugno<\/strong> tour &#8220;Nel canyon della Val Rosandra&#8221;, <strong>sabato 19<\/strong> (dalle 21 alle 23) uscita notturna per ascoltare le &#8220;Voci della valle&#8221;, <strong>venerd\u00ec 25<\/strong> (ore 21-23) &#8220;Footsteps in the night&#8221;. Per luglio le date sono quelle dei <strong>sabati 10<\/strong> (&#8220;Jazere e antichi mestieri&#8221;, dalle 17.30 alle 19.30), <strong>17<\/strong> (&#8220;4 passi nella storia&#8221;, dalle 9 alle 11.30), <strong>24<\/strong> (ore 21-23), con la camminata notturna &#8220;Richiami dal bosco&#8221;, e <strong>31<\/strong> (17.30-19.30), quando verr\u00e0 organizzato un &#8220;Kids Lab in Valle&#8221;. Domenica <strong>8 agosto<\/strong> (ore 9.30-11.30) &#8220;Storia e storie della Val Rosandra&#8221;, <strong>sabato 28<\/strong> (dalle 9 alle 11) &#8220;Geo-storia tra acquedotti e marmitte&#8221;; <strong>settembre<\/strong>, infine, offrir\u00e0 cinque eventi: domenica 5 protagoniste saranno &#8220;Le sorgenti del Rosandra&#8221;, il 12 verr\u00e0 proposto un nuovo &#8220;Kids Lab&#8221;, il 17 un&#39;escursione notturna, il 19 una cicloturistica &#8220;Tra mare e Carso&#8221;, il 25 &#8220;In cima al Carso&#8221;.<\/p>\n<p> \t\u00ab\u00c8 difficile esprimere la soddisfazione e l\u2019entusiasmo per questo traguardo &#8211; dichiara il <strong>presidente della Cooperativa, Luca Sicuro<\/strong> -: da tempo desideravamo presentare un progetto adeguato all\u2019importanza storico-ambientale di questo straordinario territorio, e dopo anni trascorsi a maturare conoscenze ed esperienza e a dotarci di risorse umane adeguate abbiamo avanzato la nostra proposta al Comune di San Dorligo della Valle, che ringraziamo per l\u2019entusiasmo con cui l&#39;ha accolta. Per noi \u00e8 un importante passo avanti, in un territorio nuovo, quello del Carso, dopo tanti anni di attivit\u00e0 nel Friuli Occidentale\u00bb.<\/p>\n<p> \tIl <strong>Centro Visite<\/strong>, aperto nei weekend e nei festivi dalle ore 9 alle 17, sar\u00e0 interessato da <strong>opere di restyling e modernizzazione<\/strong>: lo arricchiranno un bookshop tematico, un corner dedicato alla promozione delle attivit\u00e0 locali e soprattutto una nuova veste didattica, imperniata sul legame fra territorio e civilt\u00e0. Un comparto informatico all&#39;avanguardia, affidato a social media manager professionisti, favorir\u00e0 l\u2019incoming turistico e la promozione della Val Rosandra sulle principali piattaforme di condivisione. La <strong>Riserva<\/strong>, inoltre, <strong>collaborer\u00e0 con istituzioni universitarie e di ricerca<\/strong>, che affiancheranno la Cooperativa nelle attivit\u00e0 di monitoraggio, studio e divulgazione.<\/p>\n","protected":false},"excerpt":{"rendered":"<p>Nuova gestione della Coop Pavees<\/p>\n","protected":false},"author":28,"featured_media":39310,"comment_status":"closed","ping_status":"closed","sticky":false,"template":"","format":"standard","meta":{"dwc-title":[],"dwc-content":[],"footnotes":""},"categories":[8],"tags":[],"class_list":["post-39309","post","type-post","status-publish","format-standard","has-post-thumbnail","hentry","category-turismo"],"rttpg_featured_image_url":{"full":["https:\/\/imagazine.it\/wp-content\/uploads\/2024\/01\/40517-1.webp",1200,800,false],"landscape":["https:\/\/imagazine.it\/wp-content\/uploads\/2024\/01\/40517-1.webp",1200,800,false],"portraits":["https:\/\/imagazine.it\/wp-content\/uploads\/2024\/01\/40517-1.webp",1200,800,false],"thumbnail":["https:\/\/imagazine.it\/wp-content\/uploads\/2024\/01\/40517-1-150x150.webp",150,150,true],"medium":["https:\/\/imagazine.it\/wp-content\/uploads\/2024\/01\/40517-1-300x200.webp",300,200,true],"large":["https:\/\/imagazine.it\/wp-content\/uploads\/2024\/01\/40517-1-1024x683.webp",640,427,true],"thumblist":["https:\/\/imagazine.it\/wp-content\/uploads\/2024\/01\/40517-1.webp",300,200,false],"thumbrelated":["https:\/\/imagazine.it\/wp-content\/uploads\/2024\/01\/40517-1.webp",500,333,false],"meccarouselthumb":["https:\/\/imagazine.it\/wp-content\/uploads\/2024\/01\/40517-1.webp",474,316,false],"gridsquare":["https:\/\/imagazine.it\/wp-content\/uploads\/2024\/01\/40517-1.webp",391,260,false],"tileview":["https:\/\/imagazine.it\/wp-content\/uploads\/2024\/01\/40517-1.webp",300,200,false],"1536x1536":["https:\/\/imagazine.it\/wp-content\/uploads\/2024\/01\/40517-1.webp",1200,800,false],"2048x2048":["https:\/\/imagazine.it\/wp-content\/uploads\/2024\/01\/40517-1.webp",1200,800,false],"newsup-slider-full":["https:\/\/imagazine.it\/wp-content\/uploads\/2024\/01\/40517-1-1200x720.webp",1200,720,true],"newsup-featured":["https:\/\/imagazine.it\/wp-content\/uploads\/2024\/01\/40517-1-1024x683.webp",1024,683,true],"newsup-medium":["https:\/\/imagazine.it\/wp-content\/uploads\/2024\/01\/40517-1-720x380.webp",720,380,true],"tptn_thumbnail":["https:\/\/imagazine.it\/wp-content\/uploads\/2024\/01\/40517-1.webp",250,167,false],"sow-carousel-default":["https:\/\/imagazine.it\/wp-content\/uploads\/2024\/01\/40517-1-272x182.webp",272,182,true]},"rttpg_author":{"display_name":"redazione","author_link":"https:\/\/imagazine.it\/home_desk\/author\/redazione\/"},"rttpg_comment":0,"rttpg_category":"<a href=\"https:\/\/imagazine.it\/home_desk\/category\/turismo\/\" rel=\"category tag\">TURISMO<\/a>","rttpg_excerpt":"Nuova gestione della Coop Pavees","_links":{"self":[{"href":"https:\/\/imagazine.it\/home_desk\/wp-json\/wp\/v2\/posts\/39309","targetHints":{"allow":["GET"]}}],"collection":[{"href":"https:\/\/imagazine.it\/home_desk\/wp-json\/wp\/v2\/posts"}],"about":[{"href":"https:\/\/imagazine.it\/home_desk\/wp-json\/wp\/v2\/types\/post"}],"author":[{"embeddable":true,"href":"https:\/\/imagazine.it\/home_desk\/wp-json\/wp\/v2\/users\/28"}],"replies":[{"embeddable":true,"href":"https:\/\/imagazine.it\/home_desk\/wp-json\/wp\/v2\/comments?post=39309"}],"version-history":[{"count":0,"href":"https:\/\/imagazine.it\/home_desk\/wp-json\/wp\/v2\/posts\/39309\/revisions"}],"wp:featuredmedia":[{"embeddable":true,"href":"https:\/\/imagazine.it\/home_desk\/wp-json\/wp\/v2\/media\/39310"}],"wp:attachment":[{"href":"https:\/\/imagazine.it\/home_desk\/wp-json\/wp\/v2\/media?parent=39309"}],"wp:term":[{"taxonomy":"category","embeddable":true,"href":"https:\/\/imagazine.it\/home_desk\/wp-json\/wp\/v2\/categories?post=39309"},{"taxonomy":"post_tag","embeddable":true,"href":"https:\/\/imagazine.it\/home_desk\/wp-json\/wp\/v2\/tags?post=39309"}],"curies":[{"name":"wp","href":"https:\/\/api.w.org\/{rel}","templated":true}]}}