{"id":39299,"date":"2021-05-30T00:00:00","date_gmt":"2021-05-29T23:00:00","guid":{"rendered":"https:\/\/imagazine.it\/?p=39299"},"modified":"2021-05-30T00:00:00","modified_gmt":"2021-05-29T23:00:00","slug":"giovani-aclisti-gorizia-massimiliano-franco-presidente-provinciale","status":"publish","type":"post","link":"https:\/\/imagazine.it\/home_desk\/giovani-aclisti-gorizia-massimiliano-franco-presidente-provinciale\/","title":{"rendered":"Giovani Aclisti Gorizia, Massimiliano Franco presidente provinciale"},"content":{"rendered":"<p> \tSar\u00e0 <strong>Massimiliano Franco<\/strong> il coordinatore dei <strong>Giovani Aclisti dell&#39;Ex Provincia di Gorizia<\/strong>.<\/p>\n<p> \tIl direttivo \u00e8 stato nominato all&#39;unanimit\u00e0. Massimiliano \u00e8 un ragazzo del nuovo millennio, infatti \u00e8 nato nel 2000, ha compiuto da poco 21 anni, sin da bambino ha partecipato alla vita del circolo Acli di Staranzano, prima come bambino a divertirsi in modo spensierato e poi, a 14 anni, ha scavalcato la staccionata, \u00e8 entrato come animatore a tutti gli effetti per dedicarsi ai giovanissimi del circolo.<\/p>\n<p> \tNel 2019 \u00e8 entrato a far parte del direttivo aclista per poi diventare coordinatore dei giovani dell&#39;associazione (nel direttivo ci sono altri 10 giovani come lui).<\/p>\n<p> \tL&#39;obiettivo iniziale del rinnovato direttivo \u00e8 quello di dare nuova linfa ai circoli del territorio, dopo 18 mesi nei quali non si sono potuti \u201cmuovere\u201d vista la pandemia, ora con la riapertura il lavoro sar\u00e0 quello di stimolare i giovani a entrare nell&#39;associazione.<\/p>\n<p> \tEcco uno stralcio del discorso di insediamento del nuovo coordinatore: \u201c<em>Sicuramente noi giovani delle Acli siamo una realt\u00e0 piccola nel territorio. Nonostante questa nostra peculiarit\u00e0 possa sembrare a prima vista penalizzante, io ritengo che possa essere trasformata in un nostro punto di forza. Avere fame di crescita, di espansione, di conoscenza di nuove realt\u00e0 e nuove dinamiche del territorio sar\u00e0 fondamentale. Nei prossimi anni vorrei continuassimo ad approcciarci alla rete sociale che ci circonda con la mente e il cuore aperti che hanno sempre caratterizzato la nostra azione nel piccolo della nostra comunit\u00e0, con la curiosit\u00e0 di chi non vuole mai smettere di imparare e rinnovarsi. Un piccolo obiettivo per gli anni che verranno vorrei quindi fosse quello di portare a compimento dei passi verso nuove realt\u00e0 giovanili: partendo dal confronto e dalla collaborazione con chi si sta gi\u00e0 spendendo verso il nostro territorio, spero saremo capaci di arricchire la nostra realt\u00e0 con nuove tessere per il nostro mosaico di personalit\u00e0 e idee. Mettere a disposizione la ricchezza del proprio tempo e delle proprie capacit\u00e0, facendo fruttare questa libera scelta attraverso il Volontariato non \u00e8 una cosa scontata. Il Volontariato \u00e8 e d\u00e0 valore in primis alla comunit\u00e0, ma costituisce contemporaneamente un\u2019opportunit\u00e0 di crescita personale per il volontario stesso. Il Volontariato con cui mi sono sempre confrontato \u00e8 un Volontariato di persone e di cuori, un Volontariato che fa del processo di sostegno verso l\u2019Altro una sua caratteristica fondante. Ed \u00e8 da questa mia, e al contempo nostra, esperienza personale che vorrei partire: il Volontariato costruisce ponti e tende mani, unendo le diversit\u00e0 per superare le difficolt\u00e0. Mi auguro, infine, che il tempo che tutti noi dedichiamo e dedicheremo a questo percorso possa gettare dei semi per il futuro, dei semi che diventino radici forti, capaci di espandersi verso l\u2019esterno e di intrecciarsi con quelle di altri alberi, capaci di sostenere l\u2019Altro e di imparare dall\u2019Altro<\/em>\u201d.<\/p>\n","protected":false},"excerpt":{"rendered":"<p>Rinnovato il direttivo<\/p>\n","protected":false},"author":22,"featured_media":39300,"comment_status":"closed","ping_status":"closed","sticky":false,"template":"","format":"standard","meta":{"dwc-title":[],"dwc-content":[],"footnotes":""},"categories":[5],"tags":[],"class_list":["post-39299","post","type-post","status-publish","format-standard","has-post-thumbnail","hentry","category-attualita"],"rttpg_featured_image_url":{"full":["https:\/\/imagazine.it\/wp-content\/uploads\/2024\/01\/40477-1.webp",750,609,false],"landscape":["https:\/\/imagazine.it\/wp-content\/uploads\/2024\/01\/40477-1.webp",750,609,false],"portraits":["https:\/\/imagazine.it\/wp-content\/uploads\/2024\/01\/40477-1.webp",750,609,false],"thumbnail":["https:\/\/imagazine.it\/wp-content\/uploads\/2024\/01\/40477-1-150x150.webp",150,150,true],"medium":["https:\/\/imagazine.it\/wp-content\/uploads\/2024\/01\/40477-1-300x244.webp",300,244,true],"large":["https:\/\/imagazine.it\/wp-content\/uploads\/2024\/01\/40477-1.webp",640,520,false],"thumblist":["https:\/\/imagazine.it\/wp-content\/uploads\/2024\/01\/40477-1.webp",300,244,false],"thumbrelated":["https:\/\/imagazine.it\/wp-content\/uploads\/2024\/01\/40477-1.webp",500,406,false],"meccarouselthumb":["https:\/\/imagazine.it\/wp-content\/uploads\/2024\/01\/40477-1.webp",399,324,false],"gridsquare":["https:\/\/imagazine.it\/wp-content\/uploads\/2024\/01\/40477-1.webp",320,260,false],"tileview":["https:\/\/imagazine.it\/wp-content\/uploads\/2024\/01\/40477-1.webp",300,244,false],"1536x1536":["https:\/\/imagazine.it\/wp-content\/uploads\/2024\/01\/40477-1.webp",750,609,false],"2048x2048":["https:\/\/imagazine.it\/wp-content\/uploads\/2024\/01\/40477-1.webp",750,609,false],"newsup-slider-full":["https:\/\/imagazine.it\/wp-content\/uploads\/2024\/01\/40477-1.webp",750,609,false],"newsup-featured":["https:\/\/imagazine.it\/wp-content\/uploads\/2024\/01\/40477-1.webp",750,609,false],"newsup-medium":["https:\/\/imagazine.it\/wp-content\/uploads\/2024\/01\/40477-1-720x380.webp",720,380,true],"tptn_thumbnail":["https:\/\/imagazine.it\/wp-content\/uploads\/2024\/01\/40477-1.webp",250,203,false],"sow-carousel-default":["https:\/\/imagazine.it\/wp-content\/uploads\/2024\/01\/40477-1-272x182.webp",272,182,true]},"rttpg_author":{"display_name":"Livio Nonis","author_link":"https:\/\/imagazine.it\/home_desk\/author\/nonis\/"},"rttpg_comment":0,"rttpg_category":"<a href=\"https:\/\/imagazine.it\/home_desk\/category\/attualita\/\" rel=\"category tag\">ATTUALIT\u00c0<\/a>","rttpg_excerpt":"Rinnovato il direttivo","_links":{"self":[{"href":"https:\/\/imagazine.it\/home_desk\/wp-json\/wp\/v2\/posts\/39299","targetHints":{"allow":["GET"]}}],"collection":[{"href":"https:\/\/imagazine.it\/home_desk\/wp-json\/wp\/v2\/posts"}],"about":[{"href":"https:\/\/imagazine.it\/home_desk\/wp-json\/wp\/v2\/types\/post"}],"author":[{"embeddable":true,"href":"https:\/\/imagazine.it\/home_desk\/wp-json\/wp\/v2\/users\/22"}],"replies":[{"embeddable":true,"href":"https:\/\/imagazine.it\/home_desk\/wp-json\/wp\/v2\/comments?post=39299"}],"version-history":[{"count":0,"href":"https:\/\/imagazine.it\/home_desk\/wp-json\/wp\/v2\/posts\/39299\/revisions"}],"wp:featuredmedia":[{"embeddable":true,"href":"https:\/\/imagazine.it\/home_desk\/wp-json\/wp\/v2\/media\/39300"}],"wp:attachment":[{"href":"https:\/\/imagazine.it\/home_desk\/wp-json\/wp\/v2\/media?parent=39299"}],"wp:term":[{"taxonomy":"category","embeddable":true,"href":"https:\/\/imagazine.it\/home_desk\/wp-json\/wp\/v2\/categories?post=39299"},{"taxonomy":"post_tag","embeddable":true,"href":"https:\/\/imagazine.it\/home_desk\/wp-json\/wp\/v2\/tags?post=39299"}],"curies":[{"name":"wp","href":"https:\/\/api.w.org\/{rel}","templated":true}]}}