{"id":39275,"date":"2021-05-28T00:00:00","date_gmt":"2021-05-27T23:00:00","guid":{"rendered":"https:\/\/imagazine.it\/?p=39275"},"modified":"2021-05-28T00:00:00","modified_gmt":"2021-05-27T23:00:00","slug":"la-meglio-gioventu-si-riapre-al-pubblico","status":"publish","type":"post","link":"https:\/\/imagazine.it\/home_desk\/la-meglio-gioventu-si-riapre-al-pubblico\/","title":{"rendered":"La Meglio Giovent\u00f9 si riapre al pubblico"},"content":{"rendered":"<p> \t<strong><em>La Meglio Giovent\u00f9<\/em><\/strong> ha mantenuto anche in quest\u2019anno difficile il contatto con i ragazzi e le ragazze interessati alla pratica teatrale residenti nei Comuni <strong>Aiello del Friuli, Aquileia, Bagnaria Arsa, Campolongo Tapogliano, Carlino,\u00a0<\/strong><strong>Cervignano del Friuli, Fiumicello Villa Vicentina,\u00a0<\/strong><strong>Marano Lagunare, Ruda, San Giorgio di Nogaro\u00a0<\/strong><strong>e Terzo di Aquileia <\/strong>e che aderiscono da anni al progetto di <strong>ContattoTIG &#8211; Teatro per le nuove generazioni del CSS.<\/strong><\/p>\n<p> \tPrima su zoom, poi in incontri intensivi dal vivo, che li ha riuniti per la prima volta dopo mesi proprio nei 4 luoghi all\u2019aperto scelti per i loro saggi finali aperti al pubblico, <em>La Meglio giovent\u00f9<\/em> \u00e8 rimasta per loro un\u2019esperienza di crescita e di incontro.<\/p>\n<p> \tPer queste <strong>4 serate finali<\/strong> <strong>aperte al pubblico<\/strong>, quattro ragazze e ragazzi del Laboratorio &#8211; <strong>Giovanni Carnemolla, Leonardo Fonda, Stella Iovine, Agnese Zanirato <\/strong>&#8211; diretti da <strong>Manuel Buttus e Nicoletta Oscuro, <\/strong>portano in scena <strong>L\u2019isola<\/strong>, una creazione nata dalla forte ispirazione di un racconto dello scrittore <strong>Julio Cort\u00e1zar<\/strong>, maestro del racconto fantastico.<\/p>\n<p> \t\u201cIn questo periodo abbiamo dovuto quasi rinunciare, \u201cmettere in cantina\u201d l\u2019immaginazione \u2013 spiegano Nicoletta Oscuro e Manuel Buttus \u2013. Per i ragazzi \u00e8 stata una fortissima privazione e per noi la cosa pi\u00f9 importante da cui ripartire e da fare assieme a loro \u00e8 stato cercare di restituirgliela, di riattivarla grazie alla potenza del teatro. Usare la fantasia, assumere un mondo fantastico come lente di ingrandimento della realt\u00e0, imparare a lasciar andare qualcosa per provare un\u2019altra strada, per cambiare assieme\u201d.<\/p>\n<p> \tI 4 saggi sono in programma, tutti con inizio alle ore 19, il <strong>31 maggio <\/strong>nella Corte di Palazzo Vianelli a <strong>Terzo di Aquileia<\/strong>, il <strong>1\u00b0 giugno<\/strong> nel Giardino dei Diritti a <strong>Cervignano del Friuli<\/strong>, il <strong>3 giugno <\/strong>al Parco di Villa Dora a <strong>San Giorgio di Nogaro<\/strong>, il <strong>4 giugno <\/strong>al Lascito Dal Dan a Bagnaria Arsa.<\/p>\n<p> \t<strong>L\u2019ingresso sar\u00e0 libero con prenotazione.<\/strong><\/p>\n<p> \tPer prenotazioni, scrivere a: <a href=\"mailto:biglietteria@cssudine.it\">biglietteria@cssudine.it<\/a>\u00a0o chiamare: t. 0432.506925\/504765<\/p>\n","protected":false},"excerpt":{"rendered":"<p>Quattro serate in presenza<\/p>\n","protected":false},"author":28,"featured_media":39276,"comment_status":"closed","ping_status":"closed","sticky":false,"template":"","format":"standard","meta":{"dwc-title":[],"dwc-content":[],"footnotes":""},"categories":[37],"tags":[],"class_list":["post-39275","post","type-post","status-publish","format-standard","has-post-thumbnail","hentry","category-cultura-e-spettacolo"],"rttpg_featured_image_url":{"full":["https:\/\/imagazine.it\/wp-content\/uploads\/2024\/01\/40422-1.webp",1000,750,false],"landscape":["https:\/\/imagazine.it\/wp-content\/uploads\/2024\/01\/40422-1.webp",1000,750,false],"portraits":["https:\/\/imagazine.it\/wp-content\/uploads\/2024\/01\/40422-1.webp",1000,750,false],"thumbnail":["https:\/\/imagazine.it\/wp-content\/uploads\/2024\/01\/40422-1-150x150.webp",150,150,true],"medium":["https:\/\/imagazine.it\/wp-content\/uploads\/2024\/01\/40422-1-300x225.webp",300,225,true],"large":["https:\/\/imagazine.it\/wp-content\/uploads\/2024\/01\/40422-1.webp",640,480,false],"thumblist":["https:\/\/imagazine.it\/wp-content\/uploads\/2024\/01\/40422-1.webp",300,225,false],"thumbrelated":["https:\/\/imagazine.it\/wp-content\/uploads\/2024\/01\/40422-1.webp",500,375,false],"meccarouselthumb":["https:\/\/imagazine.it\/wp-content\/uploads\/2024\/01\/40422-1.webp",432,324,false],"gridsquare":["https:\/\/imagazine.it\/wp-content\/uploads\/2024\/01\/40422-1.webp",347,260,false],"tileview":["https:\/\/imagazine.it\/wp-content\/uploads\/2024\/01\/40422-1.webp",300,225,false],"1536x1536":["https:\/\/imagazine.it\/wp-content\/uploads\/2024\/01\/40422-1.webp",1000,750,false],"2048x2048":["https:\/\/imagazine.it\/wp-content\/uploads\/2024\/01\/40422-1.webp",1000,750,false],"newsup-slider-full":["https:\/\/imagazine.it\/wp-content\/uploads\/2024\/01\/40422-1-1000x720.webp",1000,720,true],"newsup-featured":["https:\/\/imagazine.it\/wp-content\/uploads\/2024\/01\/40422-1.webp",1000,750,false],"newsup-medium":["https:\/\/imagazine.it\/wp-content\/uploads\/2024\/01\/40422-1-720x380.webp",720,380,true],"tptn_thumbnail":["https:\/\/imagazine.it\/wp-content\/uploads\/2024\/01\/40422-1.webp",250,188,false],"sow-carousel-default":["https:\/\/imagazine.it\/wp-content\/uploads\/2024\/01\/40422-1-272x182.webp",272,182,true]},"rttpg_author":{"display_name":"redazione","author_link":"https:\/\/imagazine.it\/home_desk\/author\/redazione\/"},"rttpg_comment":0,"rttpg_category":"<a href=\"https:\/\/imagazine.it\/home_desk\/category\/cultura-e-spettacolo\/\" rel=\"category tag\">CULTURA&amp;SPETTACOLO<\/a>","rttpg_excerpt":"Quattro serate in presenza","_links":{"self":[{"href":"https:\/\/imagazine.it\/home_desk\/wp-json\/wp\/v2\/posts\/39275","targetHints":{"allow":["GET"]}}],"collection":[{"href":"https:\/\/imagazine.it\/home_desk\/wp-json\/wp\/v2\/posts"}],"about":[{"href":"https:\/\/imagazine.it\/home_desk\/wp-json\/wp\/v2\/types\/post"}],"author":[{"embeddable":true,"href":"https:\/\/imagazine.it\/home_desk\/wp-json\/wp\/v2\/users\/28"}],"replies":[{"embeddable":true,"href":"https:\/\/imagazine.it\/home_desk\/wp-json\/wp\/v2\/comments?post=39275"}],"version-history":[{"count":0,"href":"https:\/\/imagazine.it\/home_desk\/wp-json\/wp\/v2\/posts\/39275\/revisions"}],"wp:featuredmedia":[{"embeddable":true,"href":"https:\/\/imagazine.it\/home_desk\/wp-json\/wp\/v2\/media\/39276"}],"wp:attachment":[{"href":"https:\/\/imagazine.it\/home_desk\/wp-json\/wp\/v2\/media?parent=39275"}],"wp:term":[{"taxonomy":"category","embeddable":true,"href":"https:\/\/imagazine.it\/home_desk\/wp-json\/wp\/v2\/categories?post=39275"},{"taxonomy":"post_tag","embeddable":true,"href":"https:\/\/imagazine.it\/home_desk\/wp-json\/wp\/v2\/tags?post=39275"}],"curies":[{"name":"wp","href":"https:\/\/api.w.org\/{rel}","templated":true}]}}