{"id":39251,"date":"2021-05-27T00:00:00","date_gmt":"2021-05-26T23:00:00","guid":{"rendered":"https:\/\/imagazine.it\/?p=39251"},"modified":"2021-05-27T00:00:00","modified_gmt":"2021-05-26T23:00:00","slug":"flixbus-potenzia-la-rete-in-friuli-venezia-giulia","status":"publish","type":"post","link":"https:\/\/imagazine.it\/home_desk\/flixbus-potenzia-la-rete-in-friuli-venezia-giulia\/","title":{"rendered":"FlixBus potenzia la rete in Friuli Venezia Giulia"},"content":{"rendered":"<p> \tA partire da oggi, <strong>FlixBus potenzia i collegamenti in Friuli Venezia Giulia<\/strong>, portando a <strong>circa 50<\/strong> il numero delle <strong>citt\u00e0 collegate<\/strong> <strong>in cinque Paesi europei<\/strong>.<\/p>\n<p> \t\u00ab<em>Continueremo a fare tutto il possibile per<\/em> <em>supportare attivamente il rilancio del turismo in Italia. In particolare, crediamo che la ripartenza non possa prescindere da due fattori: intermodalit\u00e0 fra i mezzi di trasporto, in un\u2019ottica di sostenibilit\u00e0, e sicurezza<\/em>\u00bb, ha affermato <strong>Andrea Incondi<\/strong>, Managing Director di FlixBus Italia.<\/p>\n<p> \tSono <strong>quattro<\/strong> le localit\u00e0 in Friuli Venezia Giulia interessate dal potenziamento della rete di FlixBus. A partire da oggi, la societ\u00e0 degli autobus verdi andr\u00e0 infatti a incrementare le relazioni operative con <strong>Trieste<\/strong>, <strong>Udine<\/strong> e l\u2019<strong>aeroporto di<\/strong> <strong>Ronchi dei Legionari<\/strong>, e istituir\u00e0 da giugno connessioni dirette anche con <strong>Pordenone<\/strong>, collegando la regione con <strong>circa 50 citt\u00e0 in cinque Paesi europei<\/strong>.<\/p>\n<p> \tSi riconferma innanzitutto il ruolo di Trieste quale hub strategico della rete FlixBus nel nord-est e in tutta Italia, con l\u2019estensione dei collegamenti diretti a <strong>circa 50 destinazioni in Italia e all\u2019estero<\/strong>.<\/p>\n<p> \tIn Italia, alle mete collegate con il capoluogo \u2013 <strong>Venezia<\/strong>, <strong>Verona<\/strong>, <strong>Padova<\/strong>, <strong>Roma<\/strong>, <strong>Milano<\/strong>, <strong>Torino<\/strong>, <strong>Genova<\/strong> e <strong>Bologna<\/strong> e gli <strong>aeroporti di Venezia e Orio al Serio <\/strong>\u2013 si affiancano, da oggi, anche <strong>Firenze<\/strong> e <strong>Napoli<\/strong>, oltre a <strong>Vicenza<\/strong>, <strong>Ferrara<\/strong> e <strong>Bergamo<\/strong> fra i centri a medio raggio e a <strong>Imperia<\/strong>, <strong>Sanremo<\/strong> e <strong>Ventimiglia<\/strong> in Liguria. Da sabato 5 giugno, inoltre, sar\u00e0 collegata con Trieste anche <strong>Siena<\/strong>, mentre da venerd\u00ec 11 giugno il capoluogo giuliano sar\u00e0 connesso capillarmente con numerose localit\u00e0 in Campania, come <strong>Sala Consilina<\/strong>, e in Calabria, come <strong>Cosenza<\/strong>, <strong>Lamezia Terme<\/strong> e <strong>Reggio Calabria<\/strong>.<\/p>\n<p> \tRispetto alle rotte internazionali, salir\u00e0 presto a <strong>11<\/strong> il numero delle <strong>citt\u00e0 estere<\/strong> <strong>collegate senza cambi con il capoluogo giuliano<\/strong>. La citt\u00e0, gi\u00e0 connessa con <strong>Lubiana<\/strong> in Slovenia, con <strong>Zagabria<\/strong>, <strong>Fiume<\/strong> e <strong>Pola<\/strong> in Croazia e con <strong>Marsiglia<\/strong>, <strong>Nizza<\/strong>, <strong>Lione<\/strong> e <strong>Tolone<\/strong> in Francia, beneficer\u00e0 infatti, da gioved\u00ec 24 giugno, anche di connessioni dirette con <strong>Maribor<\/strong>, in Slovenia, e <strong>Budapest<\/strong> e <strong>Si\u00f3fok<\/strong> in Ungheria.<\/p>\n<p> \tDa oggi l\u2019aeroporto di <strong>Ronchi dei Legionari <\/strong>sar\u00e0 invece collegato con <strong>Venezia<\/strong>, <strong>Mestre<\/strong>, l\u2019<strong>aeroporto Marco Polo<\/strong>, <strong>Padova<\/strong>, <strong>Bologna<\/strong>, <strong>Ferrara<\/strong>, <strong>Firenze<\/strong> e <strong>Napoli<\/strong>.<\/p>\n<p> \tL\u2019ampliamento delle rotte tra il Friuli Venezia Giulia e il centro e il Sud Italia interesser\u00e0 anche <strong>Udine<\/strong>, che da giugno beneficer\u00e0 di nuovi collegamenti diretti in aggiunta a quelli gi\u00e0 attivi con <strong>Venezia<\/strong>, <strong>Padova<\/strong> e <strong>Roma<\/strong>. A partire da gioved\u00ec 11 giugno, la citt\u00e0 sar\u00e0 infatti collegata anche con <strong>Treviso<\/strong>, <strong>Bologna<\/strong>, <strong>Ferrara<\/strong> e varie localit\u00e0 del Mezzogiorno, come <strong>Sala Consilina<\/strong>, <strong>Cosenza<\/strong>, <strong>Lamezia Terme<\/strong> e <strong>Reggio Calabria<\/strong>. A partire da sabato 19 giugno, <strong>Fiume<\/strong> e <strong>Pola<\/strong> si aggiungeranno infine a <strong>Lubiana<\/strong> e <strong>Zagabria<\/strong> tra le citt\u00e0 collegate all\u2019estero.<\/p>\n<p> \tDa <strong>venerd\u00ec 11 giugno<\/strong> saranno attivati i collegamenti tra <strong>Pordenone <\/strong>e circa 20 citt\u00e0 italiane, tra cui <strong>Padova<\/strong>, <strong>Treviso<\/strong>, <strong>Bologna<\/strong>, <strong>Ferrara<\/strong>, <strong>Cosenza<\/strong> e <strong>Reggio Calabria<\/strong>.<\/p>\n","protected":false},"excerpt":{"rendered":"<p>Collegamenti diretti con circa 50 citt\u00e0 in cinque Paesi europei<\/p>\n","protected":false},"author":28,"featured_media":39252,"comment_status":"closed","ping_status":"closed","sticky":false,"template":"","format":"standard","meta":{"dwc-title":[],"dwc-content":[],"footnotes":""},"categories":[5],"tags":[],"class_list":["post-39251","post","type-post","status-publish","format-standard","has-post-thumbnail","hentry","category-attualita"],"rttpg_featured_image_url":{"full":["https:\/\/imagazine.it\/wp-content\/uploads\/2024\/01\/40338-1.webp",1000,760,false],"landscape":["https:\/\/imagazine.it\/wp-content\/uploads\/2024\/01\/40338-1.webp",1000,760,false],"portraits":["https:\/\/imagazine.it\/wp-content\/uploads\/2024\/01\/40338-1.webp",1000,760,false],"thumbnail":["https:\/\/imagazine.it\/wp-content\/uploads\/2024\/01\/40338-1-150x150.webp",150,150,true],"medium":["https:\/\/imagazine.it\/wp-content\/uploads\/2024\/01\/40338-1-300x228.webp",300,228,true],"large":["https:\/\/imagazine.it\/wp-content\/uploads\/2024\/01\/40338-1.webp",640,486,false],"thumblist":["https:\/\/imagazine.it\/wp-content\/uploads\/2024\/01\/40338-1.webp",300,228,false],"thumbrelated":["https:\/\/imagazine.it\/wp-content\/uploads\/2024\/01\/40338-1.webp",500,380,false],"meccarouselthumb":["https:\/\/imagazine.it\/wp-content\/uploads\/2024\/01\/40338-1.webp",426,324,false],"gridsquare":["https:\/\/imagazine.it\/wp-content\/uploads\/2024\/01\/40338-1.webp",342,260,false],"tileview":["https:\/\/imagazine.it\/wp-content\/uploads\/2024\/01\/40338-1.webp",300,228,false],"1536x1536":["https:\/\/imagazine.it\/wp-content\/uploads\/2024\/01\/40338-1.webp",1000,760,false],"2048x2048":["https:\/\/imagazine.it\/wp-content\/uploads\/2024\/01\/40338-1.webp",1000,760,false],"newsup-slider-full":["https:\/\/imagazine.it\/wp-content\/uploads\/2024\/01\/40338-1-1000x720.webp",1000,720,true],"newsup-featured":["https:\/\/imagazine.it\/wp-content\/uploads\/2024\/01\/40338-1.webp",1000,760,false],"newsup-medium":["https:\/\/imagazine.it\/wp-content\/uploads\/2024\/01\/40338-1-720x380.webp",720,380,true],"tptn_thumbnail":["https:\/\/imagazine.it\/wp-content\/uploads\/2024\/01\/40338-1.webp",250,190,false],"sow-carousel-default":["https:\/\/imagazine.it\/wp-content\/uploads\/2024\/01\/40338-1-272x182.webp",272,182,true]},"rttpg_author":{"display_name":"redazione","author_link":"https:\/\/imagazine.it\/home_desk\/author\/redazione\/"},"rttpg_comment":0,"rttpg_category":"<a href=\"https:\/\/imagazine.it\/home_desk\/category\/attualita\/\" rel=\"category tag\">ATTUALIT\u00c0<\/a>","rttpg_excerpt":"Collegamenti diretti con circa 50 citt\u00e0 in cinque Paesi europei","_links":{"self":[{"href":"https:\/\/imagazine.it\/home_desk\/wp-json\/wp\/v2\/posts\/39251","targetHints":{"allow":["GET"]}}],"collection":[{"href":"https:\/\/imagazine.it\/home_desk\/wp-json\/wp\/v2\/posts"}],"about":[{"href":"https:\/\/imagazine.it\/home_desk\/wp-json\/wp\/v2\/types\/post"}],"author":[{"embeddable":true,"href":"https:\/\/imagazine.it\/home_desk\/wp-json\/wp\/v2\/users\/28"}],"replies":[{"embeddable":true,"href":"https:\/\/imagazine.it\/home_desk\/wp-json\/wp\/v2\/comments?post=39251"}],"version-history":[{"count":0,"href":"https:\/\/imagazine.it\/home_desk\/wp-json\/wp\/v2\/posts\/39251\/revisions"}],"wp:featuredmedia":[{"embeddable":true,"href":"https:\/\/imagazine.it\/home_desk\/wp-json\/wp\/v2\/media\/39252"}],"wp:attachment":[{"href":"https:\/\/imagazine.it\/home_desk\/wp-json\/wp\/v2\/media?parent=39251"}],"wp:term":[{"taxonomy":"category","embeddable":true,"href":"https:\/\/imagazine.it\/home_desk\/wp-json\/wp\/v2\/categories?post=39251"},{"taxonomy":"post_tag","embeddable":true,"href":"https:\/\/imagazine.it\/home_desk\/wp-json\/wp\/v2\/tags?post=39251"}],"curies":[{"name":"wp","href":"https:\/\/api.w.org\/{rel}","templated":true}]}}