{"id":39225,"date":"2021-05-25T00:00:00","date_gmt":"2021-05-24T23:00:00","guid":{"rendered":"https:\/\/imagazine.it\/?p=39225"},"modified":"2021-05-25T00:00:00","modified_gmt":"2021-05-24T23:00:00","slug":"il-sogno-promozione-di-gradisca-si-infrange-a-varese","status":"publish","type":"post","link":"https:\/\/imagazine.it\/home_desk\/il-sogno-promozione-di-gradisca-si-infrange-a-varese\/","title":{"rendered":"Il sogno promozione di Gradisca si infrange a Varese"},"content":{"rendered":"<p> \tRimane un tab\u00f9 per la <strong>Castelvecchio Gradisca<\/strong> il ritorno nella massima serie di basket in carrozzina.<\/p>\n<p> \tLa rappresentante regionale del <em>wheelchair<\/em> \u00e8 costretta ad arrendersi al cospetto di <strong>Varese<\/strong> nella gara secca che costituiva il primo turno dei play-off promozione, e vede sfumare il sogno di un ritorno in A, categoria che manca da ormai quattro stagioni.<\/p>\n<p> \tIn terra lombarda i gradiscani hanno gettato il cuore oltre l&#39;ostacolo: finisce <strong>64-56<\/strong> per i padroni di casa, ma i ragazzi del tandem tecnico <strong>Sejmenovic-Cappellazzo<\/strong> hanno lottato come leoni nonostante due assenze pesantissime come quelle dell&#39;azzurro <strong>Ambrosetti<\/strong> e di <strong>Mucchiut<\/strong>, costretti a marcare visita per malattia proprio nel momento decisivo della stagione.<\/p>\n<p> \tAssenze che hanno ridisegnato pesantemente, anche a livello di punteggio del quintetto, le scelte a disposizione dei biancoblu.<\/p>\n<p> \t&#8220;Peccato, perch\u00e8 con una formazione al completo ce la saremmo giocata fino alla fine &#8211; commenta lo storico presidente della Polisportiva Nordest Castelvecchio Gradisca, <strong>Egone Tomasinsig<\/strong> -. \u00c8 stata una stagione di grandi sacrifici, anche legati all&#39;emergenza pandemia, ma la squadra ha dato tutto ci\u00f2 che poteva e con un pizzico di sorte in pi\u00f9 forse sarebbe potuta arrivare fino in fondo\u201d.<\/p>\n<p> \tAlla poule decisiva di Firenze accede dunque Varese. Prima del fischio di inizio le squadre si sono strette in un minuto di raccoglimento per ricordare <strong>Franco Lachin<\/strong>, socio fondatore, dirigente del Padova Millennium Basket e soprattutto amico, venuto a mancare in settimana.<\/p>\n<p> \t\u00a0<\/p>\n<p> \tTabellino: parziali 14-13, 23-14, 10-10, 17-19<\/p>\n<p> \tAMCA HSVarese: Marinello, Molteni 6, Sala, Mazzolini 27, Diene 2, Fiorentini, Roncari 6, Silva 23, Pol.<\/p>\n<p> \tCastelvecchio Gradisca: Braida, Serio 4, Cappellazzo, Fiorino, Slapincar 10, Sejmenovic 25, Vitalyos, Querci, Della Rovere, Kuduzovic 17, Arh.\u00a0<\/p>\n","protected":false},"excerpt":{"rendered":"<p>Basket in carrozzina<\/p>\n","protected":false},"author":22,"featured_media":39226,"comment_status":"closed","ping_status":"closed","sticky":false,"template":"","format":"standard","meta":{"dwc-title":[],"dwc-content":[],"footnotes":""},"categories":[38],"tags":[],"class_list":["post-39225","post","type-post","status-publish","format-standard","has-post-thumbnail","hentry","category-sport"],"rttpg_featured_image_url":{"full":["https:\/\/imagazine.it\/wp-content\/uploads\/2024\/01\/40272-1.webp",960,674,false],"landscape":["https:\/\/imagazine.it\/wp-content\/uploads\/2024\/01\/40272-1.webp",960,674,false],"portraits":["https:\/\/imagazine.it\/wp-content\/uploads\/2024\/01\/40272-1.webp",960,674,false],"thumbnail":["https:\/\/imagazine.it\/wp-content\/uploads\/2024\/01\/40272-1-150x150.webp",150,150,true],"medium":["https:\/\/imagazine.it\/wp-content\/uploads\/2024\/01\/40272-1-300x211.webp",300,211,true],"large":["https:\/\/imagazine.it\/wp-content\/uploads\/2024\/01\/40272-1.webp",640,449,false],"thumblist":["https:\/\/imagazine.it\/wp-content\/uploads\/2024\/01\/40272-1.webp",300,211,false],"thumbrelated":["https:\/\/imagazine.it\/wp-content\/uploads\/2024\/01\/40272-1.webp",500,351,false],"meccarouselthumb":["https:\/\/imagazine.it\/wp-content\/uploads\/2024\/01\/40272-1.webp",461,324,false],"gridsquare":["https:\/\/imagazine.it\/wp-content\/uploads\/2024\/01\/40272-1.webp",370,260,false],"tileview":["https:\/\/imagazine.it\/wp-content\/uploads\/2024\/01\/40272-1.webp",300,211,false],"1536x1536":["https:\/\/imagazine.it\/wp-content\/uploads\/2024\/01\/40272-1.webp",960,674,false],"2048x2048":["https:\/\/imagazine.it\/wp-content\/uploads\/2024\/01\/40272-1.webp",960,674,false],"newsup-slider-full":["https:\/\/imagazine.it\/wp-content\/uploads\/2024\/01\/40272-1.webp",960,674,false],"newsup-featured":["https:\/\/imagazine.it\/wp-content\/uploads\/2024\/01\/40272-1.webp",960,674,false],"newsup-medium":["https:\/\/imagazine.it\/wp-content\/uploads\/2024\/01\/40272-1-720x380.webp",720,380,true],"tptn_thumbnail":["https:\/\/imagazine.it\/wp-content\/uploads\/2024\/01\/40272-1.webp",250,176,false],"sow-carousel-default":["https:\/\/imagazine.it\/wp-content\/uploads\/2024\/01\/40272-1-272x182.webp",272,182,true]},"rttpg_author":{"display_name":"Livio Nonis","author_link":"https:\/\/imagazine.it\/home_desk\/author\/nonis\/"},"rttpg_comment":0,"rttpg_category":"<a href=\"https:\/\/imagazine.it\/home_desk\/category\/sport\/\" rel=\"category tag\">SPORT<\/a>","rttpg_excerpt":"Basket in carrozzina","_links":{"self":[{"href":"https:\/\/imagazine.it\/home_desk\/wp-json\/wp\/v2\/posts\/39225","targetHints":{"allow":["GET"]}}],"collection":[{"href":"https:\/\/imagazine.it\/home_desk\/wp-json\/wp\/v2\/posts"}],"about":[{"href":"https:\/\/imagazine.it\/home_desk\/wp-json\/wp\/v2\/types\/post"}],"author":[{"embeddable":true,"href":"https:\/\/imagazine.it\/home_desk\/wp-json\/wp\/v2\/users\/22"}],"replies":[{"embeddable":true,"href":"https:\/\/imagazine.it\/home_desk\/wp-json\/wp\/v2\/comments?post=39225"}],"version-history":[{"count":0,"href":"https:\/\/imagazine.it\/home_desk\/wp-json\/wp\/v2\/posts\/39225\/revisions"}],"wp:featuredmedia":[{"embeddable":true,"href":"https:\/\/imagazine.it\/home_desk\/wp-json\/wp\/v2\/media\/39226"}],"wp:attachment":[{"href":"https:\/\/imagazine.it\/home_desk\/wp-json\/wp\/v2\/media?parent=39225"}],"wp:term":[{"taxonomy":"category","embeddable":true,"href":"https:\/\/imagazine.it\/home_desk\/wp-json\/wp\/v2\/categories?post=39225"},{"taxonomy":"post_tag","embeddable":true,"href":"https:\/\/imagazine.it\/home_desk\/wp-json\/wp\/v2\/tags?post=39225"}],"curies":[{"name":"wp","href":"https:\/\/api.w.org\/{rel}","templated":true}]}}