{"id":39211,"date":"2021-05-25T00:00:00","date_gmt":"2021-05-24T23:00:00","guid":{"rendered":"https:\/\/imagazine.it\/?p=39211"},"modified":"2021-05-25T00:00:00","modified_gmt":"2021-05-24T23:00:00","slug":"il-grande-jazz-a-udine-per-richiamare-la-primavera","status":"publish","type":"post","link":"https:\/\/imagazine.it\/home_desk\/il-grande-jazz-a-udine-per-richiamare-la-primavera\/","title":{"rendered":"Il grande jazz a Udine per richiamare la primavera"},"content":{"rendered":"<p> \tCompie trent\u2019anni <strong><em>Udin&#038;Jazz<\/em><\/strong> organizzato dall\u2019Associazione Culturale Euritmica.<\/p>\n<p> \tNel 2020 il festival ha compiuto 30 anni, ma l\u2019emergenza sanitaria ha impedito di celebrarne la ricorrenza in dicembre, obbligando Euritmica a rinviarla pi\u00f9 volte. E ora, in primavera avanzata, \u00e8 arrivato il momento: le recenti disposizioni consentono la riapertura dei teatri, seppur con una capienza ridotta e con orari inusuali.<\/p>\n<p> \t\u00ab<em>Udin&#038;Jazz \u00e8 nato qui, trent\u2019anni fa, e questa \u00e8 sempre stata la sua casa. Siamo orgogliosi di riportare il \u201cnostro\u201d jazz nel capoluogo friulano. Lo facciamo forti della nostra indipendenza e con l\u2019orgoglio di riportare la grande musica jazz a Udine, per i tanti appassionati della citt\u00e0<\/em>\u00bb, commenta il presidente di Euritmica e direttore artistico di <em>Udin&#038;Jazz<\/em>, <strong>Giancarlo Velliscig<\/strong>.<\/p>\n<p> \t<em>Udin&#038;Jazz Winter<\/em> sar\u00e0 il primo festival ad andare in scena in regione dopo l\u2019annuncio della riapertura dei teatri: a <strong>Udine<\/strong> arriveranno <strong>i big del jazz italiano accanto a nuove o storiche realt\u00e0 del jazz regionale e friulano<\/strong>.<\/p>\n<p> \tPer ricordare alcuni dei grandi artisti che in 30 anni hanno calcato i palchi del festival udinese, nella <strong>sala Carmelo Bene del Palamostre<\/strong> verr\u00e0 allestita, <strong>dal 28 al 31 maggio,<\/strong> la mostra<strong> \u201c<em>JAZZ PORTRAITS<\/em>\u201d<\/strong>, un racconto storico del festival curato da <strong>Luca A. d\u2019Agostino<\/strong>, attraverso 30 foto d\u2019autore di altrettanti grandi del jazz immortalati dallo stesso e da suoi illustri colleghi dell\u2019Associazione Fotografi Italiani di Jazz.<\/p>\n<p> \tDopo l\u2019inaugurazione della mostra e la <strong>presentazione di due pubblicazioni sulla mostra stessa e sullo spettacolo serale su John Coltrane <\/strong>(ed. Kappa Vu), il programma sar\u00e0 dunque un alternarsi di proposte nazionali e produzioni locali.<\/p>\n<p> \tIl debutto sar\u00e0 affidato a una <strong>produzione Euritmica: venerd\u00ec 28 maggio<\/strong>, alle ore 20 andr\u00e0 in scena in <strong>prima assoluta lo spettacolo \u201c<em>John Coltrane &#8211; Un amore supremo: una Musica tra Terra e Cielo<\/em><\/strong>\u201d.<\/p>\n<p> \tI testi dello storico e drammaturgo <strong>Valerio Marchi<\/strong>, narrati sul palco dallo stesso Marchi e dalla voce di <strong>Nicoletta Oscuro<\/strong> (subentrata a Claudia Grimaz momentaneamente indisponibile), si alterneranno ai brani pi\u00f9 noti del repertorio coltraniano riproposti dal trio <strong>Bearzatti-Colussi-Rinaldi<\/strong>, ripercorrendo la complessa parabola umana e artistica del mitico musicista attraverso lo sguardo delle donne della sua vita.<\/p>\n<p> \t<strong>Sabato 29 sar\u00e0 la grande serata di Enrico Rava<\/strong>, amico di vecchia data di <em>Udin&#038;Jazz<\/em> e musicista intenso e raffinato che ha suonato in tutto il mondo e che, per una sera, porter\u00e0 tutto il suo vissuto musicale a Udine. Rava si esibir\u00e0 a Udine in <em>\u201c<strong>Special edition<\/strong>\u201d<\/em>, un regalo nel regalo, per il pubblico di Udin&#038;Jazz, visto che questa formazione \u00e8 nata il 20 agosto del 2019 in occasione del suo 80esimo compleanno, raggruppando i musicisti che pi\u00f9 gli sono stati vicino negli ultimi anni, per rivisitare i brani pi\u00f9 significativi della sua carriera secondo un mood assolutamente attuale.\u00a0 Ad accompagnarlo sul palco ci saranno dunque <strong>Francesco Bearzatti <\/strong>al sax tenore, <strong>Francesco Diodati<\/strong> alla chitarra, <strong>Giovanni Guidi<\/strong> al pianoforte, <strong>Gabriele Evangelista<\/strong> al contrabbasso ed <strong>Enrico Morello<\/strong> alla batteria.<\/p>\n<p> \t<strong>Doppio appuntamento domenica 30 maggio<\/strong>: <strong>alle 18.30<\/strong>, sul palco del Palamostre, saliranno a presentare il loro nuovo lavoro <strong><em>\u201cBlue Question\u201d<\/em><\/strong> <strong>Claudio Cojaniz e Franco Feruglio<\/strong>. <strong>Alle 20<\/strong>, secondo appuntamento della serata: l\u2019eclettico batterista <strong>Roberto Gatto<\/strong> guider\u00e0 con il progetto <strong><em>\u201cProgressivamente\u201d<\/em><\/strong> la sua <em>superband<\/em> (in cui spicca la presenza della voce di <strong>John De Leo<\/strong>) spingendosi a rileggere in chiave jazz il mondo affascinante del <em>progressive<\/em>.<\/p>\n<p> \tAnche in questo caso il pubblico udinese avr\u00e0 l\u2019occasione di viaggiare in una musica globale, lasciandosi travolgere dalle sonorit\u00e0 del jazz di fronte alla creativit\u00e0 sperimentale dei vari Genesis, King Crimson, Curved Air, Jethro Tull, Yes, solo per citarne alcuni.<\/p>\n<p> \tAnche <strong>luned\u00ec 31 maggio<\/strong>, giornata conclusiva della prima edizione di <em>Udin&#038;Jazz Winter<\/em>, doppio appuntamento. Salir\u00e0 per prima sul palco una formazione totalmente friulana: sar\u00e0 <strong>l\u2019Udin&#038;Jazz Ensemble<\/strong> (formazione di 12 elementi, emanazione della omonima resident Big Band del Festival, nata qualche anno fa) a scaldare il pubblico <strong>a partire dalle 18.30<\/strong> con una produzione originale e un repertorio composto per l\u2019occasione dai musicisti <strong>Mirko Cisilino, Emanuele Filippi e Max Ravanello<\/strong>.<\/p>\n<p> \t<strong>Alle 20<\/strong> un altro protagonista del jazz italiano: <strong>torna a Udin&#038;Jazz Dario Carnovale con il suo progetto <\/strong>\u201c<strong>LIFT HIM UP 4et<\/strong>\u201d che vede, accanto al contrabbassista <strong>Simone Serafini<\/strong> e al batterista <strong>Klemens Marktl,<\/strong> come ospite di assoluto rilievo il trombettista <strong>Fabrizio Bosso<\/strong>, con un progetto inedito. Un gran finale con un repertorio che spazier\u00e0 dalla rielaborazione di standard a brani autografi dello stesso Bosso e del pianista <strong>Dario Carnovale<\/strong>.<\/p>\n","protected":false},"excerpt":{"rendered":"<p>Udin&#038;Jazz Winter<\/p>\n","protected":false},"author":28,"featured_media":39212,"comment_status":"closed","ping_status":"closed","sticky":false,"template":"","format":"standard","meta":{"dwc-title":[],"dwc-content":[],"footnotes":""},"categories":[37],"tags":[],"class_list":["post-39211","post","type-post","status-publish","format-standard","has-post-thumbnail","hentry","category-cultura-e-spettacolo"],"rttpg_featured_image_url":{"full":["https:\/\/imagazine.it\/wp-content\/uploads\/2024\/01\/40253-1.webp",1000,667,false],"landscape":["https:\/\/imagazine.it\/wp-content\/uploads\/2024\/01\/40253-1.webp",1000,667,false],"portraits":["https:\/\/imagazine.it\/wp-content\/uploads\/2024\/01\/40253-1.webp",1000,667,false],"thumbnail":["https:\/\/imagazine.it\/wp-content\/uploads\/2024\/01\/40253-1-150x150.webp",150,150,true],"medium":["https:\/\/imagazine.it\/wp-content\/uploads\/2024\/01\/40253-1-300x200.webp",300,200,true],"large":["https:\/\/imagazine.it\/wp-content\/uploads\/2024\/01\/40253-1.webp",640,427,false],"thumblist":["https:\/\/imagazine.it\/wp-content\/uploads\/2024\/01\/40253-1.webp",300,200,false],"thumbrelated":["https:\/\/imagazine.it\/wp-content\/uploads\/2024\/01\/40253-1.webp",500,334,false],"meccarouselthumb":["https:\/\/imagazine.it\/wp-content\/uploads\/2024\/01\/40253-1.webp",474,316,false],"gridsquare":["https:\/\/imagazine.it\/wp-content\/uploads\/2024\/01\/40253-1.webp",391,260,false],"tileview":["https:\/\/imagazine.it\/wp-content\/uploads\/2024\/01\/40253-1.webp",300,200,false],"1536x1536":["https:\/\/imagazine.it\/wp-content\/uploads\/2024\/01\/40253-1.webp",1000,667,false],"2048x2048":["https:\/\/imagazine.it\/wp-content\/uploads\/2024\/01\/40253-1.webp",1000,667,false],"newsup-slider-full":["https:\/\/imagazine.it\/wp-content\/uploads\/2024\/01\/40253-1.webp",1000,667,false],"newsup-featured":["https:\/\/imagazine.it\/wp-content\/uploads\/2024\/01\/40253-1.webp",1000,667,false],"newsup-medium":["https:\/\/imagazine.it\/wp-content\/uploads\/2024\/01\/40253-1-720x380.webp",720,380,true],"tptn_thumbnail":["https:\/\/imagazine.it\/wp-content\/uploads\/2024\/01\/40253-1.webp",250,167,false],"sow-carousel-default":["https:\/\/imagazine.it\/wp-content\/uploads\/2024\/01\/40253-1-272x182.webp",272,182,true]},"rttpg_author":{"display_name":"redazione","author_link":"https:\/\/imagazine.it\/home_desk\/author\/redazione\/"},"rttpg_comment":0,"rttpg_category":"<a href=\"https:\/\/imagazine.it\/home_desk\/category\/cultura-e-spettacolo\/\" rel=\"category tag\">CULTURA&amp;SPETTACOLO<\/a>","rttpg_excerpt":"Udin&Jazz Winter","_links":{"self":[{"href":"https:\/\/imagazine.it\/home_desk\/wp-json\/wp\/v2\/posts\/39211","targetHints":{"allow":["GET"]}}],"collection":[{"href":"https:\/\/imagazine.it\/home_desk\/wp-json\/wp\/v2\/posts"}],"about":[{"href":"https:\/\/imagazine.it\/home_desk\/wp-json\/wp\/v2\/types\/post"}],"author":[{"embeddable":true,"href":"https:\/\/imagazine.it\/home_desk\/wp-json\/wp\/v2\/users\/28"}],"replies":[{"embeddable":true,"href":"https:\/\/imagazine.it\/home_desk\/wp-json\/wp\/v2\/comments?post=39211"}],"version-history":[{"count":0,"href":"https:\/\/imagazine.it\/home_desk\/wp-json\/wp\/v2\/posts\/39211\/revisions"}],"wp:featuredmedia":[{"embeddable":true,"href":"https:\/\/imagazine.it\/home_desk\/wp-json\/wp\/v2\/media\/39212"}],"wp:attachment":[{"href":"https:\/\/imagazine.it\/home_desk\/wp-json\/wp\/v2\/media?parent=39211"}],"wp:term":[{"taxonomy":"category","embeddable":true,"href":"https:\/\/imagazine.it\/home_desk\/wp-json\/wp\/v2\/categories?post=39211"},{"taxonomy":"post_tag","embeddable":true,"href":"https:\/\/imagazine.it\/home_desk\/wp-json\/wp\/v2\/tags?post=39211"}],"curies":[{"name":"wp","href":"https:\/\/api.w.org\/{rel}","templated":true}]}}