{"id":39207,"date":"2021-05-24T00:00:00","date_gmt":"2021-05-23T23:00:00","guid":{"rendered":"https:\/\/imagazine.it\/?p=39207"},"modified":"2021-05-24T00:00:00","modified_gmt":"2021-05-23T23:00:00","slug":"cormons-i-giovani-sognano-unestate-alla-grande","status":"publish","type":"post","link":"https:\/\/imagazine.it\/home_desk\/cormons-i-giovani-sognano-unestate-alla-grande\/","title":{"rendered":"Corm\u00f2ns, i giovani sognano un&#8217;estate alla grande"},"content":{"rendered":"<p> \tPresentato il progetto estivo rivolto ai bambini e ragazzi che frequentano gli spazi del Centro Pastorale \u201cMonsignor Trevisan\u201d a Corm\u00f2ns.<\/p>\n<p> \tA dare il \u201cla\u201d alle danze sar\u00e0 il RIC CORMONS APS che anche quest\u2019anno, grazie alla collaborazione di numerosi giovani animatori, porter\u00e0 avanti il progetto\u00a0 \u201cE\u2026stiamo con il Ric\u201d.<\/p>\n<p> \tL\u2019iniziativa vuole abbracciare tutta l\u2019estate con varie proposte educative-ricreative e, nel rispetto delle leggi, riprendere la dimensione aggregativa delle nuove generazioni. Quattro i pilastri individuati: il <em>campo estivo<\/em> (giugno-luglio 2021), <em>Oratoriamo in Sicurezza<\/em> nei pomeriggi di luglio, <em>Centro Estivo Grest<\/em> (agosto 2021) e <em>Settembriamo<\/em>, sostegno scolastico alla vigilia della ripresa della scuola.<\/p>\n<p> \t\u201cStare con il Ric &#8211; ricorda il parroco di Corm\u00f2ns, <strong>monsignor Paolo Nutarelli<\/strong> &#8211; non significa solo partecipare ai vari eventi, ma anche condividere un progetto che insegni, ma che allo stesso tempo diverta, che educhi e faccia scaricare i brutti pensieri che possono averci assillato in questi mesi bui\u201d.<\/p>\n<p> \t\u201c<strong><em>E\u2026stiamo con il Ric \u2026 in montagna<\/em><\/strong>\u201d prevede campi estivi con pernottamento presso la Casa Immacolata di Fusine in Val Romana, organizzati in 4 turni per bambini e ragazzi che vanno dalle classi IV e V della scuola primaria, alle classi delle scuole medie e superiori.<\/p>\n<p> \t\u201c<strong><em>E\u2026stiamo con il Ric \u2026 in Ric<\/em><\/strong>\u201d, nel mese di luglio, sotto la supervisione di operatori dedicati, dal lunedi\u0300 al sabato dalle ore 15.30 alle 19.30 quando il Ric rimarr\u00e0 aperto, permettendo cosi\u0300 a bambini, ragazzi e giovani di usufruire dei suoi spazi: l\u2019area gioco esterna, il campo da calcetto sintetico, il parchetto attrezzato, il cortile e altre strutture.<\/p>\n<p> \t\u201c<strong><em>E\u2026stiamo con il Ric \u2026 ovvero anche quest\u2019anno GRESTiamo<\/em><\/strong>\u201d \u00e8 il centro estivo giunto alla sua XVI edizione, che verr\u00e0 pensata tenendo presenti le et\u00e0 dei bambini e dei ragazzi e, per garantire una partecipazione pi\u00f9 ampia, anche quest\u2019anno sar\u00e0 suddiviso in mattina e pomeriggio. Sono previsti 120 posti alla mattina (per i bambini delle elementari) e 80 posti al pomeriggio (per i ragazzi delle medie).<\/p>\n<p> \t\u201c<strong><em>E\u2026stiamo con il Ric \u2026 pensando alla scuola<\/em><\/strong>\u201d consentir\u00e0, alla vigiglia della ripresa della scuola, gratuitamente, di accompagnare i bambini e ragazzi dello svolgimento dei compiti scolastici e supportarli nel lavoro domestico\/didattico.<\/p>\n<p> \t\u201c<em>E\u2026stiamo con il Ric<\/em> &#8211; continua il parroco &#8211; \u00e8, quindi, un progetto a 360 gradi che desidera mettersi a servizio del territorio e della comunit\u00e0 cristiana e concorrere all\u2019educazione dei nostri bambini e ragazzi segnati, insieme al mondo degli adulti, da questa pandemia ma con la consapevolezza che insieme sar\u00e0 pi\u00f9 facile riprendere il cammino. A sostenerci in questo progetto c\u2019\u00e8 la Fondazione Cassa di Risparmio di Gorizia che in questi anni ha condiviso con noi sogni e progetti per il futuro\u201d.<\/p>\n<p> \tAccanto alla proposta del Ric verranno vissuti i Campi estivi dell\u2019AGESCI e dell\u2019Azione Cattolica dei Ragazzi.<\/p>\n<p> \t\u201cL\u2019estate &#8211; aggiunge monsignor Nutarelli &#8211; \u00e8 solo la parte conclusiva di un cammino che in quest\u2019anno pastorale difficile comunque \u00e8 stato portato avanti da educatori, capi scout e animatori. A tutti loro va il mio personale ringraziamento e di tante famiglie cormonesi\u201d.<\/p>\n<p> \tIn luglio verranno vissute le <em>Vacanze di Branco<\/em> (Lupetti) a Cesclans, mentre in agosto trover\u00e0 spazio la <em>Route del Clan<\/em> e i Campi dell\u2019ACR e del Reparto.<\/p>\n<p> \t\u201cPer bambini e ragazzi &#8211; conclude il sacerdote &#8211; i campi\u00a0 estivi (Fusine, Cesclans, Sutrio, Forni) rappresentano un\u2019esperienza unica e davvero speciale dal punto di vista educativo. La condivisione di regole comuni, degli spazi, delle giornate con attivita\u0300 organizzate e strutturate, delle escursioni nella natura e delle attivita\u0300 formative, dei piccoli impegni e dei servizi da svolgere, dei momenti di riflessione e preghiera e dei pasti, sono occasioni importanti che danno un reale e tangibile senso di comunita\u0300, in cui i legami e le relazioni si creano, si rafforzano e si approfondiscono e dove si ha un primo assaggio di autonomia e di crescita, specialmente dopo questo difficile periodo.\u00a0 Tutto questo sar\u00e0 possibile per la disponibilit\u00e0 di tante persone che desidero fin da subito ringraziare\u201d.<\/p>\n<p> \t\u00a0<\/p>\n<p> \tIn dettaglio tutte le attivit\u00e0 previste:<\/p>\n<p> \t\u201cOratoriamo in Montagna\u201d a Fusine dal 20 giugno al 2 luglio (due turni, elementari e medie)<\/p>\n<p> \tCampo\u00a0 \u201cUno Ric\u201d a Fusine dal\u00a0 4 al 10 luglio (I &#8211; II &#8211; III media)<\/p>\n<p> \tCampo\u00a0 \u201cDue Ric\u201d\u00a0 a Fusine dall\u201911 al 17 luglio (I sup.)<\/p>\n<p> \tVacanze di Branco\u00a0 dall\u201911 al 17 luglio a Cesclans<\/p>\n<p> \tRoute del Clan in agosto (Carnia)<\/p>\n<p> \tCampo E\/G (reparto) dal 7 al 20 agosto nel Tarvisiano<\/p>\n<p> \tCampo Estivo \u201cAcr\u201d a Sutrio dall\u20198 al 15 agosto<\/p>\n<p> \tGrest 2021 al Centro Pastorale \u201cTrevisan\u201d dal 17 agosto al 1 settembre 2021<\/p>\n","protected":false},"excerpt":{"rendered":"<p>Presentate le proposte delle parrocchia<\/p>\n","protected":false},"author":28,"featured_media":39208,"comment_status":"closed","ping_status":"closed","sticky":false,"template":"","format":"standard","meta":{"dwc-title":[],"dwc-content":[],"footnotes":""},"categories":[5],"tags":[],"class_list":["post-39207","post","type-post","status-publish","format-standard","has-post-thumbnail","hentry","category-attualita"],"rttpg_featured_image_url":{"full":["https:\/\/imagazine.it\/wp-content\/uploads\/2024\/01\/40250-1.webp",1024,768,false],"landscape":["https:\/\/imagazine.it\/wp-content\/uploads\/2024\/01\/40250-1.webp",1024,768,false],"portraits":["https:\/\/imagazine.it\/wp-content\/uploads\/2024\/01\/40250-1.webp",1024,768,false],"thumbnail":["https:\/\/imagazine.it\/wp-content\/uploads\/2024\/01\/40250-1-150x150.webp",150,150,true],"medium":["https:\/\/imagazine.it\/wp-content\/uploads\/2024\/01\/40250-1-300x225.webp",300,225,true],"large":["https:\/\/imagazine.it\/wp-content\/uploads\/2024\/01\/40250-1.webp",640,480,false],"thumblist":["https:\/\/imagazine.it\/wp-content\/uploads\/2024\/01\/40250-1.webp",300,225,false],"thumbrelated":["https:\/\/imagazine.it\/wp-content\/uploads\/2024\/01\/40250-1.webp",500,375,false],"meccarouselthumb":["https:\/\/imagazine.it\/wp-content\/uploads\/2024\/01\/40250-1.webp",432,324,false],"gridsquare":["https:\/\/imagazine.it\/wp-content\/uploads\/2024\/01\/40250-1.webp",347,260,false],"tileview":["https:\/\/imagazine.it\/wp-content\/uploads\/2024\/01\/40250-1.webp",300,225,false],"1536x1536":["https:\/\/imagazine.it\/wp-content\/uploads\/2024\/01\/40250-1.webp",1024,768,false],"2048x2048":["https:\/\/imagazine.it\/wp-content\/uploads\/2024\/01\/40250-1.webp",1024,768,false],"newsup-slider-full":["https:\/\/imagazine.it\/wp-content\/uploads\/2024\/01\/40250-1-1024x720.webp",1024,720,true],"newsup-featured":["https:\/\/imagazine.it\/wp-content\/uploads\/2024\/01\/40250-1.webp",1024,768,false],"newsup-medium":["https:\/\/imagazine.it\/wp-content\/uploads\/2024\/01\/40250-1-720x380.webp",720,380,true],"tptn_thumbnail":["https:\/\/imagazine.it\/wp-content\/uploads\/2024\/01\/40250-1.webp",250,188,false],"sow-carousel-default":["https:\/\/imagazine.it\/wp-content\/uploads\/2024\/01\/40250-1-272x182.webp",272,182,true]},"rttpg_author":{"display_name":"redazione","author_link":"https:\/\/imagazine.it\/home_desk\/author\/redazione\/"},"rttpg_comment":0,"rttpg_category":"<a href=\"https:\/\/imagazine.it\/home_desk\/category\/attualita\/\" rel=\"category tag\">ATTUALIT\u00c0<\/a>","rttpg_excerpt":"Presentate le proposte delle parrocchia","_links":{"self":[{"href":"https:\/\/imagazine.it\/home_desk\/wp-json\/wp\/v2\/posts\/39207","targetHints":{"allow":["GET"]}}],"collection":[{"href":"https:\/\/imagazine.it\/home_desk\/wp-json\/wp\/v2\/posts"}],"about":[{"href":"https:\/\/imagazine.it\/home_desk\/wp-json\/wp\/v2\/types\/post"}],"author":[{"embeddable":true,"href":"https:\/\/imagazine.it\/home_desk\/wp-json\/wp\/v2\/users\/28"}],"replies":[{"embeddable":true,"href":"https:\/\/imagazine.it\/home_desk\/wp-json\/wp\/v2\/comments?post=39207"}],"version-history":[{"count":0,"href":"https:\/\/imagazine.it\/home_desk\/wp-json\/wp\/v2\/posts\/39207\/revisions"}],"wp:featuredmedia":[{"embeddable":true,"href":"https:\/\/imagazine.it\/home_desk\/wp-json\/wp\/v2\/media\/39208"}],"wp:attachment":[{"href":"https:\/\/imagazine.it\/home_desk\/wp-json\/wp\/v2\/media?parent=39207"}],"wp:term":[{"taxonomy":"category","embeddable":true,"href":"https:\/\/imagazine.it\/home_desk\/wp-json\/wp\/v2\/categories?post=39207"},{"taxonomy":"post_tag","embeddable":true,"href":"https:\/\/imagazine.it\/home_desk\/wp-json\/wp\/v2\/tags?post=39207"}],"curies":[{"name":"wp","href":"https:\/\/api.w.org\/{rel}","templated":true}]}}