{"id":39203,"date":"2021-05-23T00:00:00","date_gmt":"2021-05-22T23:00:00","guid":{"rendered":"https:\/\/imagazine.it\/?p=39203"},"modified":"2021-05-23T00:00:00","modified_gmt":"2021-05-22T23:00:00","slug":"ronchi-lottimismo-delle-acli-verso-il-futuro","status":"publish","type":"post","link":"https:\/\/imagazine.it\/home_desk\/ronchi-lottimismo-delle-acli-verso-il-futuro\/","title":{"rendered":"Ronchi, l&#8217;ottimismo delle ACLI verso il futuro"},"content":{"rendered":"<p> \t\u00c8 iniziata con un minuto di raccoglimento l&#39;assemblea annuale ordinaria dei soci del <strong>Circolo ACLI di Ronchi dei Legionari<\/strong>, per ricordare il parroco don Renzo Boscarol, mancato un paio di mesi fa, da vent&#39;anni socio del Circolo e assiduo collaboratore in molte delle iniziative.<\/p>\n<p> \tAll\u2019inizio la parola \u00e8 andata ai due presidenti <strong>Gianni Clemen<\/strong> e <strong>Franco Miniussi<\/strong> che si sono succeduti nel 2020.<\/p>\n<p> \tTra le iniziative svolte lo scorso anno \u00e8 stato ricordato l\u2019incontro con il presidente nazionale delle ACLI <strong>Roberto Rossini<\/strong>, la celebrazione della festa del patrono San Lorenzo, la celebrazione del 90\u00b0 di fondazione del gruppo locale degli alpini, il convegno \u201cLavoro, Dignit\u00e0 e Caporalato\u201d, la partecipazione ai pellegrinaggi a Barbana e Castelmonte, la visita alla mostra ad Illegio, la giornata internazionale contro la violenza sulle donne. Inoltre si sono organizzate varie serate musicali, tornei di calcio, di basket e molteplici attivit\u00e0 dei gruppi affiliati a partire dal quello micologico, lo sci club Due, la pallacanestro e la pallavolo.<\/p>\n<p> \tIl 2021 \u00e8 iniziato con la commemorazione di Giovanbattista Falzari, \u201cPre Tita\u201d, ultima volta in cui don Renzo Boscarol ha partecipato a una manifestazione organizzata dalle ACLI.\u00a0<\/p>\n<p> \t\u00c8 stata organizzata anche la Festa della donna, la consegna di materiale didattico grazie al 5\/1000, l&#39;assegnazione dei premi San Giuseppe 2020\/21 e, qualche giorno fa, la Festa della mamma.<\/p>\n<p> \tConfidando nel ritorno alla normalit\u00e0, per il prossimo autunno sono state fissate il 3 ottobre \u201cbicinsieme\u201d e il 24 ottobre la 38a edizione della \u201cMarcia d&#39;Autunno\u201d. Altre manifestazioni saranno decise nei prossimi giorni dal direttivo.<\/p>\n<p> \tI resoconti economici sono stai esaminati dai revisori e tutto \u00e8 risultato in regola, perci\u00f2 l&#39;assemblea ha votato all&#39;unanimit\u00e0 il lavoro del direttivo delle ACLI per il 2020.<\/p>\n","protected":false},"excerpt":{"rendered":"<p>Svolta l&#8217;assemblea annuale<\/p>\n","protected":false},"author":22,"featured_media":39204,"comment_status":"closed","ping_status":"closed","sticky":false,"template":"","format":"standard","meta":{"dwc-title":[],"dwc-content":[],"footnotes":""},"categories":[5],"tags":[],"class_list":["post-39203","post","type-post","status-publish","format-standard","has-post-thumbnail","hentry","category-attualita"],"rttpg_featured_image_url":{"full":["https:\/\/imagazine.it\/wp-content\/uploads\/2024\/01\/40234-1.webp",1000,667,false],"landscape":["https:\/\/imagazine.it\/wp-content\/uploads\/2024\/01\/40234-1.webp",1000,667,false],"portraits":["https:\/\/imagazine.it\/wp-content\/uploads\/2024\/01\/40234-1.webp",1000,667,false],"thumbnail":["https:\/\/imagazine.it\/wp-content\/uploads\/2024\/01\/40234-1-150x150.webp",150,150,true],"medium":["https:\/\/imagazine.it\/wp-content\/uploads\/2024\/01\/40234-1-300x200.webp",300,200,true],"large":["https:\/\/imagazine.it\/wp-content\/uploads\/2024\/01\/40234-1.webp",640,427,false],"thumblist":["https:\/\/imagazine.it\/wp-content\/uploads\/2024\/01\/40234-1.webp",300,200,false],"thumbrelated":["https:\/\/imagazine.it\/wp-content\/uploads\/2024\/01\/40234-1.webp",500,334,false],"meccarouselthumb":["https:\/\/imagazine.it\/wp-content\/uploads\/2024\/01\/40234-1.webp",474,316,false],"gridsquare":["https:\/\/imagazine.it\/wp-content\/uploads\/2024\/01\/40234-1.webp",391,260,false],"tileview":["https:\/\/imagazine.it\/wp-content\/uploads\/2024\/01\/40234-1.webp",300,200,false],"1536x1536":["https:\/\/imagazine.it\/wp-content\/uploads\/2024\/01\/40234-1.webp",1000,667,false],"2048x2048":["https:\/\/imagazine.it\/wp-content\/uploads\/2024\/01\/40234-1.webp",1000,667,false],"newsup-slider-full":["https:\/\/imagazine.it\/wp-content\/uploads\/2024\/01\/40234-1.webp",1000,667,false],"newsup-featured":["https:\/\/imagazine.it\/wp-content\/uploads\/2024\/01\/40234-1.webp",1000,667,false],"newsup-medium":["https:\/\/imagazine.it\/wp-content\/uploads\/2024\/01\/40234-1-720x380.webp",720,380,true],"tptn_thumbnail":["https:\/\/imagazine.it\/wp-content\/uploads\/2024\/01\/40234-1.webp",250,167,false],"sow-carousel-default":["https:\/\/imagazine.it\/wp-content\/uploads\/2024\/01\/40234-1-272x182.webp",272,182,true]},"rttpg_author":{"display_name":"Livio Nonis","author_link":"https:\/\/imagazine.it\/home_desk\/author\/nonis\/"},"rttpg_comment":0,"rttpg_category":"<a href=\"https:\/\/imagazine.it\/home_desk\/category\/attualita\/\" rel=\"category tag\">ATTUALIT\u00c0<\/a>","rttpg_excerpt":"Svolta l'assemblea annuale","_links":{"self":[{"href":"https:\/\/imagazine.it\/home_desk\/wp-json\/wp\/v2\/posts\/39203","targetHints":{"allow":["GET"]}}],"collection":[{"href":"https:\/\/imagazine.it\/home_desk\/wp-json\/wp\/v2\/posts"}],"about":[{"href":"https:\/\/imagazine.it\/home_desk\/wp-json\/wp\/v2\/types\/post"}],"author":[{"embeddable":true,"href":"https:\/\/imagazine.it\/home_desk\/wp-json\/wp\/v2\/users\/22"}],"replies":[{"embeddable":true,"href":"https:\/\/imagazine.it\/home_desk\/wp-json\/wp\/v2\/comments?post=39203"}],"version-history":[{"count":0,"href":"https:\/\/imagazine.it\/home_desk\/wp-json\/wp\/v2\/posts\/39203\/revisions"}],"wp:featuredmedia":[{"embeddable":true,"href":"https:\/\/imagazine.it\/home_desk\/wp-json\/wp\/v2\/media\/39204"}],"wp:attachment":[{"href":"https:\/\/imagazine.it\/home_desk\/wp-json\/wp\/v2\/media?parent=39203"}],"wp:term":[{"taxonomy":"category","embeddable":true,"href":"https:\/\/imagazine.it\/home_desk\/wp-json\/wp\/v2\/categories?post=39203"},{"taxonomy":"post_tag","embeddable":true,"href":"https:\/\/imagazine.it\/home_desk\/wp-json\/wp\/v2\/tags?post=39203"}],"curies":[{"name":"wp","href":"https:\/\/api.w.org\/{rel}","templated":true}]}}