{"id":39195,"date":"2021-05-24T00:00:00","date_gmt":"2021-05-23T23:00:00","guid":{"rendered":"https:\/\/imagazine.it\/?p=39195"},"modified":"2021-05-24T00:00:00","modified_gmt":"2021-05-23T23:00:00","slug":"trieste-il-verdi-torna-allantico","status":"publish","type":"post","link":"https:\/\/imagazine.it\/home_desk\/trieste-il-verdi-torna-allantico\/","title":{"rendered":"Trieste, il Verdi torna all&#8217;antico"},"content":{"rendered":"<p> \tIl <strong>Teatro Verdi di Trieste<\/strong> si prepara alla riapertura e nei giorni scorsi \u00e8 stata ultimata la risistemazione della platea, con la ri\u200bdefinizione completa dei posti, a beneficio di un maggiore distanziamento.<\/p>\n<p> \t\u201c\u00c8 stata ridisegnata con il ripristino dello storico corridoio centrale &#8211; spiega il direttore generale del Verdi, <strong>Antonio Tasca<\/strong> &#8211; che riporta il teatro alle sue origini. La nuova disposizione garantisce una seduta pi\u00f9 comoda al pubblico e soprattutto assicura i distanziamenti, secondo le misure di sicurezza in vigore. In questo modo \u00e8 stato possibile anche creare due posti per disabili, in carrozzina, per i quali finora l\u2019accesso della platea non era possibile. Siamo quindi pronti e non vediamo l\u2019ora di accogliere nuovamente il pubblico\u201d.<\/p>\n<p> \tIl primo spettacolo in calendario sar\u00e0 il 12 giugno, <em>Stabat Mater<\/em> di Gioacchino Rossini, in memoria delle vittime della pandemia, un evento su invito, riservato a medici, infermieri, personale sanitario, forze dell\u2019ordine e a tutti gli operatori che hanno lavorato in prima fila durante l\u2019emergenza legata al Covid-19.<\/p>\n<p> \tDa oggi, luned\u00ec 24 maggio, e fino al 31 maggio sar\u00e0 possibile contattare via telefono la biglietteria del Teatro Verdi tutti i giorni, per chi desidera ricevere informazioni, al numero verde 800 898 868 e al numero 0406722298, attivi dalle 10 alle 13 (dall&#39;estero: \u00b139 040 0648638).<\/p>\n<p> \tIl pubblico potr\u00e0 ricevere indicazioni sia sui ticket per gli spettacoli relativi all\u2019attivit\u00e0 artistica 2021-2022, sia sulle modalit\u00e0 per recuperare i titoli persi nella prima o nella seconda ondata di chiusure, attraverso i voucher.\u00a0<\/p>\n<p> \tLa biglietteria poi sar\u00e0 aperta dal 1 giugno, da marted\u00ec a sabato con orario continuato 9:00 &#8211; 16:00. Domenica 9:00-13:30. Luned\u00ec e festivi chiuso. A disposizione anche l\u2019email\u00a0<a href=\"mailto:boxoffice@teatroverdi-trieste.com\" target=\"_blank\" rel=\"noopener\">boxoffice@teatroverdi-trieste.com<\/a>.<\/p>\n","protected":false},"excerpt":{"rendered":"<p>Ripristinato lo storico corridoio centrale<\/p>\n","protected":false},"author":28,"featured_media":39196,"comment_status":"closed","ping_status":"closed","sticky":false,"template":"","format":"standard","meta":{"dwc-title":[],"dwc-content":[],"footnotes":""},"categories":[37],"tags":[],"class_list":["post-39195","post","type-post","status-publish","format-standard","has-post-thumbnail","hentry","category-cultura-e-spettacolo"],"rttpg_featured_image_url":{"full":["https:\/\/imagazine.it\/wp-content\/uploads\/2024\/01\/40219-1.webp",1440,959,false],"landscape":["https:\/\/imagazine.it\/wp-content\/uploads\/2024\/01\/40219-1.webp",1440,959,false],"portraits":["https:\/\/imagazine.it\/wp-content\/uploads\/2024\/01\/40219-1.webp",1440,959,false],"thumbnail":["https:\/\/imagazine.it\/wp-content\/uploads\/2024\/01\/40219-1-150x150.webp",150,150,true],"medium":["https:\/\/imagazine.it\/wp-content\/uploads\/2024\/01\/40219-1-300x200.webp",300,200,true],"large":["https:\/\/imagazine.it\/wp-content\/uploads\/2024\/01\/40219-1-1024x682.webp",640,426,true],"thumblist":["https:\/\/imagazine.it\/wp-content\/uploads\/2024\/01\/40219-1.webp",300,200,false],"thumbrelated":["https:\/\/imagazine.it\/wp-content\/uploads\/2024\/01\/40219-1.webp",500,333,false],"meccarouselthumb":["https:\/\/imagazine.it\/wp-content\/uploads\/2024\/01\/40219-1.webp",474,316,false],"gridsquare":["https:\/\/imagazine.it\/wp-content\/uploads\/2024\/01\/40219-1.webp",391,260,false],"tileview":["https:\/\/imagazine.it\/wp-content\/uploads\/2024\/01\/40219-1.webp",300,200,false],"1536x1536":["https:\/\/imagazine.it\/wp-content\/uploads\/2024\/01\/40219-1.webp",1440,959,false],"2048x2048":["https:\/\/imagazine.it\/wp-content\/uploads\/2024\/01\/40219-1.webp",1440,959,false],"newsup-slider-full":["https:\/\/imagazine.it\/wp-content\/uploads\/2024\/01\/40219-1-1280x720.webp",1280,720,true],"newsup-featured":["https:\/\/imagazine.it\/wp-content\/uploads\/2024\/01\/40219-1-1024x682.webp",1024,682,true],"newsup-medium":["https:\/\/imagazine.it\/wp-content\/uploads\/2024\/01\/40219-1-720x380.webp",720,380,true],"tptn_thumbnail":["https:\/\/imagazine.it\/wp-content\/uploads\/2024\/01\/40219-1.webp",250,166,false],"sow-carousel-default":["https:\/\/imagazine.it\/wp-content\/uploads\/2024\/01\/40219-1-272x182.webp",272,182,true]},"rttpg_author":{"display_name":"redazione","author_link":"https:\/\/imagazine.it\/home_desk\/author\/redazione\/"},"rttpg_comment":0,"rttpg_category":"<a href=\"https:\/\/imagazine.it\/home_desk\/category\/cultura-e-spettacolo\/\" rel=\"category tag\">CULTURA&amp;SPETTACOLO<\/a>","rttpg_excerpt":"Ripristinato lo storico corridoio centrale","_links":{"self":[{"href":"https:\/\/imagazine.it\/home_desk\/wp-json\/wp\/v2\/posts\/39195","targetHints":{"allow":["GET"]}}],"collection":[{"href":"https:\/\/imagazine.it\/home_desk\/wp-json\/wp\/v2\/posts"}],"about":[{"href":"https:\/\/imagazine.it\/home_desk\/wp-json\/wp\/v2\/types\/post"}],"author":[{"embeddable":true,"href":"https:\/\/imagazine.it\/home_desk\/wp-json\/wp\/v2\/users\/28"}],"replies":[{"embeddable":true,"href":"https:\/\/imagazine.it\/home_desk\/wp-json\/wp\/v2\/comments?post=39195"}],"version-history":[{"count":0,"href":"https:\/\/imagazine.it\/home_desk\/wp-json\/wp\/v2\/posts\/39195\/revisions"}],"wp:featuredmedia":[{"embeddable":true,"href":"https:\/\/imagazine.it\/home_desk\/wp-json\/wp\/v2\/media\/39196"}],"wp:attachment":[{"href":"https:\/\/imagazine.it\/home_desk\/wp-json\/wp\/v2\/media?parent=39195"}],"wp:term":[{"taxonomy":"category","embeddable":true,"href":"https:\/\/imagazine.it\/home_desk\/wp-json\/wp\/v2\/categories?post=39195"},{"taxonomy":"post_tag","embeddable":true,"href":"https:\/\/imagazine.it\/home_desk\/wp-json\/wp\/v2\/tags?post=39195"}],"curies":[{"name":"wp","href":"https:\/\/api.w.org\/{rel}","templated":true}]}}