{"id":39193,"date":"2021-05-24T00:00:00","date_gmt":"2021-05-23T23:00:00","guid":{"rendered":"https:\/\/imagazine.it\/?p=39193"},"modified":"2021-05-24T00:00:00","modified_gmt":"2021-05-23T23:00:00","slug":"forni-di-sopra-nuovi-collegamenti-con-le-tre-cime-di-lavaredo","status":"publish","type":"post","link":"https:\/\/imagazine.it\/home_desk\/forni-di-sopra-nuovi-collegamenti-con-le-tre-cime-di-lavaredo\/","title":{"rendered":"Forni di Sopra, nuovi collegamenti con le Tre Cime di Lavaredo"},"content":{"rendered":"<p> \tImplementato il trasporto pubblico tra le localit\u00e0 delle Dolomiti.<\/p>\n<p> \tUn nuovo servizio con coincidenza collegher\u00e0 <strong>Forni di Sopra<\/strong> a <strong>Misurina<\/strong> e alle <strong>Tre Cime di Lavaredo<\/strong>, andando ad aggiungersi ai collegamenti gi\u00e0 esistenti.<\/p>\n<p> \tSu proposta dell\u2019Amministrazione di Forni di Sopra e della Rete d\u2019imprese <em>Dolomiti in tutti i sensi<\/em>, \u00e8 stato richiesto alla direzione trasporti del Friuli Venezia Giulia e al Dolomiti Bus Belluno di creare una nuova tratta che agevolasse lo spostamento tra le due localit\u00e0 turistiche mediante mezzi pubblici.<\/p>\n<p> \tLe Tre Cime sono alcune delle mete pi\u00f9 gettonate dai turisti e distano poco pi\u00f9 di un&#39;ora da Forni di Sopra.<\/p>\n<p> \tQuesta iniziativa mira a dare la possibilit\u00e0 ai cittadini e ai turisti di muoversi in maniera pi\u00f9 agevole e sostenibile.<\/p>\n<p> \t\u201cIl trasporto \u00e8 un punto fondamentale per il turismo delle Dolomiti e l\u2019implementazione delle linee disponibili per raggiungere i punti di interesse pi\u00f9 importanti porter\u00e0 grandissimi benefici. La sostenibilit\u00e0 e il turismo sono due punti cardine del nostro territorio e questa iniziativa \u00e8 un passo in entrambe le direzioni\u201d, ha dichiarato il sindaco di Forni di Sopra, <strong>Marco Lenna<\/strong>.<\/p>\n","protected":false},"excerpt":{"rendered":"<p>Accordo transregionale<\/p>\n","protected":false},"author":28,"featured_media":39194,"comment_status":"closed","ping_status":"closed","sticky":false,"template":"","format":"standard","meta":{"dwc-title":[],"dwc-content":[],"footnotes":""},"categories":[8],"tags":[],"class_list":["post-39193","post","type-post","status-publish","format-standard","has-post-thumbnail","hentry","category-turismo"],"rttpg_featured_image_url":{"full":["https:\/\/imagazine.it\/wp-content\/uploads\/2024\/01\/40218-1.webp",800,591,false],"landscape":["https:\/\/imagazine.it\/wp-content\/uploads\/2024\/01\/40218-1.webp",800,591,false],"portraits":["https:\/\/imagazine.it\/wp-content\/uploads\/2024\/01\/40218-1.webp",800,591,false],"thumbnail":["https:\/\/imagazine.it\/wp-content\/uploads\/2024\/01\/40218-1-150x150.webp",150,150,true],"medium":["https:\/\/imagazine.it\/wp-content\/uploads\/2024\/01\/40218-1-300x222.webp",300,222,true],"large":["https:\/\/imagazine.it\/wp-content\/uploads\/2024\/01\/40218-1.webp",640,473,false],"thumblist":["https:\/\/imagazine.it\/wp-content\/uploads\/2024\/01\/40218-1.webp",300,222,false],"thumbrelated":["https:\/\/imagazine.it\/wp-content\/uploads\/2024\/01\/40218-1.webp",500,369,false],"meccarouselthumb":["https:\/\/imagazine.it\/wp-content\/uploads\/2024\/01\/40218-1.webp",439,324,false],"gridsquare":["https:\/\/imagazine.it\/wp-content\/uploads\/2024\/01\/40218-1.webp",352,260,false],"tileview":["https:\/\/imagazine.it\/wp-content\/uploads\/2024\/01\/40218-1.webp",300,222,false],"1536x1536":["https:\/\/imagazine.it\/wp-content\/uploads\/2024\/01\/40218-1.webp",800,591,false],"2048x2048":["https:\/\/imagazine.it\/wp-content\/uploads\/2024\/01\/40218-1.webp",800,591,false],"newsup-slider-full":["https:\/\/imagazine.it\/wp-content\/uploads\/2024\/01\/40218-1.webp",800,591,false],"newsup-featured":["https:\/\/imagazine.it\/wp-content\/uploads\/2024\/01\/40218-1.webp",800,591,false],"newsup-medium":["https:\/\/imagazine.it\/wp-content\/uploads\/2024\/01\/40218-1-720x380.webp",720,380,true],"tptn_thumbnail":["https:\/\/imagazine.it\/wp-content\/uploads\/2024\/01\/40218-1.webp",250,185,false],"sow-carousel-default":["https:\/\/imagazine.it\/wp-content\/uploads\/2024\/01\/40218-1-272x182.webp",272,182,true]},"rttpg_author":{"display_name":"redazione","author_link":"https:\/\/imagazine.it\/home_desk\/author\/redazione\/"},"rttpg_comment":0,"rttpg_category":"<a href=\"https:\/\/imagazine.it\/home_desk\/category\/turismo\/\" rel=\"category tag\">TURISMO<\/a>","rttpg_excerpt":"Accordo transregionale","_links":{"self":[{"href":"https:\/\/imagazine.it\/home_desk\/wp-json\/wp\/v2\/posts\/39193","targetHints":{"allow":["GET"]}}],"collection":[{"href":"https:\/\/imagazine.it\/home_desk\/wp-json\/wp\/v2\/posts"}],"about":[{"href":"https:\/\/imagazine.it\/home_desk\/wp-json\/wp\/v2\/types\/post"}],"author":[{"embeddable":true,"href":"https:\/\/imagazine.it\/home_desk\/wp-json\/wp\/v2\/users\/28"}],"replies":[{"embeddable":true,"href":"https:\/\/imagazine.it\/home_desk\/wp-json\/wp\/v2\/comments?post=39193"}],"version-history":[{"count":0,"href":"https:\/\/imagazine.it\/home_desk\/wp-json\/wp\/v2\/posts\/39193\/revisions"}],"wp:featuredmedia":[{"embeddable":true,"href":"https:\/\/imagazine.it\/home_desk\/wp-json\/wp\/v2\/media\/39194"}],"wp:attachment":[{"href":"https:\/\/imagazine.it\/home_desk\/wp-json\/wp\/v2\/media?parent=39193"}],"wp:term":[{"taxonomy":"category","embeddable":true,"href":"https:\/\/imagazine.it\/home_desk\/wp-json\/wp\/v2\/categories?post=39193"},{"taxonomy":"post_tag","embeddable":true,"href":"https:\/\/imagazine.it\/home_desk\/wp-json\/wp\/v2\/tags?post=39193"}],"curies":[{"name":"wp","href":"https:\/\/api.w.org\/{rel}","templated":true}]}}