{"id":39187,"date":"2021-05-24T00:00:00","date_gmt":"2021-05-23T23:00:00","guid":{"rendered":"https:\/\/imagazine.it\/?p=39187"},"modified":"2021-05-24T00:00:00","modified_gmt":"2021-05-23T23:00:00","slug":"un-omaggio-damore-allamore","status":"publish","type":"post","link":"https:\/\/imagazine.it\/home_desk\/un-omaggio-damore-allamore\/","title":{"rendered":"Un omaggio d&#8217;amore all&#8217;amore"},"content":{"rendered":"<p> \tEsce\u00a0<strong><em>Il mio presente<\/em><\/strong>, il nuovo singolo e il nuovo videoclip di\u00a0<strong>Serena Finatti<\/strong>: un omaggio d\u2019amore all\u2019amore che uscir\u00e0\u00a0<u><a href=\"https:\/\/youtu.be\/pzcw3b7Tlac\" target=\"_blank\" rel=\"noopener\"><span style=\"color:#0000ff;\"><strong>in anteprima Youtube<\/strong><\/span><\/a><\/u>\u00a0il\u00a0<strong>25 maggio alle 21.30<\/strong>\u00a0per poi rimanere disponibile sul social video.<\/p>\n<p> \tMusica e parole sono di Serena Finatti, l\u2019arrangiamento del musicista, chitarrista e compagno di vita <strong>Andrea Varnier<\/strong>.<\/p>\n<p> \tAncora una volta l\u2019interesse della cantautrice \u00e8 rivolto al mondo femminile. Se\u00a0<strong><em>Fragile e Fiera<\/em><\/strong>\u00a0era un invito per le donne vittime di violenza, a riprendere in mano la propria vita, ad avere il coraggio di ripartire da capo,\u00a0<strong><em>Il mio presente<\/em>\u00a0<\/strong>\u00e8\u00a0la testimonianza di quanto un amore sincero e forte possa essere un\u2019isola felice, in un mondo che sembra annichilirsi sempre pi\u00f9.<\/p>\n<p> \tL\u2019atmosfera ricreata in questo nuovo singolo \u00e8 un misto tra la surreale sensazione che il tempo possa essersi fermato, l\u2019ebbrezza del sentirsi vivi e complici in balia dei sentimenti e la malinconica quanto angosciante realt\u00e0, di una situazione di incertezza e di preoccupazione. Ci\u00f2 che accomuna questi stati d\u2019animo \u00e8 la consapevolezza di esserci l\u2019uno per l\u2019altra, il presente.<\/p>\n<p> \tNel videoclip, ideato e realizzato dalla stessa cantautrice, si passa dai dettagli di un gesto d\u2019amore a movimenti e azioni quasi liberatori che sembrano sfidare, per gioco, l\u2019equilibrio dei sensi e del corpo. Quattordici coppie di persone hanno accettato l\u2019invito dell\u2019artista.<\/p>\n<p> \t\u201c<em>Sono tutte coppie di amici<\/em> &#8211; racconta la cantautrice &#8211; <em>ho voluto coinvolgere persone che contano realmente per me, la fiducia che riesco a instaurare con chi stimo davvero, \u00e8 impagabile, amo lavorare cercando di far uscire il meglio dalle persone che ho vicino. Forse non \u00e8 molto professionale, ma se posso, preferisco attorniarmi da amici<\/em>\u201d.<\/p>\n<p> \tE sono loro, assieme a Serena e Andrea Varnier, i protagonisti del videoclip.\u00a0<\/p>\n<p> \t\u201c<em>Ho sempre sentito, nella musica di Serena, una certa solennit\u00e0, un respiro ampio e universale<\/em> &#8211; racconta Andrea -. <em>E seppure abbia sempre trovato molto stimolante la sfida di arrangiare tutto con la sola chitarra, la voglia di sperimentare altre sonorit\u00e0 \u00e8 sempre rimasta in sottofondo. Per questo nuovo brano abbiamo deciso di provare degli arrangiamenti pi\u00f9 ricchi, diversi dal solito, suoni elettronici e acustici insieme, per dare alla musica la profondit\u00e0 che secondo me le appartiene, senza snaturare lo stile che abbiamo costruito in questi anni di collaborazione<\/em>&#8220;.<\/p>\n<p> \t\u201c<em>Questo progetto \u00e8 importante<\/em> &#8211; conclude Serena &#8211; n<em>on solo perch\u00e9 mi vede per la prima volta impegnata sia come cantautrice che come videomaker, ma anche perch\u00e9 questo brano segna il passaggio a una nuova fase della mia vita. Sono pronta a intraprendere nuove vie di comunicazione artistica<\/em>\u201d.<\/p>\n","protected":false},"excerpt":{"rendered":"<p>Esce &#8220;Il mio presente&#8221;<\/p>\n","protected":false},"author":28,"featured_media":39188,"comment_status":"closed","ping_status":"closed","sticky":false,"template":"","format":"standard","meta":{"dwc-title":[],"dwc-content":[],"footnotes":""},"categories":[37],"tags":[],"class_list":["post-39187","post","type-post","status-publish","format-standard","has-post-thumbnail","hentry","category-cultura-e-spettacolo"],"rttpg_featured_image_url":{"full":["https:\/\/imagazine.it\/wp-content\/uploads\/2024\/01\/40206-1.webp",1280,720,false],"landscape":["https:\/\/imagazine.it\/wp-content\/uploads\/2024\/01\/40206-1.webp",1280,720,false],"portraits":["https:\/\/imagazine.it\/wp-content\/uploads\/2024\/01\/40206-1.webp",1280,720,false],"thumbnail":["https:\/\/imagazine.it\/wp-content\/uploads\/2024\/01\/40206-1-150x150.webp",150,150,true],"medium":["https:\/\/imagazine.it\/wp-content\/uploads\/2024\/01\/40206-1-300x169.webp",300,169,true],"large":["https:\/\/imagazine.it\/wp-content\/uploads\/2024\/01\/40206-1-1024x576.webp",640,360,true],"thumblist":["https:\/\/imagazine.it\/wp-content\/uploads\/2024\/01\/40206-1.webp",300,169,false],"thumbrelated":["https:\/\/imagazine.it\/wp-content\/uploads\/2024\/01\/40206-1.webp",500,281,false],"meccarouselthumb":["https:\/\/imagazine.it\/wp-content\/uploads\/2024\/01\/40206-1.webp",474,267,false],"gridsquare":["https:\/\/imagazine.it\/wp-content\/uploads\/2024\/01\/40206-1.webp",391,220,false],"tileview":["https:\/\/imagazine.it\/wp-content\/uploads\/2024\/01\/40206-1.webp",300,169,false],"1536x1536":["https:\/\/imagazine.it\/wp-content\/uploads\/2024\/01\/40206-1.webp",1280,720,false],"2048x2048":["https:\/\/imagazine.it\/wp-content\/uploads\/2024\/01\/40206-1.webp",1280,720,false],"newsup-slider-full":["https:\/\/imagazine.it\/wp-content\/uploads\/2024\/01\/40206-1.webp",1280,720,false],"newsup-featured":["https:\/\/imagazine.it\/wp-content\/uploads\/2024\/01\/40206-1-1024x576.webp",1024,576,true],"newsup-medium":["https:\/\/imagazine.it\/wp-content\/uploads\/2024\/01\/40206-1-720x380.webp",720,380,true],"tptn_thumbnail":["https:\/\/imagazine.it\/wp-content\/uploads\/2024\/01\/40206-1.webp",250,141,false],"sow-carousel-default":["https:\/\/imagazine.it\/wp-content\/uploads\/2024\/01\/40206-1-272x182.webp",272,182,true]},"rttpg_author":{"display_name":"redazione","author_link":"https:\/\/imagazine.it\/home_desk\/author\/redazione\/"},"rttpg_comment":0,"rttpg_category":"<a href=\"https:\/\/imagazine.it\/home_desk\/category\/cultura-e-spettacolo\/\" rel=\"category tag\">CULTURA&amp;SPETTACOLO<\/a>","rttpg_excerpt":"Esce \"Il mio presente\"","_links":{"self":[{"href":"https:\/\/imagazine.it\/home_desk\/wp-json\/wp\/v2\/posts\/39187","targetHints":{"allow":["GET"]}}],"collection":[{"href":"https:\/\/imagazine.it\/home_desk\/wp-json\/wp\/v2\/posts"}],"about":[{"href":"https:\/\/imagazine.it\/home_desk\/wp-json\/wp\/v2\/types\/post"}],"author":[{"embeddable":true,"href":"https:\/\/imagazine.it\/home_desk\/wp-json\/wp\/v2\/users\/28"}],"replies":[{"embeddable":true,"href":"https:\/\/imagazine.it\/home_desk\/wp-json\/wp\/v2\/comments?post=39187"}],"version-history":[{"count":0,"href":"https:\/\/imagazine.it\/home_desk\/wp-json\/wp\/v2\/posts\/39187\/revisions"}],"wp:featuredmedia":[{"embeddable":true,"href":"https:\/\/imagazine.it\/home_desk\/wp-json\/wp\/v2\/media\/39188"}],"wp:attachment":[{"href":"https:\/\/imagazine.it\/home_desk\/wp-json\/wp\/v2\/media?parent=39187"}],"wp:term":[{"taxonomy":"category","embeddable":true,"href":"https:\/\/imagazine.it\/home_desk\/wp-json\/wp\/v2\/categories?post=39187"},{"taxonomy":"post_tag","embeddable":true,"href":"https:\/\/imagazine.it\/home_desk\/wp-json\/wp\/v2\/tags?post=39187"}],"curies":[{"name":"wp","href":"https:\/\/api.w.org\/{rel}","templated":true}]}}