{"id":39136,"date":"2021-05-20T00:00:00","date_gmt":"2021-05-19T23:00:00","guid":{"rendered":"https:\/\/imagazine.it\/?p=39136"},"modified":"2021-05-20T00:00:00","modified_gmt":"2021-05-19T23:00:00","slug":"umberto-tozzi-in-concerto-a-udine","status":"publish","type":"post","link":"https:\/\/imagazine.it\/home_desk\/umberto-tozzi-in-concerto-a-udine\/","title":{"rendered":"Umberto Tozzi in concerto a Udine"},"content":{"rendered":"<p> \t<strong>Umberto Tozzi<\/strong> sar\u00e0 l\u2019ospite d\u2019eccezione di <strong>Udine Vola 2021<\/strong>, con il <u><a href=\"http:\/\/www.imagazine.it\/eventi\/35445\" target=\"_blank\" rel=\"noopener\"><span style=\"color:#0000ff;\">concerto in programma <strong>sabato 17 luglio<\/strong><\/span><\/a><\/u> sul palco del <strong>Castello di Udine<\/strong> (inizio alle <strong>21.30<\/strong>).<\/p>\n<p> \tIl live udinese di Tozzi si inserisce nel tour acustico dal titolo \u201c<strong>Songs<\/strong>\u201d, che lo vedr\u00e0 protagonista questa estate lungo tutta la penisola.<\/p>\n<p> \tPer la prima volta in carriera, <strong>Tozzi<\/strong> porter\u00e0 in giro uno show completamente acustico. Il pubblico avr\u00e0 la possibilit\u00e0 di ascoltare i suoi pi\u00f9 grandi successi e alcune canzoni che non sono mai state eseguite in concerto, chicche del suo repertorio, recuperate per l\u2019occasione e a cui verr\u00e0 data una nuova, emozionante, veste acustica.<\/p>\n<p> \tI <strong>biglietti<\/strong> per la tappa udinese, organizzata da <strong>Zenit srl<\/strong>, in collaborazione con <strong>Regione Friuli Venezia Giulia<\/strong>, <strong>PromoTurismoFVG<\/strong> e <strong>Comune di Udine<\/strong>, sono gi\u00e0 in vendita on line su <u><a href=\"http:\/\/www.ticketone.it\" target=\"_blank\" rel=\"noopener\"><span style=\"color:#0000ff;\"><strong>www.ticketone.it<\/strong> <\/span><\/a><\/u>e in tutti i punti vendita del circuito <strong>Ticketone<\/strong>.<\/p>\n<p> \tTutte le info su <u><a href=\"http:\/\/www.azalea.it\/\" target=\"_blank\" rel=\"noopener\"><span style=\"color:#0000ff;\">www.azalea.it<\/span><\/a><\/u><\/p>\n","protected":false},"excerpt":{"rendered":"<p>Sabato 17 luglio<\/p>\n","protected":false},"author":28,"featured_media":39137,"comment_status":"closed","ping_status":"closed","sticky":false,"template":"","format":"standard","meta":{"dwc-title":[],"dwc-content":[],"footnotes":""},"categories":[37],"tags":[],"class_list":["post-39136","post","type-post","status-publish","format-standard","has-post-thumbnail","hentry","category-cultura-e-spettacolo"],"rttpg_featured_image_url":{"full":["https:\/\/imagazine.it\/wp-content\/uploads\/2024\/01\/40118-1.webp",1000,667,false],"landscape":["https:\/\/imagazine.it\/wp-content\/uploads\/2024\/01\/40118-1.webp",1000,667,false],"portraits":["https:\/\/imagazine.it\/wp-content\/uploads\/2024\/01\/40118-1.webp",1000,667,false],"thumbnail":["https:\/\/imagazine.it\/wp-content\/uploads\/2024\/01\/40118-1-150x150.webp",150,150,true],"medium":["https:\/\/imagazine.it\/wp-content\/uploads\/2024\/01\/40118-1-300x200.webp",300,200,true],"large":["https:\/\/imagazine.it\/wp-content\/uploads\/2024\/01\/40118-1.webp",640,427,false],"thumblist":["https:\/\/imagazine.it\/wp-content\/uploads\/2024\/01\/40118-1.webp",300,200,false],"thumbrelated":["https:\/\/imagazine.it\/wp-content\/uploads\/2024\/01\/40118-1.webp",500,334,false],"meccarouselthumb":["https:\/\/imagazine.it\/wp-content\/uploads\/2024\/01\/40118-1.webp",474,316,false],"gridsquare":["https:\/\/imagazine.it\/wp-content\/uploads\/2024\/01\/40118-1.webp",391,260,false],"tileview":["https:\/\/imagazine.it\/wp-content\/uploads\/2024\/01\/40118-1.webp",300,200,false],"1536x1536":["https:\/\/imagazine.it\/wp-content\/uploads\/2024\/01\/40118-1.webp",1000,667,false],"2048x2048":["https:\/\/imagazine.it\/wp-content\/uploads\/2024\/01\/40118-1.webp",1000,667,false],"newsup-slider-full":["https:\/\/imagazine.it\/wp-content\/uploads\/2024\/01\/40118-1.webp",1000,667,false],"newsup-featured":["https:\/\/imagazine.it\/wp-content\/uploads\/2024\/01\/40118-1.webp",1000,667,false],"newsup-medium":["https:\/\/imagazine.it\/wp-content\/uploads\/2024\/01\/40118-1-720x380.webp",720,380,true],"tptn_thumbnail":["https:\/\/imagazine.it\/wp-content\/uploads\/2024\/01\/40118-1.webp",250,167,false],"sow-carousel-default":["https:\/\/imagazine.it\/wp-content\/uploads\/2024\/01\/40118-1-272x182.webp",272,182,true]},"rttpg_author":{"display_name":"redazione","author_link":"https:\/\/imagazine.it\/home_desk\/author\/redazione\/"},"rttpg_comment":0,"rttpg_category":"<a href=\"https:\/\/imagazine.it\/home_desk\/category\/cultura-e-spettacolo\/\" rel=\"category tag\">CULTURA&amp;SPETTACOLO<\/a>","rttpg_excerpt":"Sabato 17 luglio","_links":{"self":[{"href":"https:\/\/imagazine.it\/home_desk\/wp-json\/wp\/v2\/posts\/39136","targetHints":{"allow":["GET"]}}],"collection":[{"href":"https:\/\/imagazine.it\/home_desk\/wp-json\/wp\/v2\/posts"}],"about":[{"href":"https:\/\/imagazine.it\/home_desk\/wp-json\/wp\/v2\/types\/post"}],"author":[{"embeddable":true,"href":"https:\/\/imagazine.it\/home_desk\/wp-json\/wp\/v2\/users\/28"}],"replies":[{"embeddable":true,"href":"https:\/\/imagazine.it\/home_desk\/wp-json\/wp\/v2\/comments?post=39136"}],"version-history":[{"count":0,"href":"https:\/\/imagazine.it\/home_desk\/wp-json\/wp\/v2\/posts\/39136\/revisions"}],"wp:featuredmedia":[{"embeddable":true,"href":"https:\/\/imagazine.it\/home_desk\/wp-json\/wp\/v2\/media\/39137"}],"wp:attachment":[{"href":"https:\/\/imagazine.it\/home_desk\/wp-json\/wp\/v2\/media?parent=39136"}],"wp:term":[{"taxonomy":"category","embeddable":true,"href":"https:\/\/imagazine.it\/home_desk\/wp-json\/wp\/v2\/categories?post=39136"},{"taxonomy":"post_tag","embeddable":true,"href":"https:\/\/imagazine.it\/home_desk\/wp-json\/wp\/v2\/tags?post=39136"}],"curies":[{"name":"wp","href":"https:\/\/api.w.org\/{rel}","templated":true}]}}