{"id":39122,"date":"2021-05-19T00:00:00","date_gmt":"2021-05-18T23:00:00","guid":{"rendered":"https:\/\/imagazine.it\/?p=39122"},"modified":"2021-05-19T00:00:00","modified_gmt":"2021-05-18T23:00:00","slug":"a-trieste-lojo-de-dios-piu-grande-del-mondo","status":"publish","type":"post","link":"https:\/\/imagazine.it\/home_desk\/a-trieste-lojo-de-dios-piu-grande-del-mondo\/","title":{"rendered":"A Trieste l\u2019Ojo de Dios pi\u00f9 grande del mondo"},"content":{"rendered":"<p> \tL\u2019Occhio di Dio pi\u00f9 grande del mondo, realizzato nei giorni scorsi a cura di <strong>Lilt Trieste<\/strong> da una \u00e9quipe mista di medici, ricercatori e arte terapeute sotto la guida di <strong>Francesca Salcioli<\/strong>, \u00e8 stato esposto oggi nel giardino d\u2019inverno dell\u2019<strong>Ospedale<\/strong> <strong>di Cattinara<\/strong>, a <strong>Trieste<\/strong>.<\/p>\n<p> \tA suggellare l\u2019evento sono intervenuti il direttore sanitario dell\u2019Azienda Sanitaria Universitaria Giuliano Isontina (ASUGI), <strong>Andrea Longanesi<\/strong>, l&#39;assessore a grandi eventi, giovani, innovazione, partecipazioni societarie, pari opportunit\u00e0 del Comune di Trieste, <strong>Francesca de Santis<\/strong>, la coordinatrice regionale della Lega italiana per la lotta contro i tumori, <strong>Bruna Scaggiante<\/strong>, la presidente e il vice presidente di Lilt Trieste, <strong>Sandra Dudine<\/strong> e <strong>Pierpaolo Dobrilla<\/strong>, insieme a diversi consiglieri.<\/p>\n<p> \tIl manufatto si ispira alle tradizioni delle popolazioni mesoamericane. \u00c8 un oggetto votivo che viene creato tessendo un filato multicolore su una croce di legno.<\/p>\n<p> \tL\u2019opera esposta a Trieste \u00e8 in attesa della certificazione ufficiale del primato da parte di Guinness World Records, <strong>con i suoi 4,10 metri di diametro<\/strong>. Simbolo di amore, speranza, protezione e salute, per darvi forma nel Salone degli Incanti messo a disposizione dal Comune di Trieste ci sono volute 16 ore di lavoro e sono stati srotolati e intrecciati 175 gomitoli di lana di vari colori, per oltre 15 km di filato.<\/p>\n<p> \t\u201cUn\u2019iniziativa che simboleggia il lavoro di squadra che diversi professionisti stanno svolgendo insieme ognuno nel proprio ambito di competenza per affrontare la pandemia. Un lavoro che rende visibile l\u2019interconnessione di medici, ricercatori, terapeuti, istituzioni, associazioni e volontari in un sistema organico\u201d, ha dichiarato il vicegovernatore della Regione FVG, <strong>Riccardo Riccardi<\/strong>.<\/p>\n<p> \t\u201cIl nostro Occhio di Dio \u00e8 il frutto di un\u2019attivit\u00e0 collettiva, per la quale si sono impegnati, insieme, artisti e medici, a rappresentare l\u2019alleanza ideale tra arte e medicina, per favorire e canalizzare il benessere della persona\u201d, ha spiegato l\u2019arte terapeuta <strong>Francesca Salcioli<\/strong>, che ha diretto i lavori.<\/p>\n<p> \t\u201cSiamo particolarmente felici di aver completato l\u2019opera e raggiunto le dimensioni che ci eravamo proposti, perch\u00e9 condividiamo questo nuovo record con la nostra citt\u00e0 e perch\u00e9 l\u2019opera \u00e8 stata fortemente voluta, non solo dall\u2019artista, ma anche dai medici, infermieri, ricercatori e volontari intervenuti, che hanno lavorato tutti insieme per un obiettivo comune\u201d, ha aggiunto Bruna Scaggiante, coordinatrice regionale di Lilt Fvg.<\/p>\n<p> \t\u201c\u00c8 un orgoglio per noi rinunciare al ricavato di una possibile vendita preferendo che l\u2019Ojo de Dios sia esposto presso l\u2019Ospedale di Cattinara, dove passano ogni giorno tanti pazienti, familiari e visitatori\u201d, ha dichiarato la nuova presidente di Lilt Trieste, <strong>Sandra Dudine<\/strong>, esprimendo gratitudine al Comune di Trieste, co-organizzatore dell\u2019evento, e ad Asugi, che \u201cha accettato il dono e ne ha curato la collocazione\u201d.<\/p>\n","protected":false},"excerpt":{"rendered":"<p>Esposto a Cattinara<\/p>\n","protected":false},"author":28,"featured_media":39123,"comment_status":"closed","ping_status":"closed","sticky":false,"template":"","format":"standard","meta":{"dwc-title":[],"dwc-content":[],"footnotes":""},"categories":[5],"tags":[],"class_list":["post-39122","post","type-post","status-publish","format-standard","has-post-thumbnail","hentry","category-attualita"],"rttpg_featured_image_url":{"full":["https:\/\/imagazine.it\/wp-content\/uploads\/2024\/01\/40103-1.webp",800,665,false],"landscape":["https:\/\/imagazine.it\/wp-content\/uploads\/2024\/01\/40103-1.webp",800,665,false],"portraits":["https:\/\/imagazine.it\/wp-content\/uploads\/2024\/01\/40103-1.webp",800,665,false],"thumbnail":["https:\/\/imagazine.it\/wp-content\/uploads\/2024\/01\/40103-1-150x150.webp",150,150,true],"medium":["https:\/\/imagazine.it\/wp-content\/uploads\/2024\/01\/40103-1-300x249.webp",300,249,true],"large":["https:\/\/imagazine.it\/wp-content\/uploads\/2024\/01\/40103-1.webp",640,532,false],"thumblist":["https:\/\/imagazine.it\/wp-content\/uploads\/2024\/01\/40103-1.webp",300,249,false],"thumbrelated":["https:\/\/imagazine.it\/wp-content\/uploads\/2024\/01\/40103-1.webp",500,416,false],"meccarouselthumb":["https:\/\/imagazine.it\/wp-content\/uploads\/2024\/01\/40103-1.webp",390,324,false],"gridsquare":["https:\/\/imagazine.it\/wp-content\/uploads\/2024\/01\/40103-1.webp",313,260,false],"tileview":["https:\/\/imagazine.it\/wp-content\/uploads\/2024\/01\/40103-1.webp",300,249,false],"1536x1536":["https:\/\/imagazine.it\/wp-content\/uploads\/2024\/01\/40103-1.webp",800,665,false],"2048x2048":["https:\/\/imagazine.it\/wp-content\/uploads\/2024\/01\/40103-1.webp",800,665,false],"newsup-slider-full":["https:\/\/imagazine.it\/wp-content\/uploads\/2024\/01\/40103-1.webp",800,665,false],"newsup-featured":["https:\/\/imagazine.it\/wp-content\/uploads\/2024\/01\/40103-1.webp",800,665,false],"newsup-medium":["https:\/\/imagazine.it\/wp-content\/uploads\/2024\/01\/40103-1-720x380.webp",720,380,true],"tptn_thumbnail":["https:\/\/imagazine.it\/wp-content\/uploads\/2024\/01\/40103-1.webp",250,208,false],"sow-carousel-default":["https:\/\/imagazine.it\/wp-content\/uploads\/2024\/01\/40103-1-272x182.webp",272,182,true]},"rttpg_author":{"display_name":"redazione","author_link":"https:\/\/imagazine.it\/home_desk\/author\/redazione\/"},"rttpg_comment":0,"rttpg_category":"<a href=\"https:\/\/imagazine.it\/home_desk\/category\/attualita\/\" rel=\"category tag\">ATTUALIT\u00c0<\/a>","rttpg_excerpt":"Esposto a Cattinara","_links":{"self":[{"href":"https:\/\/imagazine.it\/home_desk\/wp-json\/wp\/v2\/posts\/39122","targetHints":{"allow":["GET"]}}],"collection":[{"href":"https:\/\/imagazine.it\/home_desk\/wp-json\/wp\/v2\/posts"}],"about":[{"href":"https:\/\/imagazine.it\/home_desk\/wp-json\/wp\/v2\/types\/post"}],"author":[{"embeddable":true,"href":"https:\/\/imagazine.it\/home_desk\/wp-json\/wp\/v2\/users\/28"}],"replies":[{"embeddable":true,"href":"https:\/\/imagazine.it\/home_desk\/wp-json\/wp\/v2\/comments?post=39122"}],"version-history":[{"count":0,"href":"https:\/\/imagazine.it\/home_desk\/wp-json\/wp\/v2\/posts\/39122\/revisions"}],"wp:featuredmedia":[{"embeddable":true,"href":"https:\/\/imagazine.it\/home_desk\/wp-json\/wp\/v2\/media\/39123"}],"wp:attachment":[{"href":"https:\/\/imagazine.it\/home_desk\/wp-json\/wp\/v2\/media?parent=39122"}],"wp:term":[{"taxonomy":"category","embeddable":true,"href":"https:\/\/imagazine.it\/home_desk\/wp-json\/wp\/v2\/categories?post=39122"},{"taxonomy":"post_tag","embeddable":true,"href":"https:\/\/imagazine.it\/home_desk\/wp-json\/wp\/v2\/tags?post=39122"}],"curies":[{"name":"wp","href":"https:\/\/api.w.org\/{rel}","templated":true}]}}