{"id":39108,"date":"2021-05-18T00:00:00","date_gmt":"2021-05-17T23:00:00","guid":{"rendered":"https:\/\/imagazine.it\/?p=39108"},"modified":"2021-05-18T00:00:00","modified_gmt":"2021-05-17T23:00:00","slug":"baseball-ronchi-pronto-allesordio-in-serie-a","status":"publish","type":"post","link":"https:\/\/imagazine.it\/home_desk\/baseball-ronchi-pronto-allesordio-in-serie-a\/","title":{"rendered":"Baseball, Ronchi pronto all&#8217;esordio in Serie A"},"content":{"rendered":"<p> \t<strong>New Black Panthers Ronchi dei Legionari<\/strong> ai nastri di partenza nel campionato di serie A di baseball.<\/p>\n<p> \tLa squadra e tutto lo staff tecnico si sono incontrati con autorit\u00e0 e tifosi presso la Tenuta di Blasig. Un momento che d\u00e0 ufficialmente il via a questa stagione sportiva che avr\u00e0 come novit\u00e0 la formulazione del campionato dove vengono raccolte tutte le squadre sia dell&#39;IBL (Italian Baseball League) che della serie A dei dilettanti.<\/p>\n<p> \tPerci\u00f2 tutte avranno la stessa possibilit\u00e0 di vincere lo scudetto di campione d&#39;Italia. \u201cLa nostra societ\u00e0 ha investito molto sui giovani \u2013 ha spiegato il presidente <strong>Mario Besio<\/strong> \u2013 confezionando una squadra con media d&#39;et\u00e0 sotto i 22 anni; sono arrivati dei prestiti di ragazzi militanti in squadre regionali e un solo straniero, il lanciatore dominicano di passaporto spagnolo Camilo Darlin\u201d.<\/p>\n<p> \tNel frattempo sono ancora in corso dei lavori per la messa in sicurezza del campo di gioco.<\/p>\n<p> \tPresenti numerose \u201cvecchie glorie\u201d che negli anni passati hanno dato lustro a questa squadra: <strong>Dario Bazzarini, Alessandro Bocia Bortolotti, Roberto Chico Cecotti e Sergio Puto Furlan<\/strong>.\u00a0<\/p>\n<p> \tNon \u00e8 mancata la lunga presentazione di tutto lo staff tecnico, in testa il riconfermato manager <strong>Michele Pilutti<\/strong>, e della squadra che sar\u00e0 in campo sabato prossimo a Godo contro la testa di serie.<\/p>\n<p> \tA livello istituzionale erano presenti la vicesindaca <strong>Paola Conte<\/strong>, l&#39;assessore allo sport <strong>Erika Battistella<\/strong> e i consiglieri regionali <strong>Diego Bernardis, Antonio Calligaris e Diego Moretti<\/strong> che all&#39;unisono hanno fatto un grande in bocca al lupo alla stagione che sta per iniziare.<\/p>\n","protected":false},"excerpt":{"rendered":"<p>Sabato il via al campionato<\/p>\n","protected":false},"author":22,"featured_media":39109,"comment_status":"closed","ping_status":"closed","sticky":false,"template":"","format":"standard","meta":{"dwc-title":[],"dwc-content":[],"footnotes":""},"categories":[38],"tags":[],"class_list":["post-39108","post","type-post","status-publish","format-standard","has-post-thumbnail","hentry","category-sport"],"rttpg_featured_image_url":{"full":["https:\/\/imagazine.it\/wp-content\/uploads\/2024\/01\/40086-1.webp",1000,383,false],"landscape":["https:\/\/imagazine.it\/wp-content\/uploads\/2024\/01\/40086-1.webp",1000,383,false],"portraits":["https:\/\/imagazine.it\/wp-content\/uploads\/2024\/01\/40086-1.webp",1000,383,false],"thumbnail":["https:\/\/imagazine.it\/wp-content\/uploads\/2024\/01\/40086-1-150x150.webp",150,150,true],"medium":["https:\/\/imagazine.it\/wp-content\/uploads\/2024\/01\/40086-1-300x115.webp",300,115,true],"large":["https:\/\/imagazine.it\/wp-content\/uploads\/2024\/01\/40086-1.webp",640,245,false],"thumblist":["https:\/\/imagazine.it\/wp-content\/uploads\/2024\/01\/40086-1.webp",300,115,false],"thumbrelated":["https:\/\/imagazine.it\/wp-content\/uploads\/2024\/01\/40086-1.webp",500,192,false],"meccarouselthumb":["https:\/\/imagazine.it\/wp-content\/uploads\/2024\/01\/40086-1.webp",474,182,false],"gridsquare":["https:\/\/imagazine.it\/wp-content\/uploads\/2024\/01\/40086-1.webp",391,150,false],"tileview":["https:\/\/imagazine.it\/wp-content\/uploads\/2024\/01\/40086-1.webp",300,115,false],"1536x1536":["https:\/\/imagazine.it\/wp-content\/uploads\/2024\/01\/40086-1.webp",1000,383,false],"2048x2048":["https:\/\/imagazine.it\/wp-content\/uploads\/2024\/01\/40086-1.webp",1000,383,false],"newsup-slider-full":["https:\/\/imagazine.it\/wp-content\/uploads\/2024\/01\/40086-1.webp",1000,383,false],"newsup-featured":["https:\/\/imagazine.it\/wp-content\/uploads\/2024\/01\/40086-1.webp",1000,383,false],"newsup-medium":["https:\/\/imagazine.it\/wp-content\/uploads\/2024\/01\/40086-1-720x380.webp",720,380,true],"tptn_thumbnail":["https:\/\/imagazine.it\/wp-content\/uploads\/2024\/01\/40086-1.webp",250,96,false],"sow-carousel-default":["https:\/\/imagazine.it\/wp-content\/uploads\/2024\/01\/40086-1-272x182.webp",272,182,true]},"rttpg_author":{"display_name":"Livio Nonis","author_link":"https:\/\/imagazine.it\/home_desk\/author\/nonis\/"},"rttpg_comment":0,"rttpg_category":"<a href=\"https:\/\/imagazine.it\/home_desk\/category\/sport\/\" rel=\"category tag\">SPORT<\/a>","rttpg_excerpt":"Sabato il via al campionato","_links":{"self":[{"href":"https:\/\/imagazine.it\/home_desk\/wp-json\/wp\/v2\/posts\/39108","targetHints":{"allow":["GET"]}}],"collection":[{"href":"https:\/\/imagazine.it\/home_desk\/wp-json\/wp\/v2\/posts"}],"about":[{"href":"https:\/\/imagazine.it\/home_desk\/wp-json\/wp\/v2\/types\/post"}],"author":[{"embeddable":true,"href":"https:\/\/imagazine.it\/home_desk\/wp-json\/wp\/v2\/users\/22"}],"replies":[{"embeddable":true,"href":"https:\/\/imagazine.it\/home_desk\/wp-json\/wp\/v2\/comments?post=39108"}],"version-history":[{"count":0,"href":"https:\/\/imagazine.it\/home_desk\/wp-json\/wp\/v2\/posts\/39108\/revisions"}],"wp:featuredmedia":[{"embeddable":true,"href":"https:\/\/imagazine.it\/home_desk\/wp-json\/wp\/v2\/media\/39109"}],"wp:attachment":[{"href":"https:\/\/imagazine.it\/home_desk\/wp-json\/wp\/v2\/media?parent=39108"}],"wp:term":[{"taxonomy":"category","embeddable":true,"href":"https:\/\/imagazine.it\/home_desk\/wp-json\/wp\/v2\/categories?post=39108"},{"taxonomy":"post_tag","embeddable":true,"href":"https:\/\/imagazine.it\/home_desk\/wp-json\/wp\/v2\/tags?post=39108"}],"curies":[{"name":"wp","href":"https:\/\/api.w.org\/{rel}","templated":true}]}}