{"id":39106,"date":"2021-05-18T00:00:00","date_gmt":"2021-05-17T23:00:00","guid":{"rendered":"https:\/\/imagazine.it\/?p=39106"},"modified":"2021-05-18T00:00:00","modified_gmt":"2021-05-17T23:00:00","slug":"basket-in-carrozzina-gradisca-liquida-trento-ora-testa-a-varese","status":"publish","type":"post","link":"https:\/\/imagazine.it\/home_desk\/basket-in-carrozzina-gradisca-liquida-trento-ora-testa-a-varese\/","title":{"rendered":"Basket in carrozzina: Gradisca liquida Trento, ora testa a Varese"},"content":{"rendered":"<p> \tPrevedibile disco verde per la <strong>Castelvecchio Gradisca<\/strong> nell&#39;ultimo impegno di regular season contro Trento: la rappresentante regionale nella serie B di basket in carrozzina si impone nettamente (77 a 34) e, gi\u00e0 certa della seconda piazza, si avvicina nel migliore dei modi alla sfida verit\u00e0 dei play-off contro Varese: in palio ci sar\u00e0 un posto per le finali-promozione.<\/p>\n<p> \tAl PalaZimolo le due compagini si presentano in campo con roster dimezzati a causa di infortuni e indisponibilit\u00e0 varie. Ne esce un confronto rilassato e a viso aperto, nel quale la Castelvecchio impone il suo maggiore tasso tecnico e di esperienza agli ospiti trentini.<\/p>\n<p> \tIl primo quarto si chiude 24 a 10. Coach <strong>Sejmenovic<\/strong> cambia ripetutamente la formazione per dare spazio a tutto il proprio organico e far fare esperienza anche agli elementi che hanno giocato meno sinora. I nuovi entrati tengono bene testa al Trento e si va al riposo 39 a 18 per Gradisca.<\/p>\n<p> \tNella ripresa Gradisca prova anche soluzioni tattiche differenti per preparare diversi piani di gioco in vista della fase decisiva della stagione. La gara termina nel pi\u00f9 assoluto clima di fair play sul parquet.<\/p>\n<p> \tSabato la sfida nella tana di Varese che vale una stagione: partita secca in terra lombarda, contro la formazione che ha vinto il girone B. Serve un&#39;impresa per conquistare il ticket valido per le finali nel concentramento di Firenze.<\/p>\n<p> \tLa vincente di questo gruppo salir\u00e0 nella massima serie assieme alla vincente dell&#39;altro raggruppamento, quello di Lecce. Gradisca sogna un ritorno in una serie A che le manca da quattro anni.<\/p>\n<p> \t\u00a0<\/p>\n<p> \tIl tabellino della Castelvecchio Polisportiva Nordest Gradisca: Mucchiut 13, Fiorino 14, Slapnicar 20, Sejmenovic 10, Vitalyos 4, Querci della Rovere, Kuduzovic 16.\u00a0<\/p>\n","protected":false},"excerpt":{"rendered":"<p>Conclusa la stagione regolare<\/p>\n","protected":false},"author":22,"featured_media":39107,"comment_status":"closed","ping_status":"closed","sticky":false,"template":"","format":"standard","meta":{"dwc-title":[],"dwc-content":[],"footnotes":""},"categories":[38],"tags":[],"class_list":["post-39106","post","type-post","status-publish","format-standard","has-post-thumbnail","hentry","category-sport"],"rttpg_featured_image_url":{"full":["https:\/\/imagazine.it\/wp-content\/uploads\/2024\/01\/40085-1.webp",750,517,false],"landscape":["https:\/\/imagazine.it\/wp-content\/uploads\/2024\/01\/40085-1.webp",750,517,false],"portraits":["https:\/\/imagazine.it\/wp-content\/uploads\/2024\/01\/40085-1.webp",750,517,false],"thumbnail":["https:\/\/imagazine.it\/wp-content\/uploads\/2024\/01\/40085-1-150x150.webp",150,150,true],"medium":["https:\/\/imagazine.it\/wp-content\/uploads\/2024\/01\/40085-1-300x207.webp",300,207,true],"large":["https:\/\/imagazine.it\/wp-content\/uploads\/2024\/01\/40085-1.webp",640,441,false],"thumblist":["https:\/\/imagazine.it\/wp-content\/uploads\/2024\/01\/40085-1.webp",300,207,false],"thumbrelated":["https:\/\/imagazine.it\/wp-content\/uploads\/2024\/01\/40085-1.webp",500,345,false],"meccarouselthumb":["https:\/\/imagazine.it\/wp-content\/uploads\/2024\/01\/40085-1.webp",470,324,false],"gridsquare":["https:\/\/imagazine.it\/wp-content\/uploads\/2024\/01\/40085-1.webp",377,260,false],"tileview":["https:\/\/imagazine.it\/wp-content\/uploads\/2024\/01\/40085-1.webp",300,207,false],"1536x1536":["https:\/\/imagazine.it\/wp-content\/uploads\/2024\/01\/40085-1.webp",750,517,false],"2048x2048":["https:\/\/imagazine.it\/wp-content\/uploads\/2024\/01\/40085-1.webp",750,517,false],"newsup-slider-full":["https:\/\/imagazine.it\/wp-content\/uploads\/2024\/01\/40085-1.webp",750,517,false],"newsup-featured":["https:\/\/imagazine.it\/wp-content\/uploads\/2024\/01\/40085-1.webp",750,517,false],"newsup-medium":["https:\/\/imagazine.it\/wp-content\/uploads\/2024\/01\/40085-1-720x380.webp",720,380,true],"tptn_thumbnail":["https:\/\/imagazine.it\/wp-content\/uploads\/2024\/01\/40085-1.webp",250,172,false],"sow-carousel-default":["https:\/\/imagazine.it\/wp-content\/uploads\/2024\/01\/40085-1-272x182.webp",272,182,true]},"rttpg_author":{"display_name":"Livio Nonis","author_link":"https:\/\/imagazine.it\/home_desk\/author\/nonis\/"},"rttpg_comment":0,"rttpg_category":"<a href=\"https:\/\/imagazine.it\/home_desk\/category\/sport\/\" rel=\"category tag\">SPORT<\/a>","rttpg_excerpt":"Conclusa la stagione regolare","_links":{"self":[{"href":"https:\/\/imagazine.it\/home_desk\/wp-json\/wp\/v2\/posts\/39106","targetHints":{"allow":["GET"]}}],"collection":[{"href":"https:\/\/imagazine.it\/home_desk\/wp-json\/wp\/v2\/posts"}],"about":[{"href":"https:\/\/imagazine.it\/home_desk\/wp-json\/wp\/v2\/types\/post"}],"author":[{"embeddable":true,"href":"https:\/\/imagazine.it\/home_desk\/wp-json\/wp\/v2\/users\/22"}],"replies":[{"embeddable":true,"href":"https:\/\/imagazine.it\/home_desk\/wp-json\/wp\/v2\/comments?post=39106"}],"version-history":[{"count":0,"href":"https:\/\/imagazine.it\/home_desk\/wp-json\/wp\/v2\/posts\/39106\/revisions"}],"wp:featuredmedia":[{"embeddable":true,"href":"https:\/\/imagazine.it\/home_desk\/wp-json\/wp\/v2\/media\/39107"}],"wp:attachment":[{"href":"https:\/\/imagazine.it\/home_desk\/wp-json\/wp\/v2\/media?parent=39106"}],"wp:term":[{"taxonomy":"category","embeddable":true,"href":"https:\/\/imagazine.it\/home_desk\/wp-json\/wp\/v2\/categories?post=39106"},{"taxonomy":"post_tag","embeddable":true,"href":"https:\/\/imagazine.it\/home_desk\/wp-json\/wp\/v2\/tags?post=39106"}],"curies":[{"name":"wp","href":"https:\/\/api.w.org\/{rel}","templated":true}]}}