{"id":39100,"date":"2021-05-17T00:00:00","date_gmt":"2021-05-16T23:00:00","guid":{"rendered":"https:\/\/imagazine.it\/?p=39100"},"modified":"2021-05-17T00:00:00","modified_gmt":"2021-05-16T23:00:00","slug":"torna-in-fvg-il-meglio-del-teatro-di-figura","status":"publish","type":"post","link":"https:\/\/imagazine.it\/home_desk\/torna-in-fvg-il-meglio-del-teatro-di-figura\/","title":{"rendered":"Torna in FVG il meglio del teatro di figura"},"content":{"rendered":"<p> \tL\u2019<strong>Alpe Adria Puppet Festival<\/strong>, organizzato dal <strong>CTA &#8211; Centro Teatro Animazione e Figure di Gorizia<\/strong>, sta scaldando i motori in vista della trentesima edizione che, <strong>fra il 23 agosto e il 5 settembre<\/strong> toccher\u00e0 <strong>Grado, Aquileia, Gorizia e Nova Gorica<\/strong>.<\/p>\n<p> \tL\u2019intento \u00e8 quello di consolidare sempre pi\u00f9 il ruolo di incontro e di scambio fra realt\u00e0 internazionali del teatro di figura, in particolare grazie al progetto triennale <strong><em>Puppet &#038; Design<\/em><\/strong>, finanziato dal programma <em>Creative Europe Culture<\/em> che vede il CTA di Gorizia (lead partner) assieme a Lutkvno Gledali\u0161\u010de Ljubljana, Studio Damuza di Praha e IED-Istituto Europeo di Design di Madrid.<\/p>\n<p> \tIl progetto artistico 2021 porter\u00e0 in Friuli Venezia Giulia la performer italo-belga <strong>Olivia Moln<\/strong><strong>\u00e1<\/strong><strong>r<\/strong> con <em>Piccoli suicidi<\/em> (<em>Tre brevi esorcismi di uso quotidiano<\/em>) di Giulio Moln\u00e1r, uno spettacolo cult degli anni \u201980 in cui l\u2019attore non si serve dell\u2019oggetto, ma \u00e8 l\u2019oggetto stesso che si fa raccontare dall\u2019attore.<\/p>\n<p> \tIl <strong>Lutkvno Gledali\u0161\u010de Maribor <\/strong>far\u00e0 conoscere il suo <em>Pinocchio<\/em>, vincitore nel 2020 dello Gran Prix al 53^ PIF festival. Il regista <strong>Matteo Spiazzi<\/strong>, gi\u00e0 noto nei paesi del nord-est europeo, premio personale come\u00a0miglior artista visivo al PIF festival e vincitore del premio nazionale GRA con il\u00a0miglior spettacolo sperimentale a Kiev, torna in patria per far conoscere uno dei suoi lavori pi\u00f9 straordinari. Sul palco, <strong>Miha Bezeljak<\/strong> in una messa in scena realizzata con burattini, alcuni dei quali originali prodotti da Anton Jezov\u0161ek, uno dei pi\u00f9 rinomati creatori di marionette sloveni.<\/p>\n<p> \tDalla Francia giunger\u00e0 la compagnia <strong>Flop <\/strong>del maestro indiscusso della luce, <strong>Philippe Lefebvre<\/strong>, i cui lavori sono degli affreschi animati e colorati grazie a marchingegni meccanici creati appositamente. Flop arriver\u00e0 a Gorizia con la performance senza parole <em>Dal vivo<\/em>, gi\u00e0 proposta e accolta con grande entusiasmo in tanti paesi europei.<\/p>\n<p> \tLo spettacolo <em>A Universal Story<\/em>, dello spagnolo <strong>David Espinosa<\/strong>, in un bilanciamento tra forma, luce e suono, sviluppa soluzioni che sorprendono il pubblico e lo rendono partecipe e attivo nella visione della pi\u00e8ce.<\/p>\n<p> \tCi sar\u00e0 anche il vincitore del Premio Cantiere 2018, appuntamento purtroppo saltato nella passata stagione invernale del CTA a causa della pandemia, <em>Flirt<\/em> di <strong>Silvia Torri<\/strong>: una divertente \u201cindagine\u201d sul sesso e sull\u2019amore nel nostro tempo, raccontata con pochi oggetti su un piccolo tavolo nero. \u00a0<\/p>\n<p> \tQueste, solo alcune anticipazioni perch\u00e9 il cartellone si sta definendo in queste settimane. Accanto agli spettacoli troveranno posto conferenze e meeting con la partecipazione di esperti, studiosi e artisti del teatro di figura e di design; a seguito della 2^ residenza creativa europea, verr\u00e0 presentato lo studio sullo spettacolo <strong>Circus<\/strong>, diretto da <strong>Michele Sambin<\/strong> e incentrato sull\u2019omonima celebre e coloratissima linea disegnata da Marcel Wanders per l\u2019azienda Alessi. Gli oggetti per la tavola e la casa inventati dal designer olandese rappresentano una sintesi perfetta del rapporto fra l\u2019immaginario del puppet e il mondo del design.<\/p>\n<p> \tSi potr\u00e0 ammirare inoltre l\u2019esposizione dei manufatti realizzati durante il workshop <em>Waste Puppet Design<\/em>, guidato dall\u2019artista e scenografo <strong>Antonio Panzuto<\/strong> e dal designer spagnolo\u00a0<strong>Miguel Leiro<\/strong>.<\/p>\n","protected":false},"excerpt":{"rendered":"<p>Fra il 23 agosto e il 5 settembre<\/p>\n","protected":false},"author":28,"featured_media":39101,"comment_status":"closed","ping_status":"closed","sticky":false,"template":"","format":"standard","meta":{"dwc-title":[],"dwc-content":[],"footnotes":""},"categories":[37],"tags":[],"class_list":["post-39100","post","type-post","status-publish","format-standard","has-post-thumbnail","hentry","category-cultura-e-spettacolo"],"rttpg_featured_image_url":{"full":["https:\/\/imagazine.it\/wp-content\/uploads\/2024\/01\/40072-1.webp",1200,800,false],"landscape":["https:\/\/imagazine.it\/wp-content\/uploads\/2024\/01\/40072-1.webp",1200,800,false],"portraits":["https:\/\/imagazine.it\/wp-content\/uploads\/2024\/01\/40072-1.webp",1200,800,false],"thumbnail":["https:\/\/imagazine.it\/wp-content\/uploads\/2024\/01\/40072-1-150x150.webp",150,150,true],"medium":["https:\/\/imagazine.it\/wp-content\/uploads\/2024\/01\/40072-1-300x200.webp",300,200,true],"large":["https:\/\/imagazine.it\/wp-content\/uploads\/2024\/01\/40072-1-1024x683.webp",640,427,true],"thumblist":["https:\/\/imagazine.it\/wp-content\/uploads\/2024\/01\/40072-1.webp",300,200,false],"thumbrelated":["https:\/\/imagazine.it\/wp-content\/uploads\/2024\/01\/40072-1.webp",500,333,false],"meccarouselthumb":["https:\/\/imagazine.it\/wp-content\/uploads\/2024\/01\/40072-1.webp",474,316,false],"gridsquare":["https:\/\/imagazine.it\/wp-content\/uploads\/2024\/01\/40072-1.webp",391,260,false],"tileview":["https:\/\/imagazine.it\/wp-content\/uploads\/2024\/01\/40072-1.webp",300,200,false],"1536x1536":["https:\/\/imagazine.it\/wp-content\/uploads\/2024\/01\/40072-1.webp",1200,800,false],"2048x2048":["https:\/\/imagazine.it\/wp-content\/uploads\/2024\/01\/40072-1.webp",1200,800,false],"newsup-slider-full":["https:\/\/imagazine.it\/wp-content\/uploads\/2024\/01\/40072-1-1200x720.webp",1200,720,true],"newsup-featured":["https:\/\/imagazine.it\/wp-content\/uploads\/2024\/01\/40072-1-1024x683.webp",1024,683,true],"newsup-medium":["https:\/\/imagazine.it\/wp-content\/uploads\/2024\/01\/40072-1-720x380.webp",720,380,true],"tptn_thumbnail":["https:\/\/imagazine.it\/wp-content\/uploads\/2024\/01\/40072-1.webp",250,167,false],"sow-carousel-default":["https:\/\/imagazine.it\/wp-content\/uploads\/2024\/01\/40072-1-272x182.webp",272,182,true]},"rttpg_author":{"display_name":"redazione","author_link":"https:\/\/imagazine.it\/home_desk\/author\/redazione\/"},"rttpg_comment":0,"rttpg_category":"<a href=\"https:\/\/imagazine.it\/home_desk\/category\/cultura-e-spettacolo\/\" rel=\"category tag\">CULTURA&amp;SPETTACOLO<\/a>","rttpg_excerpt":"Fra il 23 agosto e il 5 settembre","_links":{"self":[{"href":"https:\/\/imagazine.it\/home_desk\/wp-json\/wp\/v2\/posts\/39100","targetHints":{"allow":["GET"]}}],"collection":[{"href":"https:\/\/imagazine.it\/home_desk\/wp-json\/wp\/v2\/posts"}],"about":[{"href":"https:\/\/imagazine.it\/home_desk\/wp-json\/wp\/v2\/types\/post"}],"author":[{"embeddable":true,"href":"https:\/\/imagazine.it\/home_desk\/wp-json\/wp\/v2\/users\/28"}],"replies":[{"embeddable":true,"href":"https:\/\/imagazine.it\/home_desk\/wp-json\/wp\/v2\/comments?post=39100"}],"version-history":[{"count":0,"href":"https:\/\/imagazine.it\/home_desk\/wp-json\/wp\/v2\/posts\/39100\/revisions"}],"wp:featuredmedia":[{"embeddable":true,"href":"https:\/\/imagazine.it\/home_desk\/wp-json\/wp\/v2\/media\/39101"}],"wp:attachment":[{"href":"https:\/\/imagazine.it\/home_desk\/wp-json\/wp\/v2\/media?parent=39100"}],"wp:term":[{"taxonomy":"category","embeddable":true,"href":"https:\/\/imagazine.it\/home_desk\/wp-json\/wp\/v2\/categories?post=39100"},{"taxonomy":"post_tag","embeddable":true,"href":"https:\/\/imagazine.it\/home_desk\/wp-json\/wp\/v2\/tags?post=39100"}],"curies":[{"name":"wp","href":"https:\/\/api.w.org\/{rel}","templated":true}]}}