{"id":39090,"date":"2021-05-17T00:00:00","date_gmt":"2021-05-16T23:00:00","guid":{"rendered":"https:\/\/imagazine.it\/?p=39090"},"modified":"2021-05-17T00:00:00","modified_gmt":"2021-05-16T23:00:00","slug":"cervignano-giovani-ballerini-a-lezione-da-samuel-peron","status":"publish","type":"post","link":"https:\/\/imagazine.it\/home_desk\/cervignano-giovani-ballerini-a-lezione-da-samuel-peron\/","title":{"rendered":"Cervignano, giovani ballerini a lezione da Samuel Peron"},"content":{"rendered":"<p> \t<strong>Samuel Peron<\/strong>, reso celebre dalla trasmissione televisiva \u201c<em>Ballando con le Stelle<\/em>\u201d, \u00e8 stato in visita a <strong>Cervignano del Friuli<\/strong>, nella scuola di danze sportive\u00a0<strong>Olimpia<\/strong> nella frazione di <strong>Scodovacca<\/strong>.<\/p>\n<p> \tUna visita di \u201clavoro\u201d in quanto il ballerino si \u00e8 intrattenuto tutto un pomeriggio con gli allievi della maestra <strong>Serena Nicola<\/strong>.<\/p>\n<p> \t\u00c8 stato di fatto un \u201cevento\u201d osservare un cos\u00ec noto personaggio immergersi con grande piacere nella realt\u00e0 friulana: un segnale che d\u00e0 stimoli e voglia di \u201cfare\u201d a tutti i ragazzini e le ragazzine, dai pi\u00f9 piccoli a quelli gi\u00e0 pi\u00f9 esperti.<\/p>\n<p> \tL\u2019occasione, al termine di una giornata molto intensa, per rivolgere a Samuel alcune domande.<\/p>\n<p> \t<strong>Com&#39;\u00e8 andato questo incontro con i ragazzi e ragazze dell&#39;Olimpia? <\/strong><\/p>\n<p> \t\u201cHo passato un bellissimo pomeriggio, con ragazzi bravi e ben preparati, professionalmente accorti. So il lavoro che sta facendo Serena Nicola e devo dire che ho trovato un bel gruppo: faccio i complimenti a tutto lo staff dell&#39;Olimpia\u201d.<\/p>\n<p> \t<strong>Parliamo invece di Samuel Peron: la trasmissione \u201c<em>Ballando con le Stelle<\/em>\u201d ti ha dato notoriet\u00e0, ma come si \u00e8 sviluppata la tua vita lavorativa a luci spente? <\/strong><\/p>\n<p> \t\u201cIndubbiamente la trasmissione televisiva mi ha maturato moltissimo dal punto di vista professionale: sono cresciuto sia artisticamente sia come persona. Ha inoltre ampliato i miei orizzonti, se prima infatti lavoravo principalmente nelle scuole di ballo, ora la platea si \u00e8 molto allargata, partecipo a eventi, direzioni artistiche, sono nelle associazioni sportive come questo pomeriggio: la mia agenda si \u00e8 riempita, ho molto lavoro\u201d.<\/p>\n<p> \t<strong>Hai passato un brutto momento quando hai contratto il COVID-19: come hai trascorso quel periodo e come ne sei venuto fuori? <\/strong><\/p>\n<p> \t\u201cHo dovuto passare sei settimane in quarantena, non riuscivo a negativizzarmi. Non ho avuto sintomi acuti e nel frattempo ho letto moltissimo. Una volta guarito ho ripreso con lunghe passeggiate e finalmente sono riuscito a ritornare in forma smagliante\u201d.<\/p>\n<p> \t<strong>Collabori con <em>RC6 Camp<\/em> e assieme a Serena organizzerete a Lignano Sabbiadoro, dal 20 al 27 giugno, il primo \u201c<em>Samuel Peron \u2013 Latin dance<\/em>\u201d, sold-out dopo pochi giorni dall\u2019apertura delle iscrizioni. Cosa faranno i ragazzi in questi sette giorni?<\/strong><\/p>\n<p> \t\u201cAbbiamo limitato i posti a soli 50 partecipanti (ragazzi dagli 8 ai 18 anni) visto le problematiche della pandemia. Avremo due allenamenti giornalieri di danza Latino Americana e due sessioni di preparazione atletica funzionale; daremo la possibilit\u00e0 di fare dei lavori specifici al fine di migliorare le proprie performance. Al termine dell&#39;ultimo giorno faremo un&#39;esibizione per vedere tutto lo sviluppo e i miglioramenti fatti dai partecipanti in questa settima di intenso lavoro\u201d.<\/p>\n<p> \t<strong>Ci sar\u00e0 un Lignano \u201cDue\u201d? <\/strong><\/p>\n<p> \t\u201cCertamente. La collaborazione con Serena e l&#39;Olimpia Danze deve continuare nel tempo e questa \u00e8 un&#39;ottima occasione per farlo: troveremo nuove soluzioni di lavoro e nuovi stimoli per i partecipanti\u201d.<\/p>\n<p> \t<strong>Il numero dei giovani che praticano lo sport, compresa la danza, \u00e8 in netto calo. Cosa succede?\u00a0 <\/strong><\/p>\n<p> \t\u201c\u00c8 un problema che attanaglia tutte le discipline sportive: ci sono molte cause tra le quali anche i social network, la pandemia, il calo delle nascite e la poca voglia di lavorare e sacrificarsi di molti ragazzi\u201d.<\/p>\n<p> \t<strong>Che cosa vedi nel futuro Samuel Peron? <\/strong><\/p>\n<p> \t\u201cTantissimo lavoro: ho gi\u00e0 in ballo direzioni artistiche che spaziano tra il pubblico e il privato, un mio desiderio sarebbe oltre alla danza anche quello di presentare. Lo sto facendo con molto piacere nella trasmissione di Rai 1 del sabato mattina \u201c<em>Buongiorno Benessere<\/em>\u201d, e mi piacerebbe proseguire su questa strada\u201d.<\/p>\n","protected":false},"excerpt":{"rendered":"<p>Pomeriggio speciale a Scodovacca<\/p>\n","protected":false},"author":22,"featured_media":39091,"comment_status":"closed","ping_status":"closed","sticky":false,"template":"","format":"standard","meta":{"dwc-title":[],"dwc-content":[],"footnotes":""},"categories":[38],"tags":[],"class_list":["post-39090","post","type-post","status-publish","format-standard","has-post-thumbnail","hentry","category-sport"],"rttpg_featured_image_url":{"full":["https:\/\/imagazine.it\/wp-content\/uploads\/2024\/01\/40056-1.webp",1000,602,false],"landscape":["https:\/\/imagazine.it\/wp-content\/uploads\/2024\/01\/40056-1.webp",1000,602,false],"portraits":["https:\/\/imagazine.it\/wp-content\/uploads\/2024\/01\/40056-1.webp",1000,602,false],"thumbnail":["https:\/\/imagazine.it\/wp-content\/uploads\/2024\/01\/40056-1-150x150.webp",150,150,true],"medium":["https:\/\/imagazine.it\/wp-content\/uploads\/2024\/01\/40056-1-300x181.webp",300,181,true],"large":["https:\/\/imagazine.it\/wp-content\/uploads\/2024\/01\/40056-1.webp",640,385,false],"thumblist":["https:\/\/imagazine.it\/wp-content\/uploads\/2024\/01\/40056-1.webp",300,181,false],"thumbrelated":["https:\/\/imagazine.it\/wp-content\/uploads\/2024\/01\/40056-1.webp",500,301,false],"meccarouselthumb":["https:\/\/imagazine.it\/wp-content\/uploads\/2024\/01\/40056-1.webp",474,285,false],"gridsquare":["https:\/\/imagazine.it\/wp-content\/uploads\/2024\/01\/40056-1.webp",391,235,false],"tileview":["https:\/\/imagazine.it\/wp-content\/uploads\/2024\/01\/40056-1.webp",300,181,false],"1536x1536":["https:\/\/imagazine.it\/wp-content\/uploads\/2024\/01\/40056-1.webp",1000,602,false],"2048x2048":["https:\/\/imagazine.it\/wp-content\/uploads\/2024\/01\/40056-1.webp",1000,602,false],"newsup-slider-full":["https:\/\/imagazine.it\/wp-content\/uploads\/2024\/01\/40056-1.webp",1000,602,false],"newsup-featured":["https:\/\/imagazine.it\/wp-content\/uploads\/2024\/01\/40056-1.webp",1000,602,false],"newsup-medium":["https:\/\/imagazine.it\/wp-content\/uploads\/2024\/01\/40056-1-720x380.webp",720,380,true],"tptn_thumbnail":["https:\/\/imagazine.it\/wp-content\/uploads\/2024\/01\/40056-1.webp",250,151,false],"sow-carousel-default":["https:\/\/imagazine.it\/wp-content\/uploads\/2024\/01\/40056-1-272x182.webp",272,182,true]},"rttpg_author":{"display_name":"Livio Nonis","author_link":"https:\/\/imagazine.it\/home_desk\/author\/nonis\/"},"rttpg_comment":0,"rttpg_category":"<a href=\"https:\/\/imagazine.it\/home_desk\/category\/sport\/\" rel=\"category tag\">SPORT<\/a>","rttpg_excerpt":"Pomeriggio speciale a Scodovacca","_links":{"self":[{"href":"https:\/\/imagazine.it\/home_desk\/wp-json\/wp\/v2\/posts\/39090","targetHints":{"allow":["GET"]}}],"collection":[{"href":"https:\/\/imagazine.it\/home_desk\/wp-json\/wp\/v2\/posts"}],"about":[{"href":"https:\/\/imagazine.it\/home_desk\/wp-json\/wp\/v2\/types\/post"}],"author":[{"embeddable":true,"href":"https:\/\/imagazine.it\/home_desk\/wp-json\/wp\/v2\/users\/22"}],"replies":[{"embeddable":true,"href":"https:\/\/imagazine.it\/home_desk\/wp-json\/wp\/v2\/comments?post=39090"}],"version-history":[{"count":0,"href":"https:\/\/imagazine.it\/home_desk\/wp-json\/wp\/v2\/posts\/39090\/revisions"}],"wp:featuredmedia":[{"embeddable":true,"href":"https:\/\/imagazine.it\/home_desk\/wp-json\/wp\/v2\/media\/39091"}],"wp:attachment":[{"href":"https:\/\/imagazine.it\/home_desk\/wp-json\/wp\/v2\/media?parent=39090"}],"wp:term":[{"taxonomy":"category","embeddable":true,"href":"https:\/\/imagazine.it\/home_desk\/wp-json\/wp\/v2\/categories?post=39090"},{"taxonomy":"post_tag","embeddable":true,"href":"https:\/\/imagazine.it\/home_desk\/wp-json\/wp\/v2\/tags?post=39090"}],"curies":[{"name":"wp","href":"https:\/\/api.w.org\/{rel}","templated":true}]}}