{"id":39088,"date":"2021-05-17T00:00:00","date_gmt":"2021-05-16T23:00:00","guid":{"rendered":"https:\/\/imagazine.it\/?p=39088"},"modified":"2021-05-17T00:00:00","modified_gmt":"2021-05-16T23:00:00","slug":"le-autorita-della-santa-sede-in-arrivo-ad-aquileia","status":"publish","type":"post","link":"https:\/\/imagazine.it\/home_desk\/le-autorita-della-santa-sede-in-arrivo-ad-aquileia\/","title":{"rendered":"Le autorit\u00e0 della Santa Sede in arrivo ad Aquileia"},"content":{"rendered":"<p> \t<strong>Aquileia<\/strong> diventa simbolo internazionale del dialogo tra i popoli e dello sviluppo sostenibile: nel pomeriggio di mercoled\u00ec 19 maggio ospiter\u00e0 nella Basilica di Santa Maria Assunta l\u2019evento <strong><em>\u201c1 Health 4 All\u201d,<\/em><\/strong> ovvero \u201cUna salute per tutti\u201d, organizzato dalla Commissione Vaticana COVID-19 del Dicastero per il Servizio dello Sviluppo Umano Integrale, in collaborazione con <strong>l&#39;Associazione Mitteleuropa<\/strong> e in particolare grazie all\u2019impegno del presidente <strong>Paolo Petiziol<\/strong>.<\/p>\n<p> \tSi tratta di un evento che approfondisce la connessione tra salute globale, equo sviluppo ed ecologia integrale, che porter\u00e0 ad Aquileia le <strong>massime Autorit\u00e0 Vaticane. <\/strong>Si collegheranno per intervenire in diretta artisti e attivisti internazionali tra cui l&#39;attrice e umanitaria <strong>Sharon Stone<\/strong>, <strong>Bernice King<\/strong>, CEO del King Center e figlia pi\u00f9 giovane del leader dei diritti civili Martin Luther King, e <strong>Tawakkol<\/strong> <strong>Karman<\/strong>, la yemenita Premio Nobel per la Pace, politica e attivista per i diritti umani.<\/p>\n<p> \tIl Friuli Venezia Giulia sar\u00e0 protagonista anche nel concerto dal vivo che accompagner\u00e0 gli interventi grazie alla <strong>Orchestra Filarmonica FVG<\/strong> che sar\u00e0 diretta da <strong>Paolo Paroni<\/strong>, con la voce del tenore <strong>Francesco Grollo<\/strong>.<\/p>\n<p> \t<em>\u201cAquileia &#8211;<\/em> commenta <strong>Petiziol<\/strong><em> &#8211; \u00e8 la porta storica dell&#39;Europa centrale, \u00e8 simbolo del dialogo tra i popoli e rappresenta un promemoria dell&#39;importanza della solidariet\u00e0 umana e di come siamo tutti interconnessi e interdipendenti. Il fatto che la Santa Sede abbia scelto proprio questo luogo per un evento di grandissimo valore simbolico, \u00e8 un momento epocale non solo per la citt\u00e0, ma per l\u2019intera Regione che viene riconosciuta come fulcro delle nuove relazioni istituzionali\u201d.<\/em><\/p>\n<p> \tL\u2019evento, infatti, rientra nella Settimana della <em>Laudato si\u2019<\/em>, in programma dal 16 al 24 maggio, <strong>culmine dell\u2019Anno speciale voluto da Papa Francesco<\/strong> iniziato nel maggio 2020, in occasione dei cinque anni dalla pubblicazione dell\u2019omonima Enciclica.\u00a0<\/p>\n<p> \tDurante l\u2019evento sar\u00e0 presentata la ristrutturazione dell&#39;ospedale di Rumbek, in Sud Sudan, da parte della <strong>ong italiana Medici con l&#39;Africa Cuamm<\/strong> e la sua nuova dedicazione come \u2018Ospedale della Laudato Si&#39;\u201d. La ristrutturazione del nosocomio punta sul miglioramento dell&#39;assistenza alle madri e ai bambini, nonch\u00e9 sulla promozione di azioni concrete e mirate in nome di uno sviluppo sostenibile e integrale, cos\u00ec come indicato dall\u2019Enciclica di Papa Francesco.<\/p>\n<p> \tL\u2019evento \u00e8 reso possibile anche grazie al generoso sostegno della<strong> Diocesi e del Comune di Aquileia, Ente Friuli nel Mondo, Regione Friuli Venezia-Giulia, Fiat, Intesa Sanpaolo, Promoturismo FVG e Snam.<\/strong><\/p>\n","protected":false},"excerpt":{"rendered":"<p>Mercoled\u00ec l&#8217;evento \u201c1 Health 4 All\u201d<\/p>\n","protected":false},"author":12,"featured_media":39089,"comment_status":"closed","ping_status":"closed","sticky":false,"template":"","format":"standard","meta":{"dwc-title":[],"dwc-content":[],"footnotes":""},"categories":[37],"tags":[],"class_list":["post-39088","post","type-post","status-publish","format-standard","has-post-thumbnail","hentry","category-cultura-e-spettacolo"],"rttpg_featured_image_url":{"full":["https:\/\/imagazine.it\/wp-content\/uploads\/2024\/01\/40055-1.webp",1024,768,false],"landscape":["https:\/\/imagazine.it\/wp-content\/uploads\/2024\/01\/40055-1.webp",1024,768,false],"portraits":["https:\/\/imagazine.it\/wp-content\/uploads\/2024\/01\/40055-1.webp",1024,768,false],"thumbnail":["https:\/\/imagazine.it\/wp-content\/uploads\/2024\/01\/40055-1-150x150.webp",150,150,true],"medium":["https:\/\/imagazine.it\/wp-content\/uploads\/2024\/01\/40055-1-300x225.webp",300,225,true],"large":["https:\/\/imagazine.it\/wp-content\/uploads\/2024\/01\/40055-1.webp",640,480,false],"thumblist":["https:\/\/imagazine.it\/wp-content\/uploads\/2024\/01\/40055-1.webp",300,225,false],"thumbrelated":["https:\/\/imagazine.it\/wp-content\/uploads\/2024\/01\/40055-1.webp",500,375,false],"meccarouselthumb":["https:\/\/imagazine.it\/wp-content\/uploads\/2024\/01\/40055-1.webp",432,324,false],"gridsquare":["https:\/\/imagazine.it\/wp-content\/uploads\/2024\/01\/40055-1.webp",347,260,false],"tileview":["https:\/\/imagazine.it\/wp-content\/uploads\/2024\/01\/40055-1.webp",300,225,false],"1536x1536":["https:\/\/imagazine.it\/wp-content\/uploads\/2024\/01\/40055-1.webp",1024,768,false],"2048x2048":["https:\/\/imagazine.it\/wp-content\/uploads\/2024\/01\/40055-1.webp",1024,768,false],"newsup-slider-full":["https:\/\/imagazine.it\/wp-content\/uploads\/2024\/01\/40055-1-1024x720.webp",1024,720,true],"newsup-featured":["https:\/\/imagazine.it\/wp-content\/uploads\/2024\/01\/40055-1.webp",1024,768,false],"newsup-medium":["https:\/\/imagazine.it\/wp-content\/uploads\/2024\/01\/40055-1-720x380.webp",720,380,true],"tptn_thumbnail":["https:\/\/imagazine.it\/wp-content\/uploads\/2024\/01\/40055-1.webp",250,188,false],"sow-carousel-default":["https:\/\/imagazine.it\/wp-content\/uploads\/2024\/01\/40055-1-272x182.webp",272,182,true]},"rttpg_author":{"display_name":"Claudio Pizzin","author_link":"https:\/\/imagazine.it\/home_desk\/author\/pizzin\/"},"rttpg_comment":0,"rttpg_category":"<a href=\"https:\/\/imagazine.it\/home_desk\/category\/cultura-e-spettacolo\/\" rel=\"category tag\">CULTURA&amp;SPETTACOLO<\/a>","rttpg_excerpt":"Mercoled\u00ec l'evento \u201c1 Health 4 All\u201d","_links":{"self":[{"href":"https:\/\/imagazine.it\/home_desk\/wp-json\/wp\/v2\/posts\/39088","targetHints":{"allow":["GET"]}}],"collection":[{"href":"https:\/\/imagazine.it\/home_desk\/wp-json\/wp\/v2\/posts"}],"about":[{"href":"https:\/\/imagazine.it\/home_desk\/wp-json\/wp\/v2\/types\/post"}],"author":[{"embeddable":true,"href":"https:\/\/imagazine.it\/home_desk\/wp-json\/wp\/v2\/users\/12"}],"replies":[{"embeddable":true,"href":"https:\/\/imagazine.it\/home_desk\/wp-json\/wp\/v2\/comments?post=39088"}],"version-history":[{"count":0,"href":"https:\/\/imagazine.it\/home_desk\/wp-json\/wp\/v2\/posts\/39088\/revisions"}],"wp:featuredmedia":[{"embeddable":true,"href":"https:\/\/imagazine.it\/home_desk\/wp-json\/wp\/v2\/media\/39089"}],"wp:attachment":[{"href":"https:\/\/imagazine.it\/home_desk\/wp-json\/wp\/v2\/media?parent=39088"}],"wp:term":[{"taxonomy":"category","embeddable":true,"href":"https:\/\/imagazine.it\/home_desk\/wp-json\/wp\/v2\/categories?post=39088"},{"taxonomy":"post_tag","embeddable":true,"href":"https:\/\/imagazine.it\/home_desk\/wp-json\/wp\/v2\/tags?post=39088"}],"curies":[{"name":"wp","href":"https:\/\/api.w.org\/{rel}","templated":true}]}}