{"id":39086,"date":"2021-05-17T00:00:00","date_gmt":"2021-05-16T23:00:00","guid":{"rendered":"https:\/\/imagazine.it\/?p=39086"},"modified":"2021-05-17T00:00:00","modified_gmt":"2021-05-16T23:00:00","slug":"lassociazione-mitteleuropa-lancia-la-sfida-per-una-rinnovata-leadership-regionale","status":"publish","type":"post","link":"https:\/\/imagazine.it\/home_desk\/lassociazione-mitteleuropa-lancia-la-sfida-per-una-rinnovata-leadership-regionale\/","title":{"rendered":"L\u2019Associazione Mitteleuropa lancia la sfida per una rinnovata leadership regionale"},"content":{"rendered":"<p> \tSi \u00e8 riunita a Grado\u00a0<strong>l\u2019assemblea annuale dell\u2019Associazione Mitteleuropa<\/strong>\u00a0per l\u2019approvazione dei bilanci e della programmazione 2021, ma soprattutto per parlare di futuro e del nuovo scenario internazionale che il Friuli Venezia Giulia deve saper cogliere per assicurarsi centralit\u00e0 culturale, istituzionale ed economica in Europa.<\/p>\n<p> \t<em>\u201cDal 1974 l\u2019associazione Mitteleuropa <\/em>\u2013 ha commentato il presidente\u00a0<strong>Paolo Petiziol<\/strong>\u00a0\u2013 <em>lavora per promuovere il dialogo culturale, economico e sociale tra i paesi centro-europei:<\/em>\u00a0<em>oggi vuole farsi portavoce di come il FVG abbia l\u2019opportunit\u00e0 di diventare fulcro delle nuove relazioni internazionali che guardano ad un\u00a0<strong>nuovo modello di Unione Europea<\/strong>\u00a0basata su obiettivi comuni e sviluppo condiviso. Non \u00e8 solo una vocazione geografica che deriva dalla posizione strategica della nostra Regione, ma\u00a0<strong>un\u2019opportunit\u00e0 reale di crescita e sviluppo<\/strong>\u201d.<\/em><\/p>\n<p> \tIl prossimo appuntamento con il\u00a0<strong>17\u00b0 Forum dell\u2019Euroregione Aquileiese<\/strong>\u00a0organizzato dall\u2019Associazione Mitteleuropa \u00e8 gi\u00e0 stato fissato (30 settembre-1 ottobre) e il titolo sar\u00e0 \u201c<em>Dall\u2019emergenza virale al vaccino culturale<\/em>\u201d dedicato a come la cultura abbia oggi opportunit\u00e0 e responsabilit\u00e0 di aiutare le comunit\u00e0 europee a superare il post pandemia.<\/p>\n<p> \t<em>\u201cIl Forum sta diventando un appuntamento internazionale sempre pi\u00f9 importante\u00a0<\/em>\u2013 ha spiegato Petiziol \u2013\u00a0<em>tanto che con mesi di anticipo sono gi\u00e0 arrivate numerose adesioni dalle cancellerie e dalle ambasciate europee. Speriamo di aver cos\u00ec colto appieno la\u00a0<strong>proposta del presidente Fedriga,<\/strong>\u00a0ovvero che il meeting diventi una Cernobbio per le relazioni con la Mitteleuropa\u201d.<\/em><\/p>\n<p> \tTra le altre attivit\u00e0 previste nel 2021 c\u2019\u00e8 anche la sempre pi\u00f9 stretta collaborazione con\u00a0<strong>Mittelfest<\/strong>\u00a0con cui \u00e8 stata firmata una convenzione triennale. Durante la prossima edizione del Festival (27 agosto \u2013 5 settembre), l\u2019Associazione Mitteleuropea organizzer\u00e0 un tavolo di lavoro internazionale dedicato ai rapporti istituzionali ed economici con la Slovenia.<\/p>\n","protected":false},"excerpt":{"rendered":"<p>In vista del Forum dell\u2019Euroregione Aquileiese<\/p>\n","protected":false},"author":12,"featured_media":39087,"comment_status":"closed","ping_status":"closed","sticky":false,"template":"","format":"standard","meta":{"dwc-title":[],"dwc-content":[],"footnotes":""},"categories":[5],"tags":[],"class_list":["post-39086","post","type-post","status-publish","format-standard","has-post-thumbnail","hentry","category-attualita"],"rttpg_featured_image_url":{"full":["https:\/\/imagazine.it\/wp-content\/uploads\/2024\/01\/40054-1.webp",1000,750,false],"landscape":["https:\/\/imagazine.it\/wp-content\/uploads\/2024\/01\/40054-1.webp",1000,750,false],"portraits":["https:\/\/imagazine.it\/wp-content\/uploads\/2024\/01\/40054-1.webp",1000,750,false],"thumbnail":["https:\/\/imagazine.it\/wp-content\/uploads\/2024\/01\/40054-1-150x150.webp",150,150,true],"medium":["https:\/\/imagazine.it\/wp-content\/uploads\/2024\/01\/40054-1-300x225.webp",300,225,true],"large":["https:\/\/imagazine.it\/wp-content\/uploads\/2024\/01\/40054-1.webp",640,480,false],"thumblist":["https:\/\/imagazine.it\/wp-content\/uploads\/2024\/01\/40054-1.webp",300,225,false],"thumbrelated":["https:\/\/imagazine.it\/wp-content\/uploads\/2024\/01\/40054-1.webp",500,375,false],"meccarouselthumb":["https:\/\/imagazine.it\/wp-content\/uploads\/2024\/01\/40054-1.webp",432,324,false],"gridsquare":["https:\/\/imagazine.it\/wp-content\/uploads\/2024\/01\/40054-1.webp",347,260,false],"tileview":["https:\/\/imagazine.it\/wp-content\/uploads\/2024\/01\/40054-1.webp",300,225,false],"1536x1536":["https:\/\/imagazine.it\/wp-content\/uploads\/2024\/01\/40054-1.webp",1000,750,false],"2048x2048":["https:\/\/imagazine.it\/wp-content\/uploads\/2024\/01\/40054-1.webp",1000,750,false],"newsup-slider-full":["https:\/\/imagazine.it\/wp-content\/uploads\/2024\/01\/40054-1-1000x720.webp",1000,720,true],"newsup-featured":["https:\/\/imagazine.it\/wp-content\/uploads\/2024\/01\/40054-1.webp",1000,750,false],"newsup-medium":["https:\/\/imagazine.it\/wp-content\/uploads\/2024\/01\/40054-1-720x380.webp",720,380,true],"tptn_thumbnail":["https:\/\/imagazine.it\/wp-content\/uploads\/2024\/01\/40054-1.webp",250,188,false],"sow-carousel-default":["https:\/\/imagazine.it\/wp-content\/uploads\/2024\/01\/40054-1-272x182.webp",272,182,true]},"rttpg_author":{"display_name":"Claudio Pizzin","author_link":"https:\/\/imagazine.it\/home_desk\/author\/pizzin\/"},"rttpg_comment":0,"rttpg_category":"<a href=\"https:\/\/imagazine.it\/home_desk\/category\/attualita\/\" rel=\"category tag\">ATTUALIT\u00c0<\/a>","rttpg_excerpt":"In vista del Forum dell\u2019Euroregione Aquileiese","_links":{"self":[{"href":"https:\/\/imagazine.it\/home_desk\/wp-json\/wp\/v2\/posts\/39086","targetHints":{"allow":["GET"]}}],"collection":[{"href":"https:\/\/imagazine.it\/home_desk\/wp-json\/wp\/v2\/posts"}],"about":[{"href":"https:\/\/imagazine.it\/home_desk\/wp-json\/wp\/v2\/types\/post"}],"author":[{"embeddable":true,"href":"https:\/\/imagazine.it\/home_desk\/wp-json\/wp\/v2\/users\/12"}],"replies":[{"embeddable":true,"href":"https:\/\/imagazine.it\/home_desk\/wp-json\/wp\/v2\/comments?post=39086"}],"version-history":[{"count":0,"href":"https:\/\/imagazine.it\/home_desk\/wp-json\/wp\/v2\/posts\/39086\/revisions"}],"wp:featuredmedia":[{"embeddable":true,"href":"https:\/\/imagazine.it\/home_desk\/wp-json\/wp\/v2\/media\/39087"}],"wp:attachment":[{"href":"https:\/\/imagazine.it\/home_desk\/wp-json\/wp\/v2\/media?parent=39086"}],"wp:term":[{"taxonomy":"category","embeddable":true,"href":"https:\/\/imagazine.it\/home_desk\/wp-json\/wp\/v2\/categories?post=39086"},{"taxonomy":"post_tag","embeddable":true,"href":"https:\/\/imagazine.it\/home_desk\/wp-json\/wp\/v2\/tags?post=39086"}],"curies":[{"name":"wp","href":"https:\/\/api.w.org\/{rel}","templated":true}]}}