{"id":39073,"date":"2021-05-14T00:00:00","date_gmt":"2021-05-13T23:00:00","guid":{"rendered":"https:\/\/imagazine.it\/?p=39073"},"modified":"2021-05-14T00:00:00","modified_gmt":"2021-05-13T23:00:00","slug":"trieste-riabbraccia-le-crociere-arriva-costa-luminosa","status":"publish","type":"post","link":"https:\/\/imagazine.it\/home_desk\/trieste-riabbraccia-le-crociere-arriva-costa-luminosa\/","title":{"rendered":"Trieste riabbraccia le crociere, arriva Costa Luminosa"},"content":{"rendered":"<p> \t<strong>Costa Luminosa<\/strong> \u00e8 attraccata stamattina a <strong>Trieste<\/strong>, e da qui ripartir\u00e0 domenica per la prima crociera del 2021. Destinazione Grecia, con scalo a Corf\u00f9, Atene, Mykonos e Katakolon-Olimpia.<\/p>\n<p> \tLe Rive della citt\u00e0, dove la nave \u00e8 ormeggiata, sono state interdette alla circolazione pedonale e veicolare ed \u00e8 stato predisposto anche lo spazio dove i passeggeri dovranno sottoporsi al tampone prima della partenza, una delle procedure del Costa Safety Protocol, testato ormai da mesi su tutta la flotta.<\/p>\n<p> \t&#8220;Stiamo ultimando &#8211; spiega alla Dire <strong>Mario Zanetti<\/strong>, direttore generale di Costa Crociere &#8211; i preparativi in vista della ripartenza di domenica. In particolare, grande attenzione viene riservata ai nostri rigorosi protocolli di sicurezza, che abbiamo sviluppato insieme alle autorita&#39; proprio per consentire una ripresa serena delle attivit\u00e0. Non vediamo l&#39;ora di riaccogliere i nostri ospiti a bordo e di riportare le crociere a Trieste e nell&#39;Adriatico&#8221;.<\/p>\n<p> \tUna ripartenza attesa anche dalla citt\u00e0 e dalle attivit\u00e0 economiche che da tempo ormai non vedono pi\u00f9 l&#39;arrivo dei crocieristi.<\/p>\n<p> \tLa nave infatti attracca in pieno centro, dove i turisti possono facilmente raggiungere negozi e locali della zona. A terra le procedure sanitarie e di sicurezza vengono eseguite all&#39;interno della <strong>Stazione Marittima<\/strong>, mentre a bordo Costa ricorda le misure messe in atto, come la riduzione del numero di ospiti, il test con tampone per tutti non solo prima dell&#39;imbarco ma anche a met\u00e0 crociera, cos\u00ec come per l&#39;equipaggio.<\/p>\n<p> \tInoltre verr\u00e0 effettuato il controllo della temperatura quotidiano e ogni volta che si scende e si rientra in nave, o quando si accede ai ristoranti. La visita delle destinazioni sar\u00e0 solo con escursioni protette, mentre \u00e8 costante la sanificazione dei vari ambienti.<\/p>\n","protected":false},"excerpt":{"rendered":"<p>In attesa della partenza di domenica<\/p>\n","protected":false},"author":28,"featured_media":39074,"comment_status":"closed","ping_status":"closed","sticky":false,"template":"","format":"standard","meta":{"dwc-title":[],"dwc-content":[],"footnotes":""},"categories":[8],"tags":[],"class_list":["post-39073","post","type-post","status-publish","format-standard","has-post-thumbnail","hentry","category-turismo"],"rttpg_featured_image_url":{"full":["https:\/\/imagazine.it\/wp-content\/uploads\/2024\/01\/40043-1.webp",800,600,false],"landscape":["https:\/\/imagazine.it\/wp-content\/uploads\/2024\/01\/40043-1.webp",800,600,false],"portraits":["https:\/\/imagazine.it\/wp-content\/uploads\/2024\/01\/40043-1.webp",800,600,false],"thumbnail":["https:\/\/imagazine.it\/wp-content\/uploads\/2024\/01\/40043-1-150x150.webp",150,150,true],"medium":["https:\/\/imagazine.it\/wp-content\/uploads\/2024\/01\/40043-1-300x225.webp",300,225,true],"large":["https:\/\/imagazine.it\/wp-content\/uploads\/2024\/01\/40043-1.webp",640,480,false],"thumblist":["https:\/\/imagazine.it\/wp-content\/uploads\/2024\/01\/40043-1.webp",300,225,false],"thumbrelated":["https:\/\/imagazine.it\/wp-content\/uploads\/2024\/01\/40043-1.webp",500,375,false],"meccarouselthumb":["https:\/\/imagazine.it\/wp-content\/uploads\/2024\/01\/40043-1.webp",432,324,false],"gridsquare":["https:\/\/imagazine.it\/wp-content\/uploads\/2024\/01\/40043-1.webp",347,260,false],"tileview":["https:\/\/imagazine.it\/wp-content\/uploads\/2024\/01\/40043-1.webp",300,225,false],"1536x1536":["https:\/\/imagazine.it\/wp-content\/uploads\/2024\/01\/40043-1.webp",800,600,false],"2048x2048":["https:\/\/imagazine.it\/wp-content\/uploads\/2024\/01\/40043-1.webp",800,600,false],"newsup-slider-full":["https:\/\/imagazine.it\/wp-content\/uploads\/2024\/01\/40043-1.webp",800,600,false],"newsup-featured":["https:\/\/imagazine.it\/wp-content\/uploads\/2024\/01\/40043-1.webp",800,600,false],"newsup-medium":["https:\/\/imagazine.it\/wp-content\/uploads\/2024\/01\/40043-1-720x380.webp",720,380,true],"tptn_thumbnail":["https:\/\/imagazine.it\/wp-content\/uploads\/2024\/01\/40043-1.webp",250,188,false],"sow-carousel-default":["https:\/\/imagazine.it\/wp-content\/uploads\/2024\/01\/40043-1-272x182.webp",272,182,true]},"rttpg_author":{"display_name":"redazione","author_link":"https:\/\/imagazine.it\/home_desk\/author\/redazione\/"},"rttpg_comment":0,"rttpg_category":"<a href=\"https:\/\/imagazine.it\/home_desk\/category\/turismo\/\" rel=\"category tag\">TURISMO<\/a>","rttpg_excerpt":"In attesa della partenza di domenica","_links":{"self":[{"href":"https:\/\/imagazine.it\/home_desk\/wp-json\/wp\/v2\/posts\/39073","targetHints":{"allow":["GET"]}}],"collection":[{"href":"https:\/\/imagazine.it\/home_desk\/wp-json\/wp\/v2\/posts"}],"about":[{"href":"https:\/\/imagazine.it\/home_desk\/wp-json\/wp\/v2\/types\/post"}],"author":[{"embeddable":true,"href":"https:\/\/imagazine.it\/home_desk\/wp-json\/wp\/v2\/users\/28"}],"replies":[{"embeddable":true,"href":"https:\/\/imagazine.it\/home_desk\/wp-json\/wp\/v2\/comments?post=39073"}],"version-history":[{"count":0,"href":"https:\/\/imagazine.it\/home_desk\/wp-json\/wp\/v2\/posts\/39073\/revisions"}],"wp:featuredmedia":[{"embeddable":true,"href":"https:\/\/imagazine.it\/home_desk\/wp-json\/wp\/v2\/media\/39074"}],"wp:attachment":[{"href":"https:\/\/imagazine.it\/home_desk\/wp-json\/wp\/v2\/media?parent=39073"}],"wp:term":[{"taxonomy":"category","embeddable":true,"href":"https:\/\/imagazine.it\/home_desk\/wp-json\/wp\/v2\/categories?post=39073"},{"taxonomy":"post_tag","embeddable":true,"href":"https:\/\/imagazine.it\/home_desk\/wp-json\/wp\/v2\/tags?post=39073"}],"curies":[{"name":"wp","href":"https:\/\/api.w.org\/{rel}","templated":true}]}}