{"id":39071,"date":"2021-05-14T00:00:00","date_gmt":"2021-05-13T23:00:00","guid":{"rendered":"https:\/\/imagazine.it\/?p=39071"},"modified":"2021-05-14T00:00:00","modified_gmt":"2021-05-13T23:00:00","slug":"staranzano-la-villa-romana-volano-per-il-turismo","status":"publish","type":"post","link":"https:\/\/imagazine.it\/home_desk\/staranzano-la-villa-romana-volano-per-il-turismo\/","title":{"rendered":"Staranzano, la Villa romana vol\u00e0no per il turismo"},"content":{"rendered":"<p> \tL\u2019Amministrazione comunale di Staranzano ha ottenuto un contributo regionale per la <strong>Villa romana della \u201cLiberta Peticia\u201d<\/strong>, una delle dimore dislocate lungo la via consolare che congiungeva l\u2019antica Aquileia a Tergeste.<\/p>\n<p> \tIl progetto prevede la valorizzazione del patrimonio storico ed etnografico e si realizzer\u00e0 attraverso studi e ricerche storiche, nonch\u00e9 attraverso progetti finalizzati alla realizzazione di registrazioni di testimonianze, digitalizzazione, ripristino di materiale audiovisivo e fotografico, creazione di prodotti multimediali, fotografici, storytelling e attivit\u00e0 espositive.<\/p>\n<p> \tA darne notizia \u00e8 l&#39;assessore alla cultura, politiche giovanili e pari opportunit\u00e0 del Comune di Staranzano, <strong>Roberta Russi<\/strong>.\u00a0<br \/> \t<strong>Assessore, in cosa consiste il progetto presentato dal Comune e che la Regione finanzier\u00e0 al 100%? <\/strong><\/p>\n<p> \t\u201cIl progetto \u00e8 stato scritto assieme ai partner e alle associazioni del territorio e consiste nella creazione di un sito web della Villa Romana e si svilupper\u00e0 in pi\u00f9 fasi. La prima prevede organizzazione, ricerca e scrittura dei contenuti, la ricerca e l\u2019organizzazione del materiale esistente in letteratura sulla villa romana: testi, pubblicazioni, articoli, foto, video, testimonianze, utili per il progetto. \u00c8 importante prevedere un incontro con gli esperti storici e archeologi che hanno sviluppato studi e ricerche sulla villa, per poter strutturare l\u2019informazione e creare la narrativa strategica del progetto\u201d.<\/p>\n<p> \t<strong>La seconda fase, invece?<\/strong><\/p>\n<p> \t\u201cRiguarder\u00e0 la produzione dei contenuti multimediali, attraverso la registrazione di interviste audio\/video a esperti storici della villa da effettuare in loco, oltre alla produzione e post produzione di fotografie e mini clip video della villa romana. La terza fase sar\u00e0 invece la pubblicazione dei contenuti sul sito dedicato. Infine ci concentreremo sulla promozione: dai mass media alle scuole, fino alle pubbliche amministrazioni e agli enti preposti\u201d.<\/p>\n<p> \t<strong>Questo sar\u00e0 il primo passo di un pi\u00f9 ampio percorso di riqualificazione della Villa: quali altre novit\u00e0 saranno previste?<\/strong><\/p>\n<p> \t\u201cStiamo ragionando sull\u2019eventuale realizzazione di un archivio digitale della villa romana per la consultazione delle opere e promozione attraverso i portali web della pubblica amministrazione e la rete bibliotecaria e archivistica. Vogliano inoltre organizzare un evento promozionale in loco con la presenza di artisti musicali che si avvalgono di tecniche multimediali. Puntiamo a creare un\u2019esperienza multimediale che promuova la visita della villa romana e del sito web dedicato e che nel contempo dia lo spunto per un percorso di valorizzazione culturale, didattico ed educativo e turistico del sito a livello regionale\u201d.<\/p>\n<p> \t<strong>Il rilancio culturale della Villa Romana potr\u00e0 avere ripercussioni positive anche sul fronte turistico? <\/strong><\/p>\n<p> \t\u201cIl progetto ben si innesta con le volont\u00e0 del Comune di Staranzano e delle associazioni partecipanti (partner e collaboratori) di valorizzare la villa quale patrimonio storico e archeologico. Intende anche studiare l\u2019etnografia, l\u2019antropologia legata alle gens che hanno vissuto il nostro territorio e trovarne affinit\u00e0 derivate fino ai giorni nostri. Gli obiettivi sono principalmente quelli di far conoscere il sito archeologico oltre i confini territoriali e di promuoverne la visita sia virtuale che fisica. Tramite il sito web dedicato, infatti, si potranno sia sponsorizzare le attivit\u00e0 didattiche sia le visite culturali che gli eventi musicali, multimediali e teatrali. Due partner del progetto attuale &#8211; la Pro Loco di Staranzano e la Societ\u00e0 Friulana di Archeologia Odv (sezione isontina) &#8211; da sempre collaborano assieme alla Biblioteca comunale organizzando passeggiate e visite conoscitive presso la villa romana. Inoltre, ogni anno assieme ad altre associazioni, programmano una serie di <u><a href=\"https:\/\/www.archeocartafvg.it\/portfolio- articoli\/staranzano-go-villa-romana-della-libertapeticia\/\" target=\"_blank\" rel=\"noopener\"><span style=\"color:#0000ff;\">iniziative culturali di avvicinamento all\u2019archeologia e alla storia romana<\/span><\/a><\/u>, che solitamente si tengono nella tarda primavera e nell\u2019estate, all\u2019aperto, sia nella villa che nei pressi della limitrofa Biblioteca comunale, con visita dedicata\u201d.<\/p>\n<p> \t<strong>Un progetto che coinvolge numerose realt\u00e0.<\/strong><\/p>\n<p> \t\u201cIl Comune di Staranzano \u00e8 tra i comuni fondatori del Consorzio Culturale del Monfalconese con il quale collabora costantemente per la valorizzazione dei beni archeologici, storico culturali presenti sul territorio. Grazie ai progetti dell\u2019Eco Museo, Itinerari storici e al progetto Territori, il Consorzio ha inserito nel proprio sito web schede storiche e illustrative della villa romana della liberta Peticia, inserendola tra gli <u><a href=\"http:\/\/www.storija.info\/cms\/data\/pages\/000001.aspx\" target=\"_blank\" rel=\"noopener\"><span style=\"color:#0000ff;\">itinerari storici tra Carso e Isonzo<\/span><\/a>&#8220;<\/u>.<\/p>\n<p> \t<strong>Tornando al progetto finanziato dal bando regionale, quali saranno le tempistiche e le modalit\u00e0 per la sua attuazione?<\/strong><\/p>\n<p> \t\u201cIl termine della rendicontazione \u00e8 stato posto dalla Regione FVG per la fine di giugno 2022. Viene dato un anno abbondante per la realizzazione del progetto. Le modalit\u00e0 e i tempi sono legati ai partner e ai collaboratori partecipanti che ci supportano in questo viaggio\u201d.<\/p>\n","protected":false},"excerpt":{"rendered":"<p>Nuovo progetto finanziato dalla Regione<\/p>\n","protected":false},"author":22,"featured_media":39072,"comment_status":"closed","ping_status":"closed","sticky":false,"template":"","format":"standard","meta":{"dwc-title":[],"dwc-content":[],"footnotes":""},"categories":[8],"tags":[],"class_list":["post-39071","post","type-post","status-publish","format-standard","has-post-thumbnail","hentry","category-turismo"],"rttpg_featured_image_url":{"full":["https:\/\/imagazine.it\/wp-content\/uploads\/2024\/01\/40033-1.webp",1000,750,false],"landscape":["https:\/\/imagazine.it\/wp-content\/uploads\/2024\/01\/40033-1.webp",1000,750,false],"portraits":["https:\/\/imagazine.it\/wp-content\/uploads\/2024\/01\/40033-1.webp",1000,750,false],"thumbnail":["https:\/\/imagazine.it\/wp-content\/uploads\/2024\/01\/40033-1-150x150.webp",150,150,true],"medium":["https:\/\/imagazine.it\/wp-content\/uploads\/2024\/01\/40033-1-300x225.webp",300,225,true],"large":["https:\/\/imagazine.it\/wp-content\/uploads\/2024\/01\/40033-1.webp",640,480,false],"thumblist":["https:\/\/imagazine.it\/wp-content\/uploads\/2024\/01\/40033-1.webp",300,225,false],"thumbrelated":["https:\/\/imagazine.it\/wp-content\/uploads\/2024\/01\/40033-1.webp",500,375,false],"meccarouselthumb":["https:\/\/imagazine.it\/wp-content\/uploads\/2024\/01\/40033-1.webp",432,324,false],"gridsquare":["https:\/\/imagazine.it\/wp-content\/uploads\/2024\/01\/40033-1.webp",347,260,false],"tileview":["https:\/\/imagazine.it\/wp-content\/uploads\/2024\/01\/40033-1.webp",300,225,false],"1536x1536":["https:\/\/imagazine.it\/wp-content\/uploads\/2024\/01\/40033-1.webp",1000,750,false],"2048x2048":["https:\/\/imagazine.it\/wp-content\/uploads\/2024\/01\/40033-1.webp",1000,750,false],"newsup-slider-full":["https:\/\/imagazine.it\/wp-content\/uploads\/2024\/01\/40033-1-1000x720.webp",1000,720,true],"newsup-featured":["https:\/\/imagazine.it\/wp-content\/uploads\/2024\/01\/40033-1.webp",1000,750,false],"newsup-medium":["https:\/\/imagazine.it\/wp-content\/uploads\/2024\/01\/40033-1-720x380.webp",720,380,true],"tptn_thumbnail":["https:\/\/imagazine.it\/wp-content\/uploads\/2024\/01\/40033-1.webp",250,188,false],"sow-carousel-default":["https:\/\/imagazine.it\/wp-content\/uploads\/2024\/01\/40033-1-272x182.webp",272,182,true]},"rttpg_author":{"display_name":"Livio Nonis","author_link":"https:\/\/imagazine.it\/home_desk\/author\/nonis\/"},"rttpg_comment":0,"rttpg_category":"<a href=\"https:\/\/imagazine.it\/home_desk\/category\/turismo\/\" rel=\"category tag\">TURISMO<\/a>","rttpg_excerpt":"Nuovo progetto finanziato dalla Regione","_links":{"self":[{"href":"https:\/\/imagazine.it\/home_desk\/wp-json\/wp\/v2\/posts\/39071","targetHints":{"allow":["GET"]}}],"collection":[{"href":"https:\/\/imagazine.it\/home_desk\/wp-json\/wp\/v2\/posts"}],"about":[{"href":"https:\/\/imagazine.it\/home_desk\/wp-json\/wp\/v2\/types\/post"}],"author":[{"embeddable":true,"href":"https:\/\/imagazine.it\/home_desk\/wp-json\/wp\/v2\/users\/22"}],"replies":[{"embeddable":true,"href":"https:\/\/imagazine.it\/home_desk\/wp-json\/wp\/v2\/comments?post=39071"}],"version-history":[{"count":0,"href":"https:\/\/imagazine.it\/home_desk\/wp-json\/wp\/v2\/posts\/39071\/revisions"}],"wp:featuredmedia":[{"embeddable":true,"href":"https:\/\/imagazine.it\/home_desk\/wp-json\/wp\/v2\/media\/39072"}],"wp:attachment":[{"href":"https:\/\/imagazine.it\/home_desk\/wp-json\/wp\/v2\/media?parent=39071"}],"wp:term":[{"taxonomy":"category","embeddable":true,"href":"https:\/\/imagazine.it\/home_desk\/wp-json\/wp\/v2\/categories?post=39071"},{"taxonomy":"post_tag","embeddable":true,"href":"https:\/\/imagazine.it\/home_desk\/wp-json\/wp\/v2\/tags?post=39071"}],"curies":[{"name":"wp","href":"https:\/\/api.w.org\/{rel}","templated":true}]}}