{"id":39065,"date":"2021-05-14T00:00:00","date_gmt":"2021-05-13T23:00:00","guid":{"rendered":"https:\/\/imagazine.it\/?p=39065"},"modified":"2021-05-14T00:00:00","modified_gmt":"2021-05-13T23:00:00","slug":"monfalcone-e-la-sua-storia-in-16-fotografie","status":"publish","type":"post","link":"https:\/\/imagazine.it\/home_desk\/monfalcone-e-la-sua-storia-in-16-fotografie\/","title":{"rendered":"Monfalcone e la sua storia in 16 fotografie"},"content":{"rendered":"<p> \tUna storia che si perde nel tempo, vicende di portata epocale e la ricchezza culturale che la caratterizzano sono il filo conduttore di una serie di immagini dei fotografi dell\u2019<strong>Associazione<\/strong> <strong>Obbiettivo Immagine<\/strong> e dell\u2019<strong>Associazione<\/strong> <strong>monfalconese Lacus Timavi<\/strong> volta a delineare il profilo della citt\u00e0 di <strong>Monfalcone<\/strong> in una mostra permanente allestita nell\u2019atrio del <strong>palazzo municipale<\/strong> (orari di apertura al pubblico: dal luned\u00ec al venerd\u00ec dalle ore 9 alle 13, luned\u00ec e mercoled\u00ec dalle ore 15 alle ore 17.30, per informazioni Ufficio Urp tel. 0481 494280).<\/p>\n<p> \tCurata da <strong>Flavio Snidero<\/strong>, vicepresidente di Obbiettivo Immagine e autore di alcune delle fotografie esposte, la mostra \u00e8 stata inaugurata dalla sindaca <strong>Anna Maria Cisint<\/strong>.<\/p>\n<p> \t\u201cL\u2019idea di questa esposizione permanente\u00a0\u2013 ha affermato la prima cittadina \u2013 \u00e8 nata dal successo ottenuto dalla mostra fotografica \u2018Una Storia per Immagini\u2019, tenutasi al Museo della Cantieristica tra maggio e giugno 2020 nell&#39;ambito del progetto \u2018Sotto Monfalcone &#8211; Alla scoperta della citt\u00e0 e del territorio tra Timavo e Isonzo\u2019 e s\u2019inserisce nel percorso di valorizzazione dei nostri siti storici e culturali di interesse turistico come una vetrina capace di rappresentare sinteticamente le eccellenze del nostro territorio\u201d.<\/p>\n<p> \tSedici le riproduzioni fotografiche che hanno a soggetto le realt\u00e0 pi\u00f9 rappresentative della citt\u00e0: la <strong>Rocca<\/strong> di Monfalcone, il <strong>Leone di San Marco<\/strong>, il <strong>mosaico romano<\/strong> conservato nel cortile del <strong>Palazzetto Veneto<\/strong>, la <strong>Nave romana<\/strong> ritrovata nella zona del Lisert (attualmente al Museo Archeologico Nazionale di Aquileia), le <strong>Terme romane<\/strong> e la fonte termale sotterranea, il <strong>Castelliere della Rocca<\/strong> (veduta aerea), il <strong>Palazzo del Municipio<\/strong>, il <strong>Palazzo dell&#39;ex Pretura<\/strong>, la <strong>Villa per dirigenti del Cantiere<\/strong> con l&#39;ex ferrovia, il <strong>Campo sportivo di Panzano<\/strong>, l&#39;<strong>ex<\/strong> <strong>Albergo impiegati<\/strong>, il <strong>Museo della Cantieristica<\/strong> (gi\u00e0 Albergo operai), le case operaie del <strong>Villaggio di Panzano<\/strong> con il monumento dedicato alle Vittime dell&#39;amianto, due immagini rappresentative del <strong>Parco tematico della Grande Guerra<\/strong>.<\/p>\n<p> \tIl progetto di allestimento \u2013 a cura di <strong>Flavio Snidero<\/strong> per Obbiettivo Immagine \u2013 \u00e8 caratterizzato da 16 riproduzioni 40 x 60 centimetri, con stampa realizzata ad alta qualit\u00e0 (Fine Art Gicl\u00e9e) da ArtOK, montate su altrettanti pannelli di dimensione 50 x70 cm ed \u00e8 completato da due pannelli esplicativi (grafica di <strong>Carlotta Amantini<\/strong>). I fotografi sono <strong>Alessandro Travain. Ermes Cabas, Mario Pierro, Flavio Snidero, Andrea Fasolo, Massimo Gargaloni, Liviana Bergamo<\/strong>.<\/p>\n","protected":false},"excerpt":{"rendered":"<p>Inaugurata la mostra nell\u2019atrio del palazzo municipale<\/p>\n","protected":false},"author":28,"featured_media":39066,"comment_status":"closed","ping_status":"closed","sticky":false,"template":"","format":"standard","meta":{"dwc-title":[],"dwc-content":[],"footnotes":""},"categories":[37],"tags":[],"class_list":["post-39065","post","type-post","status-publish","format-standard","has-post-thumbnail","hentry","category-cultura-e-spettacolo"],"rttpg_featured_image_url":{"full":["https:\/\/imagazine.it\/wp-content\/uploads\/2024\/01\/40013-1.webp",640,427,false],"landscape":["https:\/\/imagazine.it\/wp-content\/uploads\/2024\/01\/40013-1.webp",640,427,false],"portraits":["https:\/\/imagazine.it\/wp-content\/uploads\/2024\/01\/40013-1.webp",640,427,false],"thumbnail":["https:\/\/imagazine.it\/wp-content\/uploads\/2024\/01\/40013-1-150x150.webp",150,150,true],"medium":["https:\/\/imagazine.it\/wp-content\/uploads\/2024\/01\/40013-1-300x200.webp",300,200,true],"large":["https:\/\/imagazine.it\/wp-content\/uploads\/2024\/01\/40013-1.webp",640,427,false],"thumblist":["https:\/\/imagazine.it\/wp-content\/uploads\/2024\/01\/40013-1.webp",300,200,false],"thumbrelated":["https:\/\/imagazine.it\/wp-content\/uploads\/2024\/01\/40013-1.webp",500,334,false],"meccarouselthumb":["https:\/\/imagazine.it\/wp-content\/uploads\/2024\/01\/40013-1.webp",474,316,false],"gridsquare":["https:\/\/imagazine.it\/wp-content\/uploads\/2024\/01\/40013-1.webp",391,260,false],"tileview":["https:\/\/imagazine.it\/wp-content\/uploads\/2024\/01\/40013-1.webp",300,200,false],"1536x1536":["https:\/\/imagazine.it\/wp-content\/uploads\/2024\/01\/40013-1.webp",640,427,false],"2048x2048":["https:\/\/imagazine.it\/wp-content\/uploads\/2024\/01\/40013-1.webp",640,427,false],"newsup-slider-full":["https:\/\/imagazine.it\/wp-content\/uploads\/2024\/01\/40013-1.webp",640,427,false],"newsup-featured":["https:\/\/imagazine.it\/wp-content\/uploads\/2024\/01\/40013-1.webp",640,427,false],"newsup-medium":["https:\/\/imagazine.it\/wp-content\/uploads\/2024\/01\/40013-1-640x380.webp",640,380,true],"tptn_thumbnail":["https:\/\/imagazine.it\/wp-content\/uploads\/2024\/01\/40013-1.webp",250,167,false],"sow-carousel-default":["https:\/\/imagazine.it\/wp-content\/uploads\/2024\/01\/40013-1-272x182.webp",272,182,true]},"rttpg_author":{"display_name":"redazione","author_link":"https:\/\/imagazine.it\/home_desk\/author\/redazione\/"},"rttpg_comment":0,"rttpg_category":"<a href=\"https:\/\/imagazine.it\/home_desk\/category\/cultura-e-spettacolo\/\" rel=\"category tag\">CULTURA&amp;SPETTACOLO<\/a>","rttpg_excerpt":"Inaugurata la mostra nell\u2019atrio del palazzo municipale","_links":{"self":[{"href":"https:\/\/imagazine.it\/home_desk\/wp-json\/wp\/v2\/posts\/39065","targetHints":{"allow":["GET"]}}],"collection":[{"href":"https:\/\/imagazine.it\/home_desk\/wp-json\/wp\/v2\/posts"}],"about":[{"href":"https:\/\/imagazine.it\/home_desk\/wp-json\/wp\/v2\/types\/post"}],"author":[{"embeddable":true,"href":"https:\/\/imagazine.it\/home_desk\/wp-json\/wp\/v2\/users\/28"}],"replies":[{"embeddable":true,"href":"https:\/\/imagazine.it\/home_desk\/wp-json\/wp\/v2\/comments?post=39065"}],"version-history":[{"count":0,"href":"https:\/\/imagazine.it\/home_desk\/wp-json\/wp\/v2\/posts\/39065\/revisions"}],"wp:featuredmedia":[{"embeddable":true,"href":"https:\/\/imagazine.it\/home_desk\/wp-json\/wp\/v2\/media\/39066"}],"wp:attachment":[{"href":"https:\/\/imagazine.it\/home_desk\/wp-json\/wp\/v2\/media?parent=39065"}],"wp:term":[{"taxonomy":"category","embeddable":true,"href":"https:\/\/imagazine.it\/home_desk\/wp-json\/wp\/v2\/categories?post=39065"},{"taxonomy":"post_tag","embeddable":true,"href":"https:\/\/imagazine.it\/home_desk\/wp-json\/wp\/v2\/tags?post=39065"}],"curies":[{"name":"wp","href":"https:\/\/api.w.org\/{rel}","templated":true}]}}