{"id":39063,"date":"2021-05-14T00:00:00","date_gmt":"2021-05-13T23:00:00","guid":{"rendered":"https:\/\/imagazine.it\/?p=39063"},"modified":"2021-05-14T00:00:00","modified_gmt":"2021-05-13T23:00:00","slug":"gradisca-il-teatro-riparte-a-ritmo-di-tango","status":"publish","type":"post","link":"https:\/\/imagazine.it\/home_desk\/gradisca-il-teatro-riparte-a-ritmo-di-tango\/","title":{"rendered":"Gradisca, il teatro riparte a ritmo di tango"},"content":{"rendered":"<p> \tIl <strong>Nuovo Teatro Comunale<\/strong> di <strong>Gradisca d\u2019Isonzo<\/strong> \u00e8 pronto ad alzare il sipario il prossimo 28 maggio.<\/p>\n<p> \tNel programma, che si sviluppa fino a luglio, sei appuntamenti, alcuni in doppia recita, in cui trovano spazio la danza e la musica dal vivo.<\/p>\n<p> \tSpazio alla musica e alla danza nel cartellone, e attenzione alle proposte regionali. Si parte il <strong>28 e il 29 maggio<\/strong> sulle note del tango di <em>Noches de Buenos Aires<\/em> per proseguire il 10 e l\u201911 giugno con l\u2019ironia di <strong>Paolo Hendel<\/strong> in <em>La giovinezza \u00e8 sopravvalutata<\/em>.<\/p>\n<p> \tIl 18 giugno le stelle della danza <strong>Anbeta Toromani, Alessandro Macario<\/strong> e <strong>Amilcar Moret Gonzalez<\/strong> danzano accompagnati al pianoforte dalla giovane <strong>Costanza Principe<\/strong> in <em>Preludes<\/em>.<\/p>\n<p> \tIl bestseller <em>Gli uomini vengono da Marte, le donne da Venere<\/em> \u00e8 per la prima volta messo in scena da una donna, <strong>Debora Villa<\/strong>, il 30 giugno e 1\u00b0 luglio.<\/p>\n<p> \tIl progetto regionale <em>#voltalacarta<\/em> capitanato dal frontman <strong>Simone Bertogna<\/strong> presenta un omaggio a Fabrizio De Andr\u00e8 il 9 luglio, mentre chiude il programma <strong>Ariella Reggio<\/strong> con la sua <em>Ottantena<\/em>, regia di <strong>Davide Calabrese<\/strong> (il 22 e il 23 luglio).<\/p>\n<p> \tIl programma si arricchir\u00e0 di una rassegna di spettacoli dedicati ai pi\u00f9 piccoli, in Corte Marco D\u2019Aviano, ogni luned\u00ec a partire dal 28 giugno.<\/p>\n<p> \tLa biglietteria del Nuovo Teatro di Gradisca (0481 969753) sar\u00e0 aperta da sabato 15 a gioved\u00ec 27 maggio, dal luned\u00ec al venerd\u00ec dalle ore 17 alle ore 19, il sabato dalle ore 10.30 alle ore 12.30; da marted\u00ec 1 giugno a sabato 17 luglio, ogni marted\u00ec dalle ore 17 alle ore 19, ogni sabato dalle ore 10.30 alle ore 12.30, anche da un\u2019ora prima di ogni rappresentazione. Gli spettacoli inizieranno alle <strong>ore 20<\/strong>, per permettere a tutto il pubblico di rientrare a casa prima del coprifuoco ad oggi in vigore. Qualora la normativa variasse, il pubblico sar\u00e0 avvisato tempestivamente dei nuovi orari. L\u2019ingresso a Teatro \u00e8 consentito indossando sempre la mascherina chirurgica o superiore.<\/p>\n<p> \tGli spettacoli sospesi a causa del lockdown (\u2018Noches de Buenos Aires\u2019, \u2018La giovinezza \u00e8 sopravvalutata\u2019, \u2018Preludes\u2019, \u2018Gli uomini vengono da Marte, gli uomini da Venere\u2019) sono stati nuovamente riprogrammati. Rimangono validi per queste recite gli abbonamenti e i biglietti gi\u00e0 acquistati. Chi avesse gi\u00e0 confermato il proprio posto alle recite in occasione della campagna abbonamenti lo scorso ottobre, potr\u00e0 presentarsi in Teatro la sera dello spettacolo, in base al turno assegnatogli. Chi non avesse confermato il proprio posto, potr\u00e0 farlo contattando la biglietteria entro sabato 12 giugno negli orari indicati.<\/p>\n<p> \t\u201cLa pandemia &#8211; afferma <strong>Walter Mramor<\/strong>, direttore artistico di Artisti Associati &#8211; ha segnato profondamente la societ\u00e0. C\u2019\u00e8 molto da ricostruire. Credo che la cultura e il teatro possano giocare un ruolo importante in questa fase, prima di tutto contribuendo al benessere delle persone. Ecco perch\u00e9 abbiamo scelto proposte briose e coinvolgenti, includendo la musica e la danza che sono potentissimi veicoli di emozioni.\u201d<\/p>\n<p> \t\u201c\u00c8 enorme il piacere &#8211; fa eco la sindaca <strong>Linda Tomasinsig<\/strong> &#8211; nel poter annunciare la ripresa dell&#39;attivit\u00e0 teatrale a Gradisca con la speciale stagione estiva 2021, pensata per riportare al Nuovo Teatro Comunale sia l&#39;affezionato pubblico degli abbonati che, auspichiamo, nuovi spettatori. La proposta di ArtistiAssociati permetter\u00e0 di recuperare le serate gi\u00e0 previste nella programmazione 2019-2020 e di venire ad applaudire nuovi amici dallo straordinario talento, sia in sala che, per il pubblico pi\u00f9 giovane, nella accogliente cornice di corte Marco D&#39;Aviano. L\u2019attesa \u00e8 stata tanta e ora \u00e8 forte il desiderio di ritrovarci e di riprenderci qualche momento di buon teatro\u2019.<\/p>\n<p> \tPer ulteriori informazioni: <u><a href=\"http:\/\/www.artistiassociatigorizia.it\/\" target=\"_blank\" rel=\"noopener\"><span style=\"color:#0000ff;\">www.artistiassociatigorizia.it<\/span><\/a><\/u>.<\/p>\n","protected":false},"excerpt":{"rendered":"<p>Ufficializzato il cartellone della ripresa<\/p>\n","protected":false},"author":28,"featured_media":39064,"comment_status":"closed","ping_status":"closed","sticky":false,"template":"","format":"standard","meta":{"dwc-title":[],"dwc-content":[],"footnotes":""},"categories":[37],"tags":[],"class_list":["post-39063","post","type-post","status-publish","format-standard","has-post-thumbnail","hentry","category-cultura-e-spettacolo"],"rttpg_featured_image_url":{"full":["https:\/\/imagazine.it\/wp-content\/uploads\/2024\/01\/40010-1.webp",850,642,false],"landscape":["https:\/\/imagazine.it\/wp-content\/uploads\/2024\/01\/40010-1.webp",850,642,false],"portraits":["https:\/\/imagazine.it\/wp-content\/uploads\/2024\/01\/40010-1.webp",850,642,false],"thumbnail":["https:\/\/imagazine.it\/wp-content\/uploads\/2024\/01\/40010-1-150x150.webp",150,150,true],"medium":["https:\/\/imagazine.it\/wp-content\/uploads\/2024\/01\/40010-1-300x227.webp",300,227,true],"large":["https:\/\/imagazine.it\/wp-content\/uploads\/2024\/01\/40010-1.webp",640,483,false],"thumblist":["https:\/\/imagazine.it\/wp-content\/uploads\/2024\/01\/40010-1.webp",300,227,false],"thumbrelated":["https:\/\/imagazine.it\/wp-content\/uploads\/2024\/01\/40010-1.webp",500,378,false],"meccarouselthumb":["https:\/\/imagazine.it\/wp-content\/uploads\/2024\/01\/40010-1.webp",429,324,false],"gridsquare":["https:\/\/imagazine.it\/wp-content\/uploads\/2024\/01\/40010-1.webp",344,260,false],"tileview":["https:\/\/imagazine.it\/wp-content\/uploads\/2024\/01\/40010-1.webp",300,227,false],"1536x1536":["https:\/\/imagazine.it\/wp-content\/uploads\/2024\/01\/40010-1.webp",850,642,false],"2048x2048":["https:\/\/imagazine.it\/wp-content\/uploads\/2024\/01\/40010-1.webp",850,642,false],"newsup-slider-full":["https:\/\/imagazine.it\/wp-content\/uploads\/2024\/01\/40010-1.webp",850,642,false],"newsup-featured":["https:\/\/imagazine.it\/wp-content\/uploads\/2024\/01\/40010-1.webp",850,642,false],"newsup-medium":["https:\/\/imagazine.it\/wp-content\/uploads\/2024\/01\/40010-1-720x380.webp",720,380,true],"tptn_thumbnail":["https:\/\/imagazine.it\/wp-content\/uploads\/2024\/01\/40010-1.webp",250,189,false],"sow-carousel-default":["https:\/\/imagazine.it\/wp-content\/uploads\/2024\/01\/40010-1-272x182.webp",272,182,true]},"rttpg_author":{"display_name":"redazione","author_link":"https:\/\/imagazine.it\/home_desk\/author\/redazione\/"},"rttpg_comment":0,"rttpg_category":"<a href=\"https:\/\/imagazine.it\/home_desk\/category\/cultura-e-spettacolo\/\" rel=\"category tag\">CULTURA&amp;SPETTACOLO<\/a>","rttpg_excerpt":"Ufficializzato il cartellone della ripresa","_links":{"self":[{"href":"https:\/\/imagazine.it\/home_desk\/wp-json\/wp\/v2\/posts\/39063","targetHints":{"allow":["GET"]}}],"collection":[{"href":"https:\/\/imagazine.it\/home_desk\/wp-json\/wp\/v2\/posts"}],"about":[{"href":"https:\/\/imagazine.it\/home_desk\/wp-json\/wp\/v2\/types\/post"}],"author":[{"embeddable":true,"href":"https:\/\/imagazine.it\/home_desk\/wp-json\/wp\/v2\/users\/28"}],"replies":[{"embeddable":true,"href":"https:\/\/imagazine.it\/home_desk\/wp-json\/wp\/v2\/comments?post=39063"}],"version-history":[{"count":0,"href":"https:\/\/imagazine.it\/home_desk\/wp-json\/wp\/v2\/posts\/39063\/revisions"}],"wp:featuredmedia":[{"embeddable":true,"href":"https:\/\/imagazine.it\/home_desk\/wp-json\/wp\/v2\/media\/39064"}],"wp:attachment":[{"href":"https:\/\/imagazine.it\/home_desk\/wp-json\/wp\/v2\/media?parent=39063"}],"wp:term":[{"taxonomy":"category","embeddable":true,"href":"https:\/\/imagazine.it\/home_desk\/wp-json\/wp\/v2\/categories?post=39063"},{"taxonomy":"post_tag","embeddable":true,"href":"https:\/\/imagazine.it\/home_desk\/wp-json\/wp\/v2\/tags?post=39063"}],"curies":[{"name":"wp","href":"https:\/\/api.w.org\/{rel}","templated":true}]}}