{"id":39059,"date":"2021-05-14T00:00:00","date_gmt":"2021-05-13T23:00:00","guid":{"rendered":"https:\/\/imagazine.it\/?p=39059"},"modified":"2021-05-14T00:00:00","modified_gmt":"2021-05-13T23:00:00","slug":"fiumicello-50-anni-di-afds","status":"publish","type":"post","link":"https:\/\/imagazine.it\/home_desk\/fiumicello-50-anni-di-afds\/","title":{"rendered":"Fiumicello, 50 anni di AFDS"},"content":{"rendered":"<p> \tOggi la sezione dei donatori di sangue dell\u2019<strong>AFDS<\/strong> <strong>di Fiumicello<\/strong> festeggia il 50\u00b0 della fondazione.<\/p>\n<p> \tInfatti i donatori di Fiumicello che si recavano a Cervignano del Friuli a donare anche su sollecitazione del presidente di quella sezione, <strong>Piero Canciani<\/strong>, una volta raggiunto il numero minimo di soci decisero di fondare una sezione anche nel proprio comune.<\/p>\n<p> \tEcco un estratto dei verbali dell\u2019assemblea della neocostituita sezione: \u201c<em>Oggi 14 maggio 1971 alle ore 21, presso la sala Pascolat di Fiumicello hanno avuto luogo le operazioni di scrutinio del costituendo Consiglio Direttivo Sezionale e dei Revisori dei Conti della Sezione AFDS di Fiumicello per il quadriennio 1971-1975. Sono presenti 25 donatori su 34 iscritti<\/em>\u201d.<\/p>\n<p> \tAlla fine di quella serata il Consiglio Direttivo si riun\u00ec per l&#39;assegnazione delle cariche sezionali che vennero cos\u00ec attribuite: presidente <strong>Giuseppe Rizzatti<\/strong>, vicepresidente <strong>Edi Battistutta<\/strong>, rappresentante dei donatori <strong>Pietro Salvador<\/strong>, segretario <strong>Tullio Bevilacqua<\/strong>, consiglieri <strong>Arturo Milocco<\/strong>, <strong>Fausto Bortolotti<\/strong>, revisori dei conti <strong>Duilio Comar<\/strong>, <strong>Firmino Dreas<\/strong> e <strong>Gastone Bianchin<\/strong>.<\/p>\n<p> \tLa consegna del labaro avvenne con una messa il 14 novembre dello stesso anno, alla presenza del presidente provinciale dell&#39;AFDS <strong>Giovanni Faleschini<\/strong>.<\/p>\n<p> \tMolti anni sono passati tra grandi soddisfazioni e ottimi risultati, ma anche momenti difficili: intatto \u00e8 per\u00f2 sempre rimasto tra i soci quello spirito solidaristico e di generosit\u00e0 che ha fatto crescere la sezione, elementi essenziali nella condotta del donatore di sangue.<\/p>\n<p> \tDopo Giuseppe Rizzatti, a cui \u00e8 succeduto per 25 anni il compianto <strong>Achille Fedel<\/strong>, il testimone \u00e8 stato passato prima a <strong>Giampaolo Tomasella<\/strong>, quindi a <strong>Claudio Pizzin<\/strong>, fino all&#39;attuale presidente <strong>Stefano Cecot<\/strong>.<\/p>\n<p> \tTra le diverse iniziative organizzate dai Direttivi in questo mezzo secolo per sensibilizzare la popolazione al dono del sangue spica l&#39;impegno profuso durante le \u201cGiornate del Donatore\u201d presso il parco Rigatti, l&#39;organizzazione di gite ed eventi culturali, la presenza nelle scuole e la promozione attraverso le famiglie.<\/p>\n<p> \tNel 2010 inoltre Fiumicello ha organizzato per la prima volta il 52\u00b0 Congresso Provinciale, grazie alla collaborazione dell&#39;Amministrazione comunale e delle associazioni, con alcuni eventi collaterali come una mostra di disegno organizzata assieme alle scuole e il concerto con il Coro Gospel del Friuli Venezia Giulia.<\/p>\n<p> \t\u201cNell\u2019esprimere grande soddisfazione per l\u2019importante traguardo raggiunto &#8211; commenta il presidente Stefano Cecot &#8211; desidero sollecitare i giovani al dono del sangue, perch\u00e9 mai come ora c\u2019\u00e8 bisogno di forze fresche per raggiungere nuovi traguardi. Viva l&#39;AFDS, viva i Donatori di Sangue\u201d.<\/p>\n<p> \tIl traguardo del cinquantesimo di fondazione, viste le restrizioni per la pandemia, verr\u00e0 festeggiato con una messa celebrata presso la parrocchiale di San Valentino a Fiumicello, domenica 30 maggio.<\/p>\n","protected":false},"excerpt":{"rendered":"<p>14 maggio 1971-14 maggio 2021<\/p>\n","protected":false},"author":12,"featured_media":39060,"comment_status":"closed","ping_status":"closed","sticky":false,"template":"","format":"standard","meta":{"dwc-title":[],"dwc-content":[],"footnotes":""},"categories":[5],"tags":[],"class_list":["post-39059","post","type-post","status-publish","format-standard","has-post-thumbnail","hentry","category-attualita"],"rttpg_featured_image_url":{"full":["https:\/\/imagazine.it\/wp-content\/uploads\/2024\/01\/40006-1.webp",1000,662,false],"landscape":["https:\/\/imagazine.it\/wp-content\/uploads\/2024\/01\/40006-1.webp",1000,662,false],"portraits":["https:\/\/imagazine.it\/wp-content\/uploads\/2024\/01\/40006-1.webp",1000,662,false],"thumbnail":["https:\/\/imagazine.it\/wp-content\/uploads\/2024\/01\/40006-1-150x150.webp",150,150,true],"medium":["https:\/\/imagazine.it\/wp-content\/uploads\/2024\/01\/40006-1-300x199.webp",300,199,true],"large":["https:\/\/imagazine.it\/wp-content\/uploads\/2024\/01\/40006-1.webp",640,424,false],"thumblist":["https:\/\/imagazine.it\/wp-content\/uploads\/2024\/01\/40006-1.webp",300,199,false],"thumbrelated":["https:\/\/imagazine.it\/wp-content\/uploads\/2024\/01\/40006-1.webp",500,331,false],"meccarouselthumb":["https:\/\/imagazine.it\/wp-content\/uploads\/2024\/01\/40006-1.webp",474,314,false],"gridsquare":["https:\/\/imagazine.it\/wp-content\/uploads\/2024\/01\/40006-1.webp",391,260,false],"tileview":["https:\/\/imagazine.it\/wp-content\/uploads\/2024\/01\/40006-1.webp",300,199,false],"1536x1536":["https:\/\/imagazine.it\/wp-content\/uploads\/2024\/01\/40006-1.webp",1000,662,false],"2048x2048":["https:\/\/imagazine.it\/wp-content\/uploads\/2024\/01\/40006-1.webp",1000,662,false],"newsup-slider-full":["https:\/\/imagazine.it\/wp-content\/uploads\/2024\/01\/40006-1.webp",1000,662,false],"newsup-featured":["https:\/\/imagazine.it\/wp-content\/uploads\/2024\/01\/40006-1.webp",1000,662,false],"newsup-medium":["https:\/\/imagazine.it\/wp-content\/uploads\/2024\/01\/40006-1-720x380.webp",720,380,true],"tptn_thumbnail":["https:\/\/imagazine.it\/wp-content\/uploads\/2024\/01\/40006-1.webp",250,166,false],"sow-carousel-default":["https:\/\/imagazine.it\/wp-content\/uploads\/2024\/01\/40006-1-272x182.webp",272,182,true]},"rttpg_author":{"display_name":"Claudio Pizzin","author_link":"https:\/\/imagazine.it\/home_desk\/author\/pizzin\/"},"rttpg_comment":0,"rttpg_category":"<a href=\"https:\/\/imagazine.it\/home_desk\/category\/attualita\/\" rel=\"category tag\">ATTUALIT\u00c0<\/a>","rttpg_excerpt":"14 maggio 1971-14 maggio 2021","_links":{"self":[{"href":"https:\/\/imagazine.it\/home_desk\/wp-json\/wp\/v2\/posts\/39059","targetHints":{"allow":["GET"]}}],"collection":[{"href":"https:\/\/imagazine.it\/home_desk\/wp-json\/wp\/v2\/posts"}],"about":[{"href":"https:\/\/imagazine.it\/home_desk\/wp-json\/wp\/v2\/types\/post"}],"author":[{"embeddable":true,"href":"https:\/\/imagazine.it\/home_desk\/wp-json\/wp\/v2\/users\/12"}],"replies":[{"embeddable":true,"href":"https:\/\/imagazine.it\/home_desk\/wp-json\/wp\/v2\/comments?post=39059"}],"version-history":[{"count":0,"href":"https:\/\/imagazine.it\/home_desk\/wp-json\/wp\/v2\/posts\/39059\/revisions"}],"wp:featuredmedia":[{"embeddable":true,"href":"https:\/\/imagazine.it\/home_desk\/wp-json\/wp\/v2\/media\/39060"}],"wp:attachment":[{"href":"https:\/\/imagazine.it\/home_desk\/wp-json\/wp\/v2\/media?parent=39059"}],"wp:term":[{"taxonomy":"category","embeddable":true,"href":"https:\/\/imagazine.it\/home_desk\/wp-json\/wp\/v2\/categories?post=39059"},{"taxonomy":"post_tag","embeddable":true,"href":"https:\/\/imagazine.it\/home_desk\/wp-json\/wp\/v2\/tags?post=39059"}],"curies":[{"name":"wp","href":"https:\/\/api.w.org\/{rel}","templated":true}]}}