{"id":39057,"date":"2021-05-13T00:00:00","date_gmt":"2021-05-12T23:00:00","guid":{"rendered":"https:\/\/imagazine.it\/?p=39057"},"modified":"2021-05-13T00:00:00","modified_gmt":"2021-05-12T23:00:00","slug":"vaccinazioni-nuovo-appello-di-fedriga","status":"publish","type":"post","link":"https:\/\/imagazine.it\/home_desk\/vaccinazioni-nuovo-appello-di-fedriga\/","title":{"rendered":"Vaccinazioni, nuovo appello di Fedriga"},"content":{"rendered":"<p> \t&#8220;In Friuli Venezia Giulia, grazie a una macchina organizzativa estremamente efficiente, stiamo facendo molti vaccini al giorno in totale sicurezza ma abbiamo le potenzialit\u00e0 per farne ancora di pi\u00f9. Le agende sono aperte e il nostro augurio \u00e8 che chi pu\u00f2 usufruire di questa opportunit\u00e0 lo faccia prima possibile. Lo scopo \u00e8 quello di proteggere rapidamente la nostra comunit\u00e0 per creare le condizioni affinch\u00e9 le attivit\u00e0 economiche e sociali possano riprendere regolarmente&#8221;.<\/p>\n<p> \tLo ha affermato oggi il governatore del Friuli Venezia Giulia, <strong>Massimiliano Fedriga<\/strong>, che, insieme al vice governatore con delega alla Salute, <strong>Riccardo Riccardi<\/strong>, ha fatto il punto a Trieste sulla campagna vaccinale in Friuli Venezia Giulia.<\/p>\n<p> \t&#8220;Stiamo lavorando &#8211; ha sottolineato &#8211; per far capire chiaramente a tutta la cittadinanza che l&#39;adesione alla pi\u00f9 grande campagna vaccinale della storia dell&#39;uomo rappresenta una difesa sia per il singolo individuo che per la comunit\u00e0 intera. Dobbiamo affidarci alle certezze scientifiche che forniscono garanzie ufficiali, senza seguire informazioni distorte o parziali e senza farci sopraffare dall&#39;emotivit\u00e0&#8221;.<\/p>\n<p> \tNel corso della conferenza stampa \u00e8 arrivata anche la conferma che <strong>da luned\u00ec 17 maggio<\/strong> saranno aperte le agende di prenotazione per i quarantenni, a partire da quelli <strong>nati nel 1981<\/strong>.<\/p>\n<p> \t&#8220;Quando luned\u00ec apriranno le agende per gli over 40 personalmente effettuer\u00f2 subito la prenotazione &#8211; ha annunciato Fedriga -. Per quanto riguarda l&#39;apertura a nuove fasce, seguiremo le indicazioni che ci saranno fornite dalla Struttura commissariale nazionale. Siamo convinti che a breve si potr\u00e0 dare questa possibilit\u00e0 anche a nuovi target&#8221;.<\/p>\n<p> \t&#8220;Dobbiamo puntare a una adesione massiva &#8211; ha sottolineato il governatore -. Non possiamo permetterci di tenere ferma una macchina organizzativa imponente che viene portata avanti quotidianamente con un grande sforzo da parte del nostro sistema sanitario cui deve andare tutto il nostro ringraziamento. Vogliamo aumentare il ritmo di questa macchina e stiamo valutando la possibilit\u00e0 di mettere in campo anche dei punti vaccinali itineranti per favorire ancora di pi\u00f9 la partecipazione dei cittadini&#8221;.<\/p>\n<p> \tUn passaggio dell&#39;incontro \u00e8 stato dedicato alle proposte avanzate dalla Conferenza delle Regioni in merito alla suddivisione del Paese in zone. &#8220;Innanzitutto abbiamo chiesto al Governo, che si \u00e8 dimostrato attento alle nostre posizioni, il superamento del parametro Rt. Con un miglioramento cos\u00ec importante come quello che stiamo registrando in questo periodo, questo parametro rischia infatti di essere distorsivo rispetto alla reale fotografia della diffusione della pandemia&#8221;.<\/p>\n<p> \t&#8220;Non possiamo trascurare il fatto &#8211; ha aggiunto &#8211; che far passare una Regione in zona rossa nel periodo estivo sarebbe un danno enorme per il turismo e l&#39;economia di quel territorio. Si tratta di un rischio concreto perch\u00e9, quando il numero dei contagi \u00e8 basso, ogni minimo aumento finirebbe per avere un impatto sul parametro Rt senza certificare per\u00f2 una reale situazione di pericolo&#8221;.<\/p>\n<p> \t&#8220;Crediamo inoltre che in questa fase si debba guardare con maggiore attenzione l&#39;incidenza che testimonia quanto stia effettivamente circolando il virus nei diversi territori. Con questa impostazione &#8211; conclude Fedriga &#8211; adesso il Friuli Venezia Giulia si troverebbe in zona bianca, avendo meno di 50 contagi per 100 mila abitanti&#8221;.<\/p>\n","protected":false},"excerpt":{"rendered":"<p>Da luned\u00ec via libera ai nati fino al 1981<\/p>\n","protected":false},"author":28,"featured_media":39058,"comment_status":"closed","ping_status":"closed","sticky":false,"template":"","format":"standard","meta":{"dwc-title":[],"dwc-content":[],"footnotes":""},"categories":[5],"tags":[],"class_list":["post-39057","post","type-post","status-publish","format-standard","has-post-thumbnail","hentry","category-attualita"],"rttpg_featured_image_url":{"full":["https:\/\/imagazine.it\/wp-content\/uploads\/2024\/01\/40005-1.webp",1000,669,false],"landscape":["https:\/\/imagazine.it\/wp-content\/uploads\/2024\/01\/40005-1.webp",1000,669,false],"portraits":["https:\/\/imagazine.it\/wp-content\/uploads\/2024\/01\/40005-1.webp",1000,669,false],"thumbnail":["https:\/\/imagazine.it\/wp-content\/uploads\/2024\/01\/40005-1-150x150.webp",150,150,true],"medium":["https:\/\/imagazine.it\/wp-content\/uploads\/2024\/01\/40005-1-300x201.webp",300,201,true],"large":["https:\/\/imagazine.it\/wp-content\/uploads\/2024\/01\/40005-1.webp",640,428,false],"thumblist":["https:\/\/imagazine.it\/wp-content\/uploads\/2024\/01\/40005-1.webp",300,201,false],"thumbrelated":["https:\/\/imagazine.it\/wp-content\/uploads\/2024\/01\/40005-1.webp",500,335,false],"meccarouselthumb":["https:\/\/imagazine.it\/wp-content\/uploads\/2024\/01\/40005-1.webp",474,317,false],"gridsquare":["https:\/\/imagazine.it\/wp-content\/uploads\/2024\/01\/40005-1.webp",389,260,false],"tileview":["https:\/\/imagazine.it\/wp-content\/uploads\/2024\/01\/40005-1.webp",300,201,false],"1536x1536":["https:\/\/imagazine.it\/wp-content\/uploads\/2024\/01\/40005-1.webp",1000,669,false],"2048x2048":["https:\/\/imagazine.it\/wp-content\/uploads\/2024\/01\/40005-1.webp",1000,669,false],"newsup-slider-full":["https:\/\/imagazine.it\/wp-content\/uploads\/2024\/01\/40005-1.webp",1000,669,false],"newsup-featured":["https:\/\/imagazine.it\/wp-content\/uploads\/2024\/01\/40005-1.webp",1000,669,false],"newsup-medium":["https:\/\/imagazine.it\/wp-content\/uploads\/2024\/01\/40005-1-720x380.webp",720,380,true],"tptn_thumbnail":["https:\/\/imagazine.it\/wp-content\/uploads\/2024\/01\/40005-1.webp",250,167,false],"sow-carousel-default":["https:\/\/imagazine.it\/wp-content\/uploads\/2024\/01\/40005-1-272x182.webp",272,182,true]},"rttpg_author":{"display_name":"redazione","author_link":"https:\/\/imagazine.it\/home_desk\/author\/redazione\/"},"rttpg_comment":0,"rttpg_category":"<a href=\"https:\/\/imagazine.it\/home_desk\/category\/attualita\/\" rel=\"category tag\">ATTUALIT\u00c0<\/a>","rttpg_excerpt":"Da luned\u00ec via libera ai nati fino al 1981","_links":{"self":[{"href":"https:\/\/imagazine.it\/home_desk\/wp-json\/wp\/v2\/posts\/39057","targetHints":{"allow":["GET"]}}],"collection":[{"href":"https:\/\/imagazine.it\/home_desk\/wp-json\/wp\/v2\/posts"}],"about":[{"href":"https:\/\/imagazine.it\/home_desk\/wp-json\/wp\/v2\/types\/post"}],"author":[{"embeddable":true,"href":"https:\/\/imagazine.it\/home_desk\/wp-json\/wp\/v2\/users\/28"}],"replies":[{"embeddable":true,"href":"https:\/\/imagazine.it\/home_desk\/wp-json\/wp\/v2\/comments?post=39057"}],"version-history":[{"count":0,"href":"https:\/\/imagazine.it\/home_desk\/wp-json\/wp\/v2\/posts\/39057\/revisions"}],"wp:featuredmedia":[{"embeddable":true,"href":"https:\/\/imagazine.it\/home_desk\/wp-json\/wp\/v2\/media\/39058"}],"wp:attachment":[{"href":"https:\/\/imagazine.it\/home_desk\/wp-json\/wp\/v2\/media?parent=39057"}],"wp:term":[{"taxonomy":"category","embeddable":true,"href":"https:\/\/imagazine.it\/home_desk\/wp-json\/wp\/v2\/categories?post=39057"},{"taxonomy":"post_tag","embeddable":true,"href":"https:\/\/imagazine.it\/home_desk\/wp-json\/wp\/v2\/tags?post=39057"}],"curies":[{"name":"wp","href":"https:\/\/api.w.org\/{rel}","templated":true}]}}