{"id":39054,"date":"2021-05-13T00:00:00","date_gmt":"2021-05-12T23:00:00","guid":{"rendered":"https:\/\/imagazine.it\/?p=39054"},"modified":"2021-05-13T00:00:00","modified_gmt":"2021-05-12T23:00:00","slug":"turriaco-nuovi-investimenti-per-lilluminazione-pubblica","status":"publish","type":"post","link":"https:\/\/imagazine.it\/home_desk\/turriaco-nuovi-investimenti-per-lilluminazione-pubblica\/","title":{"rendered":"Turriaco, nuovi investimenti per l&#8217;illuminazione pubblica"},"content":{"rendered":"<p> \tNella seduta della giunta comunale di <strong>Turriaco<\/strong> tenutasi mercoled\u00ec \u00e8 stato approvato un progetto generale di riqualificazione energetica, della viabilit\u00e0 cittadina e dell\u2019illuminazione pubblica che coinvolger\u00e0 diversi edifici o strade pubbliche del comune.<\/p>\n<p> \tTutto questo grazie a un finanziamento di 100.000 euro concesso dal Ministero dell\u2019Interno per l\u2019annualit\u00e0 2021 in materia di efficientamento energetico dell\u2019illuminazione pubblica, risparmio energetico di immobili pubblici, installazione di impianti per la produzione di energia da fonti rinnovabili, adeguamento e messa in sicurezza di edifici del patrimonio comunale e abbattimento delle barriere architettoniche.<\/p>\n<p> \t\u201cPer questo finanziamento, a differenza di altri ricevuti nelle scorse annualit\u00e0 aventi la medesima finalit\u00e0, si \u00e8 scelto di intervenire in tante piccole o medie situazioni, per migliorare alcune situazioni puntuali sulle quali non si era riusciti ad intervenire in passato\u201d, spiega l\u2019assessore ai Lavori Pubblici <strong>Nicola Pieri<\/strong>.<\/p>\n<p> \t\u00c8 il caso ad esempio dell\u2019illuminazione pubblica, che va a completare il recente intervento sull\u2019area sportiva con un intervento su via San Francesco, sul passaggio pedonale che lambisce i campetti di calcio a cinque e sui giardini Hack, illuminando il quadrante riservato alle attrezzature ginniche, utilizzabili cos\u00ec anche al calar del sole. Un totale di nove nuovi punti luce posizionati ad altezze variabili fra 6 e 8 metri, in zone attualmente prive di illuminazione.<\/p>\n<p> \tPer quel che riguarda gli immobili pubblici invece si interverr\u00e0 in municipio, migliorando il sistema di apertura dei sopraluce dei serramenti esistenti nei locali archivio e biblioteca, in asilo (con la sostituzione di alcuni maniglioni antipanico), in centro civico (con la sostituzione dei ventilconvettori esistenti) e nella palazzina del centro giovani in area sportiva, con l\u2019installazione di un impianto solare termico per la produzione di acqua calda sanitaria a servizio degli spogliatoi dei campi di calcetto.<\/p>\n<p> \tInfine i lavori di messa in sicurezza di alcuni marciapiedi di via Diaz, dove \u00e8 previsto l\u2019allungamento di quelli esistenti nelle zone non servite, la sostituzione di cordonate e pavimentazione nelle zone deteriorate e la realizzazione di rampe di accesso e attraversamenti pedonali con l\u2019installazione di piastrelle tattili per la loro individuazione.<\/p>\n<p> \t\u201cUna serie di interventi \u2013 conclude Pieri \u2013 che vanno a migliorare le prestazioni energetiche degli edifici pubblici e arricchiscono l\u2019illuminazione pubblica di alcune aree del centro abitato, oltre che recepire le indicazioni relative al Piano di Eliminazione delle Barriere Architettoniche, nell\u2019ottica di limitare le spese ma al tempo stesso fornire migliori servizi ed un paese pi\u00f9 vivibile a tutta la cittadinanza\u201d.<\/p>\n","protected":false},"excerpt":{"rendered":"<p>Grazie a un finanziamento del Ministero dell&#8217;Interno<\/p>\n","protected":false},"author":22,"featured_media":39055,"comment_status":"closed","ping_status":"closed","sticky":false,"template":"","format":"standard","meta":{"dwc-title":[],"dwc-content":[],"footnotes":""},"categories":[5],"tags":[],"class_list":["post-39054","post","type-post","status-publish","format-standard","has-post-thumbnail","hentry","category-attualita"],"rttpg_featured_image_url":{"full":["https:\/\/imagazine.it\/wp-content\/uploads\/2024\/01\/40003-1.webp",1280,720,false],"landscape":["https:\/\/imagazine.it\/wp-content\/uploads\/2024\/01\/40003-1.webp",1280,720,false],"portraits":["https:\/\/imagazine.it\/wp-content\/uploads\/2024\/01\/40003-1.webp",1280,720,false],"thumbnail":["https:\/\/imagazine.it\/wp-content\/uploads\/2024\/01\/40003-1-150x150.webp",150,150,true],"medium":["https:\/\/imagazine.it\/wp-content\/uploads\/2024\/01\/40003-1-300x169.webp",300,169,true],"large":["https:\/\/imagazine.it\/wp-content\/uploads\/2024\/01\/40003-1-1024x576.webp",640,360,true],"thumblist":["https:\/\/imagazine.it\/wp-content\/uploads\/2024\/01\/40003-1.webp",300,169,false],"thumbrelated":["https:\/\/imagazine.it\/wp-content\/uploads\/2024\/01\/40003-1.webp",500,281,false],"meccarouselthumb":["https:\/\/imagazine.it\/wp-content\/uploads\/2024\/01\/40003-1.webp",474,267,false],"gridsquare":["https:\/\/imagazine.it\/wp-content\/uploads\/2024\/01\/40003-1.webp",391,220,false],"tileview":["https:\/\/imagazine.it\/wp-content\/uploads\/2024\/01\/40003-1.webp",300,169,false],"1536x1536":["https:\/\/imagazine.it\/wp-content\/uploads\/2024\/01\/40003-1.webp",1280,720,false],"2048x2048":["https:\/\/imagazine.it\/wp-content\/uploads\/2024\/01\/40003-1.webp",1280,720,false],"newsup-slider-full":["https:\/\/imagazine.it\/wp-content\/uploads\/2024\/01\/40003-1.webp",1280,720,false],"newsup-featured":["https:\/\/imagazine.it\/wp-content\/uploads\/2024\/01\/40003-1-1024x576.webp",1024,576,true],"newsup-medium":["https:\/\/imagazine.it\/wp-content\/uploads\/2024\/01\/40003-1-720x380.webp",720,380,true],"tptn_thumbnail":["https:\/\/imagazine.it\/wp-content\/uploads\/2024\/01\/40003-1.webp",250,141,false],"sow-carousel-default":["https:\/\/imagazine.it\/wp-content\/uploads\/2024\/01\/40003-1-272x182.webp",272,182,true]},"rttpg_author":{"display_name":"Livio Nonis","author_link":"https:\/\/imagazine.it\/home_desk\/author\/nonis\/"},"rttpg_comment":0,"rttpg_category":"<a href=\"https:\/\/imagazine.it\/home_desk\/category\/attualita\/\" rel=\"category tag\">ATTUALIT\u00c0<\/a>","rttpg_excerpt":"Grazie a un finanziamento del Ministero dell'Interno","_links":{"self":[{"href":"https:\/\/imagazine.it\/home_desk\/wp-json\/wp\/v2\/posts\/39054","targetHints":{"allow":["GET"]}}],"collection":[{"href":"https:\/\/imagazine.it\/home_desk\/wp-json\/wp\/v2\/posts"}],"about":[{"href":"https:\/\/imagazine.it\/home_desk\/wp-json\/wp\/v2\/types\/post"}],"author":[{"embeddable":true,"href":"https:\/\/imagazine.it\/home_desk\/wp-json\/wp\/v2\/users\/22"}],"replies":[{"embeddable":true,"href":"https:\/\/imagazine.it\/home_desk\/wp-json\/wp\/v2\/comments?post=39054"}],"version-history":[{"count":0,"href":"https:\/\/imagazine.it\/home_desk\/wp-json\/wp\/v2\/posts\/39054\/revisions"}],"wp:featuredmedia":[{"embeddable":true,"href":"https:\/\/imagazine.it\/home_desk\/wp-json\/wp\/v2\/media\/39055"}],"wp:attachment":[{"href":"https:\/\/imagazine.it\/home_desk\/wp-json\/wp\/v2\/media?parent=39054"}],"wp:term":[{"taxonomy":"category","embeddable":true,"href":"https:\/\/imagazine.it\/home_desk\/wp-json\/wp\/v2\/categories?post=39054"},{"taxonomy":"post_tag","embeddable":true,"href":"https:\/\/imagazine.it\/home_desk\/wp-json\/wp\/v2\/tags?post=39054"}],"curies":[{"name":"wp","href":"https:\/\/api.w.org\/{rel}","templated":true}]}}